{"id":9901,"date":"2019-12-27T13:53:19","date_gmt":"2019-12-27T13:53:19","guid":{"rendered":"https:\/\/quasarcomunicacion.com.ar\/web\/?p=9901"},"modified":"2019-12-27T14:42:28","modified_gmt":"2019-12-27T14:42:28","slug":"la-camara-pyme-de-pilar-firmo-convenio-con-la-utn-para-el-fortalecimiento-de-pymes-y-emprendedores-en-la-zona","status":"publish","type":"post","link":"https:\/\/quasarcomunicacion.com.ar\/web\/la-camara-pyme-de-pilar-firmo-convenio-con-la-utn-para-el-fortalecimiento-de-pymes-y-emprendedores-en-la-zona\/","title":{"rendered":"La C\u00e1mara Pyme de Pilar firm\u00f3 convenio con la UTN para el fortalecimiento de pymes y emprendedores en la zona"},"content":{"rendered":"<p>La <strong>C\u00e1mara Pyme de Pilar<\/strong> firmo un convenio con la Fundaci\u00f3n Delta (UTN) para generar oportunidades de capacitaci\u00f3n para pymes y emprendedores de la zona a partir del trabajo complementario entre ambas instituciones. De la firma participaron Julita Maristany y Leonardo Barrera, Directores de la CMP conjuntamente con las autoridades de UTN<!--more--><\/p>\n<p>Mir\u00e1 el video con la entrevista <a href=\"https:\/\/youtu.be\/7JtfBjYE8kk\"> https:\/\/youtu.be\/7JtfBjYE8kk<\/a><\/p>\n<p><iframe loading=\"lazy\" frameborder=\"0\" height=\"315\" src=\"https:\/\/www.youtube.com\/embed\/7JtfBjYE8kk\" width=\"560\"><\/iframe><\/p>\n<p>El convenio busca la colaboraci\u00f3n rec\u00edproca para la consecuci\u00f3n de proyectos de cooperaci\u00f3n en el marco del \u00e1rea de CAPACITACI\u00d3N, con el objeto de promover la formaci\u00f3n y el desarrollo personal y t\u00e9cnico de individuos de la comunidad, as\u00ed como impulsar actividades en \u00e1reas de inter\u00e9s para las partes a iniciativa de cualquiera de ellas.<\/p>\n<p>Adem\u00e1s, los socios de la C\u00e1mara tendr\u00e1n un descuento del 15% en todas las Capacitaciones y Cursos Extracurriculares que se dicten en la Sede Pilar de la Facultad Regional Delta \u2013 Universidad Tecnol\u00f3gica Nacional que se erige en el Parque Industrial Pilar.<\/p>\n<p><a href=\"https:\/\/quasarcomunicacion.com.ar\/web\/wp-content\/uploads\/2019\/12\/convenioutn.gif\"><img class=\"aligncenter\" src=\"https:\/\/quasarcomunicacion.com.ar\/web\/wp-content\/uploads\/2019\/12\/convenioutn.gif\" \/><\/a><\/p>\n<p>Tambi\u00e9n, la UTN pone a disposici\u00f3n sus instalaciones de la sede Pilar, sin costo alguno para la C\u00c1MARA, para los eventos gratuitos dirigidos a empresas y a la comunidad en general que la misma organice.<\/p>\n<p>Silvio Ferraro, presidente de la <strong>C\u00e1mara Pyme de Pilar<\/strong>, indic\u00f3 que \u00abya estamos pensando en el 2020 que comienza, con varios proyectos, los que se centran en el \u00e1rea de la capacitaci\u00f3n. La firma de este convenio con la UTN nos permitir\u00e1 unir fuerzas apuntando a pymes y emprendedores para sumar \u00e1reas t\u00e9cnicas que se direccionen a oficios o habilidades, que hoy por hoy, son muy reclamadas por el sector\u00bb.<\/p>\n<p>\u00abUno de los pilares de la C\u00e1mara es la capacitaci\u00f3n y firmar un convenio con una entidad tan prestigiosa viene a complementar todas las herramientas que normalmente damos y nos permite incorporar cuestiones mucho m\u00e1s t\u00e9cnicas accediendo a capacitaciones, que junto con las de gesti\u00f3n, ayudan mucho a nuestros emprendedores\u00bb, agreg\u00f3 Ferraro.<\/p>\n<p><a href=\"https:\/\/quasarcomunicacion.com.ar\/web\/wp-content\/uploads\/2019\/12\/ferraro.gif\"><img class=\"aligncenter\" src=\"https:\/\/quasarcomunicacion.com.ar\/web\/wp-content\/uploads\/2019\/12\/ferraro.gif\" \/><\/a><\/p>\n<p>De esta manera, luego de la firma del convenio, ambas instituciones compartir\u00e1n la lista de oferta, con la UTN poniendo a disposici\u00f3n sus instalaciones lo que a nosotros nos ayuda y nos jerarquiza\u00bb, dijo Ferraro.<\/p>\n<p>\u00abYa estamos comenzando una encuesta en donde vamos a plantear a nuestros asociados y al emprendedor en general cu\u00e1les son las \u00e1reas de inter\u00e9s, y en funci\u00f3n de eso, direccionar los temas a desarrollar. Queremos conocer el inter\u00e9s tanto en el \u00e1rea de gesti\u00f3n como en el \u00e1rea t\u00e9cnica y con los resultados vamos a diagramar las reuniones, charlas o seminarios. El 10 de marzo culminamos el relevamiento y lanzaremos el programa de capacitaciones de abril a noviembre\u00bb, complet\u00f3 el presidente de la C\u00e1mara.<br \/>\n\u00abEl convenio queda abierto a la mutua colaboraci\u00f3n, la UTN tiene herramientas muy importantes, verdaderos laboratorios de desarrollo que pueden ser muy \u00fatiles para las pymes\u00bb, finaliz\u00f3.<\/p>\n<p>La <strong>C\u00e1mara Pyme de Pilar<\/strong> busca fortalecer, promover y desarrollar la tarea empresarial por medio de la capacitaci\u00f3n y la formaci\u00f3n de nuevos contactos actuando como n\u00facleo para el desarrollo de negocios. Su propuesta tiende a obtener un crecimiento conjunto, donde las experiencias vayan enriqueciendo las posibilidades de cada empresa, respondiendo as\u00ed a las necesidades cambiantes del mercado global.<\/p>\n<p>M\u00e1s info <a href=\"https:\/\/cpymepilar.org.ar\/\"> https:\/\/cpymepilar.org.ar\/<\/a><\/p>\n<p><strong><em>Por otras im\u00e1genes, audios o entrevistas no dude en contactarse<\/em><\/strong><\/p>\n<p><strong><em> Contactos de Prensa<\/em><\/strong><\/p>\n<table width=\"100%\">\n<tbody>\n<tr>\n<td width=\"46%\"><strong> Candela Villanueva &#8211; Asistente de Cuentas<\/strong><\/p>\n<p><b> Directo<\/b><strong>: <\/strong> 0230-4664772<br \/>\n<b> Whatsapp<\/b><b>:<\/b><a href=\"https:\/\/bit.ly\/2J4cUvm\"> 11 5312 6795<\/a><br \/>\n<a href=\"https:\/\/bit.ly\/2Sn1zLP\">Enviar whatsapp aqu\u00ed<\/a><br \/>\n<b> Skype:<\/b> quasarcomunicacion<br \/>\n<b> Twitter:<\/b> @quasarpilar<br \/>\n<b> Instagram y Facebook:<\/b> @quasarcomunicacion<br \/>\n<b> Web:<\/b> <a href=\"http:\/\/www.quasarcomunicacion.com.ar\"> www.quasarcomunicacion.com.ar<\/a><b><br \/>\nMail<\/b><strong>:<\/strong> <a href=\"mailto:fernanda@quasarcomunicacion.com.ar\"> candela<\/a><a href=\"mailto:fernanda@quasarcomunicacion.com.ar\">@quasarcomunicacion.com.ar<\/a><\/td>\n<td width=\"53%\"><strong> Virginia Rodr\u00edguez Herrera<\/strong><strong> &#8211; Asistente de Cuentas<\/strong><\/p>\n<p><b> Directo<\/b><strong>: <\/strong> 0230-4664772<br \/>\n<b> Whatsapp<\/b><b>:<\/b><a href=\"https:\/\/bit.ly\/2J4cUvm\"> 11 5312 6795<\/a><br \/>\n<a href=\"https:\/\/bit.ly\/2Sn1zLP\">Enviar whatsapp aqu\u00ed<\/a><br \/>\n<b> Skype:<\/b> quasarcomunicacion<br \/>\n<b> Twitter:<\/b> @quasarpilar<br \/>\n<b> Instagram y Facebook:<\/b> @quasarcomunicacion<br \/>\n<b> Web:<\/b> <a href=\"http:\/\/www.quasarcomunicacion.com.ar\"> www.quasarcomunicacion.com.ar<\/a><b><br \/>\nMail<\/b><strong>:<\/strong> <a href=\"mailto:fernanda@quasarcomunicacion.com.ar\"> asistente@quasarcomunicacion.com.ar<\/a><\/td>\n<\/tr>\n<\/tbody>\n<\/table>\n","protected":false},"excerpt":{"rendered":"<p>La C\u00e1mara Pyme de Pilar firmo un convenio con la Fundaci\u00f3n Delta (UTN) para generar oportunidades de capacitaci\u00f3n para pymes [&hellip;]<\/p>\n","protected":false},"author":2,"featured_media":9897,"comment_status":"open","ping_status":"open","sticky":false,"template":"","format":"standard","meta":[],"categories":[2],"tags":[],"_links":{"self":[{"href":"https:\/\/quasarcomunicacion.com.ar\/web\/wp-json\/wp\/v2\/posts\/9901"}],"collection":[{"href":"https:\/\/quasarcomunicacion.com.ar\/web\/wp-json\/wp\/v2\/posts"}],"about":[{"href":"https:\/\/quasarcomunicacion.com.ar\/web\/wp-json\/wp\/v2\/types\/post"}],"author":[{"embeddable":true,"href":"https:\/\/quasarcomunicacion.com.ar\/web\/wp-json\/wp\/v2\/users\/2"}],"replies":[{"embeddable":true,"href":"https:\/\/quasarcomunicacion.com.ar\/web\/wp-json\/wp\/v2\/comments?post=9901"}],"version-history":[{"count":1,"href":"https:\/\/quasarcomunicacion.com.ar\/web\/wp-json\/wp\/v2\/posts\/9901\/revisions"}],"predecessor-version":[{"id":9902,"href":"https:\/\/quasarcomunicacion.com.ar\/web\/wp-json\/wp\/v2\/posts\/9901\/revisions\/9902"}],"wp:featuredmedia":[{"embeddable":true,"href":"https:\/\/quasarcomunicacion.com.ar\/web\/wp-json\/wp\/v2\/media\/9897"}],"wp:attachment":[{"href":"https:\/\/quasarcomunicacion.com.ar\/web\/wp-json\/wp\/v2\/media?parent=9901"}],"wp:term":[{"taxonomy":"category","embeddable":true,"href":"https:\/\/quasarcomunicacion.com.ar\/web\/wp-json\/wp\/v2\/categories?post=9901"},{"taxonomy":"post_tag","embeddable":true,"href":"https:\/\/quasarcomunicacion.com.ar\/web\/wp-json\/wp\/v2\/tags?post=9901"}],"curies":[{"name":"wp","href":"https:\/\/api.w.org\/{rel}","templated":true}]}}