{"id":9841,"date":"2019-12-03T15:43:37","date_gmt":"2019-12-03T15:43:37","guid":{"rendered":"https:\/\/quasarcomunicacion.com.ar\/web\/?p=9841"},"modified":"2019-12-03T15:49:05","modified_gmt":"2019-12-03T15:49:05","slug":"este-sabado-feria-de-navidad-con-emprendedores-locales-en-la-fabrica","status":"publish","type":"post","link":"https:\/\/quasarcomunicacion.com.ar\/web\/este-sabado-feria-de-navidad-con-emprendedores-locales-en-la-fabrica\/","title":{"rendered":"Este s\u00e1bado Feria de Navidad con emprendedores locales en La F\u00e1brica"},"content":{"rendered":"<p>Este s\u00e1bado 7 de diciembre de 15 a 20 hs,<strong> Pilar de Feria<\/strong> realizar\u00e1 una nueva edici\u00f3n de <strong>PILAR DE FERIA NAVIDAD 2019<\/strong>\u00a0 en La F\u00e1brica (Juan B. Ambrosetti 633, Bo. La Esmeralda, Km 50 Pilar).\u00a0 Con entrada libre y gratuita, habr\u00e1 actividades durante toda la tarde, patio cervecero, gastronom\u00eda y m\u00e1s de 70 expositores para comprar los regalos para Navidad sum\u00e1ndose a la <strong>Campa\u00f1a #lecomproaunemprendedor<\/strong> para que puedan adquirir a emprendedores locales los mejores regalos y con excelentes precios. En caso de mal tiempo se pospone para el s\u00e1bado 14 de diciembre.<!--more--><\/p>\n<p>La entrada es libre y gratuita, pero se solicita colaborar con \u00f3leo, pa\u00f1ales y ropa de beb\u00e9,\u00a0 collares y pa\u00f1uelos para las mam\u00e1s de la Maternidad de Pilar. Estar\u00e1n las voluntarias de <strong>Comprometidas Asociaci\u00f3n Civil<\/strong> recibiendo las donaciones.<\/p>\n<p>Adem\u00e1s, habr\u00e1 un puesto saludable de <strong>Prevenci\u00f3n Salud <\/strong> donde regalar\u00e1n frutas frescas. Tambi\u00e9n estar\u00e1n los voluntarios de <strong>Salix Babylonica<\/strong> recolectando Tapitas de gaseosas y electrodom\u00e9sticos peque\u00f1os, bater\u00edas y pilas, celulares, tablets, cpu, impresora y cualquier artefacto de cocina peque\u00f1o. Para los que tengan cosas grandes, podr\u00e1n coordinar durante la feria el retiro por el domicilio.<\/p>\n<p><a href=\"https:\/\/quasarcomunicacion.com.ar\/web\/wp-content\/uploads\/2019\/11\/feria19.gif\"><img class=\"aligncenter\" src=\"https:\/\/quasarcomunicacion.com.ar\/web\/wp-content\/uploads\/2019\/11\/feria19.gif\" \/><\/a><\/p>\n<p>Durante el recorrido se podr\u00e1n conocer los productos y servicios de unos 70 emprendedores de la zona y podr\u00e1n comprarles a ellos los regalos para la ocasi\u00f3n: indumentaria, bijou, plantas, productos gastron\u00f3micos, calzado, bolsos y carteras, lencer\u00eda, mallas, arte, decoraci\u00f3n, artesan\u00edas, tejido, accesorios para mascotas, muebles, adornos, vajilla y mucho m\u00e1s.<\/p>\n<p>La feria abre al p\u00fablico a las 15 hs, a las 16.30 hs habr\u00e1 una clase demostrativa de cocina a cargo de Essen, a las 17.30 hs una Clase demostrativa de Crochet a cargo de Silvia de Mil Rosas Crochet y a las 19 hs el show de Luc\u00eda Loverso que interpretar\u00e1, entre otros, Tu falta de querer, Valerie, Me muero por besarte, When i was your man, O will survive.<\/p>\n<p>Todos los detalles aqu\u00ed <a href=\"https:\/\/linktr.ee\/pilardeferia\">https:\/\/linktr.ee\/pilardeferia<\/a><\/p>\n<p>Conoc\u00e9 m\u00e1s en las redes sociales: instagram y facebook @pilardeferia<\/p>\n<p><strong> C\u00d3MO LLEGAR<\/strong><\/p>\n<p>En auto desde Capital Federal o desde Pilar se accede desde la altura Km 50 de ramal Pilar de la ruta Panamericana (bajada Palmas del Pilar \/ Jumbo \/ Villages Pilar). Tomar el puente hacia el lado de Palmas del Pilar \/ Hotel Ibis. Sobre la calle Las Magnolias, tomar la primera calle a la derecha (cartel de ingreso a Barrio La Esmeralda \u2013 como referencia est\u00e1 la concesionaria Mercedes Benz Las Mercedes), tres cuadras sobre esa calle y media a la izquierda<\/p>\n<p>Por obras en el puente de Km 50 las indicaciones pueden variar debiendo bajar un puente antes o despu\u00e9s si vienen por Panamericana.<\/p>\n<p>O altura km 50 de ruta 8, tomar la calle del destacamento policial y de all\u00ed son tres cuadras sobre Ambrosetti.<\/p>\n<p>EN COLECTIVO (algunas de las l\u00edneas que te dejan a pocas cuadras, cualquier que pase por Km 50 de ruta 8 o Panamericana te deja a pocas cuadras):<\/p>\n<p>L\u00ednea 57 (Express, Servicio Com\u00fan por Autopista o Ruta 8) bajada Km 50<\/p>\n<p>501 por autopista (parada k 50)<\/p>\n<p>203 (por autopista o por ruta 8)<\/p>\n<p>520 a Derqui (parada Km 50)<\/p>\n<p>176 por ruta 8 Parada Km 50<\/p>\n<p><a href=\"http:\/\/www.pilardeferia.com.ar\/donde.htm\"> www.pilardeferia.com.ar\/donde.htm<\/a><\/p>\n<p><b>\u00a0Acerca de Pilar de Feria<\/b><\/p>\n<p>Esta es una nueva edici\u00f3n de<strong> Pilar de Feria<\/strong> (mir\u00e1 todas las ediciones en <a href=\"http:\/\/www.pilardeferia.com.ar\/ediciones.htm\"> http:\/\/www.pilardeferia.com.ar\/ediciones.htm<\/a>). El equipo de <strong>Pilar de Feria <\/strong>viene organizando este tipo de eventos desde 2011 cuando realizaron<strong> Pilar de Feria Navidad<\/strong>, luego la edici\u00f3n Verano en 2012. M\u00e1s tarde dos ediciones en Pilar Point (\u201cDe Shopping\u201d y \u201cArtesan\u00edas, Arte y Dise\u00f1o D\u00eda de la Madre\u201d) para terminar el 2012 con la Edici\u00f3n Navidad. En 2015 realizaron la edici\u00f3n \u201cEmprendedores\u201d y \u201cShowroom\u201d en Galer\u00eda Site Zen. En marzo de 2016 se realiz\u00f3 la primera feria en La F\u00e1brica, continuando el segundo s\u00e1bado de cada mes con la propuesta.<\/p>\n<p><strong> Pilar de Feria<\/strong> es un evento peri\u00f3dico y tem\u00e1tico\u00a0 posee diversos t\u00f3picos. La entrada siempre es libre y gratuita para todo el p\u00fablico y el objetivo es darle a los emprendedores un lugar para la exhibici\u00f3n y venta de sus productos. Por Ordenanza 328\/12, <strong> Pilar de Feria<\/strong> fue declarada de Inter\u00e9s Municipal.<\/p>\n<p>Como signo distintivo, a la muestra de productos y servicios se le agregan eventos y herramientas que se le otorgan a los emprendedores como valor agregado para convertirse en una excelente herramienta de marketing, difusi\u00f3n y venta. Adem\u00e1s, de un recomendable paseo en familia.<\/p>\n<p>Los emprendedores, adem\u00e1s del apoyo en la difusi\u00f3n de su actividad reciben capacitaci\u00f3n, tips y consejos brindados por expertos en la materia<\/p>\n<p><strong><em>Por otras im\u00e1genes, audios o entrevistas no dude en contactarse<\/em><\/strong><\/p>\n<p><strong><em> Contactos de Prensa<\/em><\/strong><\/p>\n<table width=\"100%\">\n<tbody>\n<tr>\n<td width=\"54%\"><strong> Virginia Rodr\u00edguez Herrera<\/strong><strong> &#8211; Asistente de Cuentas<\/strong><\/p>\n<p><b> Directo<\/b><strong>: <\/strong> 0230-4664772<br \/>\n<b> Whatsapp<\/b><b>:<\/b><a href=\"https:\/\/bit.ly\/2J4cUvm\"> 11 5312 6795<\/a><br \/>\n<a href=\"https:\/\/bit.ly\/2Sn1zLP\">Enviar whatsapp aqu\u00ed<\/a><br \/>\n<b> Skype:<\/b> quasarcomunicacion<br \/>\n<b> Twitter:<\/b> @quasarpilar<br \/>\n<b> Instagram y Facebook:<\/b> @quasarcomunicacion<br \/>\n<b> Web:<\/b> <a href=\"http:\/\/www.quasarcomunicacion.com.ar\"> www.quasarcomunicacion.com.ar<\/a><b><br \/>\nMail<\/b><strong>:<\/strong> <a href=\"mailto:fernanda@quasarcomunicacion.com.ar\"> asistente@quasarcomunicacion.com.ar<\/a><\/td>\n<td width=\"44%\"><strong> Lic. Mar\u00eda Fernanda Ipata &#8211; Directora<br \/>\n<\/strong> <b><br \/>\n<\/b> <b> M\u00f3vil:<\/b> 0230-15-4584535<br \/>\n<b> Whatsapp<\/b><b>:<\/b> <a href=\"https:\/\/bit.ly\/2J4cUvm\"> 0230<\/a><a href=\"https:\/\/bit.ly\/2J4cUvm\">-15-4584535<\/a><br \/>\n<a href=\"https:\/\/bit.ly\/2J4cUvm\"> Enviar whatsapp aqu\u00ed<\/a><br \/>\n<b> Skype:<\/b> quasarcomunicacion<br \/>\n<b> LinkedIn<\/b><strong>:\u00a0 <\/strong> <strong> <a href=\"http:\/\/www.linkedin.com\/in\/mfipata\"> http:\/\/www.linkedin.com\/in\/mfipata<\/a><\/strong><br \/>\n<a href=\"https:\/\/www.linkedin.com\/company\/quasarcomunicacion\"> https:\/\/www.linkedin.com\/company\/quasarcomunicacion<\/a><br \/>\n<b> Instagram y Facebook:<\/b> @quasarcomunicacion <b><br \/>\nWeb:<\/b> <a href=\"http:\/\/www.quasarcomunicacion.com.ar\"> www.quasarcomunicacion.com.ar<\/a><br \/>\n<b> Mail<\/b><strong>:<\/strong><a href=\"mailto:fernanda@quasarcomunicacion.com.ar\"> fernanda@quasarcomunicacion.com.ar<\/a><\/td>\n<\/tr>\n<\/tbody>\n<\/table>\n","protected":false},"excerpt":{"rendered":"<p>Este s\u00e1bado 7 de diciembre de 15 a 20 hs, Pilar de Feria realizar\u00e1 una nueva edici\u00f3n de PILAR DE [&hellip;]<\/p>\n","protected":false},"author":2,"featured_media":9840,"comment_status":"open","ping_status":"open","sticky":false,"template":"","format":"standard","meta":[],"categories":[2],"tags":[],"_links":{"self":[{"href":"https:\/\/quasarcomunicacion.com.ar\/web\/wp-json\/wp\/v2\/posts\/9841"}],"collection":[{"href":"https:\/\/quasarcomunicacion.com.ar\/web\/wp-json\/wp\/v2\/posts"}],"about":[{"href":"https:\/\/quasarcomunicacion.com.ar\/web\/wp-json\/wp\/v2\/types\/post"}],"author":[{"embeddable":true,"href":"https:\/\/quasarcomunicacion.com.ar\/web\/wp-json\/wp\/v2\/users\/2"}],"replies":[{"embeddable":true,"href":"https:\/\/quasarcomunicacion.com.ar\/web\/wp-json\/wp\/v2\/comments?post=9841"}],"version-history":[{"count":2,"href":"https:\/\/quasarcomunicacion.com.ar\/web\/wp-json\/wp\/v2\/posts\/9841\/revisions"}],"predecessor-version":[{"id":9843,"href":"https:\/\/quasarcomunicacion.com.ar\/web\/wp-json\/wp\/v2\/posts\/9841\/revisions\/9843"}],"wp:featuredmedia":[{"embeddable":true,"href":"https:\/\/quasarcomunicacion.com.ar\/web\/wp-json\/wp\/v2\/media\/9840"}],"wp:attachment":[{"href":"https:\/\/quasarcomunicacion.com.ar\/web\/wp-json\/wp\/v2\/media?parent=9841"}],"wp:term":[{"taxonomy":"category","embeddable":true,"href":"https:\/\/quasarcomunicacion.com.ar\/web\/wp-json\/wp\/v2\/categories?post=9841"},{"taxonomy":"post_tag","embeddable":true,"href":"https:\/\/quasarcomunicacion.com.ar\/web\/wp-json\/wp\/v2\/tags?post=9841"}],"curies":[{"name":"wp","href":"https:\/\/api.w.org\/{rel}","templated":true}]}}