{"id":9818,"date":"2019-11-19T19:26:15","date_gmt":"2019-11-19T19:26:15","guid":{"rendered":"https:\/\/quasarcomunicacion.com.ar\/web\/?p=9818"},"modified":"2019-11-19T19:26:15","modified_gmt":"2019-11-19T19:26:15","slug":"el-polo-educativo-pilar-cerro-el-ano-entregando-los-reconocimientos-a-alumnos-y-docentes","status":"publish","type":"post","link":"https:\/\/quasarcomunicacion.com.ar\/web\/el-polo-educativo-pilar-cerro-el-ano-entregando-los-reconocimientos-a-alumnos-y-docentes\/","title":{"rendered":"El Polo Educativo Pilar cerr\u00f3 el a\u00f1o entregando los reconocimientos a alumnos y docentes"},"content":{"rendered":"<p>En la tarde del mi\u00e9rcoles, en el Auditorio de la Universidad del Salvador, con presencia de alumnos, padres, docentes, autoridades y periodistas, el <strong> Polo Educativo Pilar<\/strong> entreg\u00f3 los <strong>Premios al M\u00e9rito 2019 <\/strong>y los diplomas a los 116 alumnos que participaron en la <strong>Expoarte<\/strong> y <strong> Expofotogr\u00e1fica <\/strong>realizada en Paseo Champagnat. Adem\u00e1s, premi\u00f3 al Educador del a\u00f1o.<!--more--><\/p>\n<p>Alumnos de secundaria de escuelas p\u00fablicas y privadas del distrito recibieron su reconocimiento de manos de sus directivos y docentes.<\/p>\n<p><a href=\"https:\/\/quasarcomunicacion.com.ar\/web\/wp-content\/uploads\/2019\/11\/auditorio.gif\"><img class=\"alignnone\" src=\"https:\/\/quasarcomunicacion.com.ar\/web\/wp-content\/uploads\/2019\/11\/auditorio.gif\" \/><\/a><\/p>\n<p>Las palabras de bienvenida estuvieron a cargo de\u00a0 la Lic. Marcela Golpe de Andrade, presidente de la instituci\u00f3n, quien dijo \u00abel Polo Educativo Pilar apuesta siempre a aprender del otro, a un trabajo colaborativo, entre todas las instituciones que formamos parte del Polo y se funden en algo que las trasciende. Un a\u00f1o en el que le dimos la bienvenida a nuevos proyectos y nuevas instituciones que se unen con objetivos y miradas comunes. Celebramos el trabajo realizado, el afianzamiento de proyectos y la incorporaci\u00f3n de nuevas ideas\u00bb.<\/p>\n<p>\u00abHoy celebramos a nuestros alumnos, a todos uds. Y tambi\u00e9n al ganador del Concurso al Educador del A\u00f1o en el cual queremos agradecerle a todos los docentes\u00bb, agreg\u00f3.<\/p>\n<p><em> Hicieron un resumen de las actividades del a\u00f1o como el Desaf\u00edo PEP,los encuentros corales y deportivos, los programas de desarrollo profesional que buscan capacitar a los docentes y dotarlos de nuevas herramientas, entre otras iniciativas.<\/em><\/p>\n<p>Tambi\u00e9n dirigi\u00f3 unas palabras Joaqu\u00edn Urcola, de la <em> Fundaci\u00f3n Varkey con quien el<strong> Polo Educativo Pilar <\/strong> comenz\u00f3 a trabajar en conjunto desde este a\u00f1o.<\/em><\/p>\n<p><em> \u00abEste a\u00f1o hemos llevado adelante una alianza con el Polo Educativo Pilar (&#8230;) compartiendo muchas cosas en com\u00fan\u00bb, dijo.<\/em><\/p>\n<p>El acto comenz\u00f3 entregando los premios a los mejores docentes. De un total de 16 trabajos presentados quedaron 4 finalistas y Dante Oliva del Brick Towers fue el ganador del Concurso Educador del A\u00f1o con un trabajo sobre Literatura y Aprendizaje en el siglo XXI.<\/p>\n<p>El jurado estuvo integrado por la Prof. Magister Olga Cristina Colatarci, el prof. Lic. Rodrigo Mart\u00edn, el prof. Magister Sebasti\u00e1n V\u00e1zquez y Guillermo Recio.<\/p>\n<p>Por su parte, el ganador, que viajar\u00e1 a Roswell, Giorgia, Estados Unidos gracias a un convenio con el Rotary Club, agradeci\u00f3 a las autoridades del colegio por darle la oportunidad de representar al colegio en el concurso y al Polo Educativo Pilar por darles la posibilidad de compartir lo que hacen.<\/p>\n<p>\u00abDesde su comienzo el proyecto incluy\u00f3 el trabajo colaborativo, la pr\u00e1ctica interdisciplinaria y los chicos se vieron muy motivados en la tarea diaria. Estoy muy agradecido y espero aprovechar esta experiencia y compartirla con mis colegas\u00bb, agreg\u00f3.<\/p>\n<p>El segundo premio fue para Rosario Zorraqu\u00edn de Los Robles por su trabajo Save The Planet y el tercero para Valeria Serres del Northfield por su proyecto aplicado al aula. Ambas recibieron premios de la empresa de viajes educativos\u00a0 Fase2.<\/p>\n<p>Por \u00faltimo, Yanina Patricia Luengo Rojas del St. Matthew`s recibi\u00f3 una menci\u00f3n por el trabajo Cambiando contra el cambio clim\u00e1tico.<\/p>\n<p>El premio al <strong>Educador del A\u00f1o<\/strong> tiene el objetivo de fomentar la excelencia en la educaci\u00f3n , promover la creatividad mediante la presentaci\u00f3n de proyectos educativos que sean innovadores y se conviertan en un importante aporte al sistema educativo argentino. Del Concurso participaron directivos y docentes de todos los niveles del distrito de Pilar, de gesti\u00f3n p\u00fablica o privada, presentados por sus respectivas instituciones.<\/p>\n<p><b> <a href=\"http:\/\/www.facebook.com\/poloeducativo\"> Ver album de fotos en <\/a><\/b> <b> <a href=\"http:\/\/www.facebook.com\/poloeducativo\"> www.facebook.com\/poloeducativo<\/a><\/b><\/p>\n<p>Para finalizar, como cada a\u00f1o, se premi\u00f3 la actitud solidaria de los alumnos, el compa\u00f1erismo, el respeto hacia directivos y docentes de su escuela y el esfuerzo realizado en el a\u00f1o escolar.<\/p>\n<p>A su vez, los alumnos que participaron de la <strong>ExpoArte<\/strong> y <strong>ExpoFotogr\u00e1fica<\/strong> que a\u00fan est\u00e1n exhibiendo sus trabajos en Paseo Champagnat, recibieron sus diplomas acompa\u00f1ados\u00a0por sus docentes.<\/p>\n<p>El\u00a0<strong>Polo Educativo Pilar\u00a0<\/strong>es una asociaci\u00f3n civil sin fines de lucro, fundada en el a\u00f1o 2002, que re\u00fane a instituciones educativas, tanto del Partido de Pilar como tambi\u00e9n de otras jurisdicciones, y que tiene como objetivo principal el promover y desarrollar la educaci\u00f3n, p\u00fablica y privada, en todo el distrito.<\/p>\n<p><strong><em>Por otras im\u00e1genes, audios o entrevistas no dude en contactarse entrevistas no dude en contactarse<\/em><\/strong><\/p>\n<table width=\"100%\">\n<tbody>\n<tr>\n<td width=\"50%\"><strong> Candela Villanueva<\/strong><strong> &#8211; Asistente de Cuentas<\/p>\n<p><\/strong> <b> Directo<\/b><strong>: <\/strong> 0230-4664772<br \/>\n<b> Skype:<\/b> quasarcomunicacion<br \/>\n<b> Twitter:<\/b> @quasarpilar<br \/>\n<b> Gr<\/b><b>upo y p\u00e1gina en Facebook: <\/b> www.facebook.com\/<a href=\"mailto:mfipata@gmail.com\">Quasar<\/a>Comunicacion<br \/>\n<b> Web:<\/b> <a href=\"http:\/\/www.quasarcomunicacion.com.ar\"> www.quasarcomunicacion.com.ar<\/a><\/p>\n<p><b> Mail<\/b><strong>:<\/strong> <a href=\"mailto:fernanda@quasarcomunicacion.com.ar\"> candela@quasarcomunicacion.com.ar<\/a><\/td>\n<td width=\"50%\"><strong> Lic. Mar\u00eda Fernanda Ipata &#8211; Directora<br \/>\n<\/strong> <b><br \/>\nDirecto<\/b><strong>: <\/strong> 0230-4664772<br \/>\n<b> M\u00f3vil:<\/b> 0230-15-4584535<br \/>\n<b> Skype:<\/b> quasarcomunicacion<br \/>\n<b> Twitter:<\/b> @quasarpilar<br \/>\n<b> Gr<\/b><b>upo y p\u00e1gina en Facebook: <\/b> www.facebook.com\/<a href=\"mailto:mfipata@gmail.com\">Quasar<\/a>Comunicacion<br \/>\n<b> LinkedIn<\/b><strong>:\u00a0 <\/strong> <strong> <a href=\"http:\/\/www.linkedin.com\/in\/mfipata\"> http:\/\/www.linkedin.com\/in\/mfipata<\/a><\/strong><br \/>\n<b> Web:<\/b> <a href=\"http:\/\/www.quasarcomunicacion.com.ar\"> www.quasarcomunicacion.com.ar<\/a><br \/>\n<b>Mail<\/b><strong>:<\/strong><a href=\"mailto:fernanda@quasarcomunicacion.com.ar\"> fernanda@quasarcomunicacion.com.ar<\/a><\/td>\n<\/tr>\n<\/tbody>\n<\/table>\n<p><strong> Acerca del Polo Educativo Pilar<\/strong><\/p>\n<p>El\u00a0<strong>Polo Educativo Pilar\u00a0<\/strong>es una asociaci\u00f3n civil sin fines de lucro que fue fundada en el a\u00f1o 2002, que re\u00fane a instituciones educativas del Partido de Pilar y tiene como objetivo principal el promover y desarrollar la educaci\u00f3n, p\u00fablica y privada, en todo el distrito.<\/p>\n<p>La asociaci\u00f3n nace a partir de 1999 cuando los directivos de los j\u00f3venes colegios privados de Pilar, junto con los que llevaban m\u00e1s a\u00f1os en la ciudad, comienzan a reunirse para considerar sus problem\u00e1ticas comunes. Este hecho, in\u00e9dito en la educaci\u00f3n privada en la Argentina, alcanza un alto grado de sinergia cuando los Colegios deciden trazar un plan para convertir al Partido de Pilar en una localidad que sea conocida por su alto nivel educativo, tanto en las instituciones privadas como en las p\u00fablicas. Con esa idea, un grupo original de 14 Colegios de distintos niveles, funda el\u00a0<strong>Polo Educativo Pilar<\/strong>.<\/p>\n<p>Cabe destacar que entidad obtuvo su personer\u00eda jur\u00eddica en diciembre de 2004 bajo el Nro. 7000\/04 expedido por la Inspecci\u00f3n de Persona jur\u00eddica de la Provincia de Buenos Aires. En el a\u00f1o 2003 es declarada entidad de Bien P\u00fablico por el Municipio de Pilar por Decreto Municipal Nro. 6679\/2003.<\/p>\n","protected":false},"excerpt":{"rendered":"<p>En la tarde del mi\u00e9rcoles, en el Auditorio de la Universidad del Salvador, con presencia de alumnos, padres, docentes, autoridades [&hellip;]<\/p>\n","protected":false},"author":2,"featured_media":9817,"comment_status":"open","ping_status":"open","sticky":false,"template":"","format":"standard","meta":[],"categories":[2],"tags":[],"_links":{"self":[{"href":"https:\/\/quasarcomunicacion.com.ar\/web\/wp-json\/wp\/v2\/posts\/9818"}],"collection":[{"href":"https:\/\/quasarcomunicacion.com.ar\/web\/wp-json\/wp\/v2\/posts"}],"about":[{"href":"https:\/\/quasarcomunicacion.com.ar\/web\/wp-json\/wp\/v2\/types\/post"}],"author":[{"embeddable":true,"href":"https:\/\/quasarcomunicacion.com.ar\/web\/wp-json\/wp\/v2\/users\/2"}],"replies":[{"embeddable":true,"href":"https:\/\/quasarcomunicacion.com.ar\/web\/wp-json\/wp\/v2\/comments?post=9818"}],"version-history":[{"count":1,"href":"https:\/\/quasarcomunicacion.com.ar\/web\/wp-json\/wp\/v2\/posts\/9818\/revisions"}],"predecessor-version":[{"id":9819,"href":"https:\/\/quasarcomunicacion.com.ar\/web\/wp-json\/wp\/v2\/posts\/9818\/revisions\/9819"}],"wp:featuredmedia":[{"embeddable":true,"href":"https:\/\/quasarcomunicacion.com.ar\/web\/wp-json\/wp\/v2\/media\/9817"}],"wp:attachment":[{"href":"https:\/\/quasarcomunicacion.com.ar\/web\/wp-json\/wp\/v2\/media?parent=9818"}],"wp:term":[{"taxonomy":"category","embeddable":true,"href":"https:\/\/quasarcomunicacion.com.ar\/web\/wp-json\/wp\/v2\/categories?post=9818"},{"taxonomy":"post_tag","embeddable":true,"href":"https:\/\/quasarcomunicacion.com.ar\/web\/wp-json\/wp\/v2\/tags?post=9818"}],"curies":[{"name":"wp","href":"https:\/\/api.w.org\/{rel}","templated":true}]}}