{"id":9653,"date":"2019-09-30T17:17:41","date_gmt":"2019-09-30T20:17:41","guid":{"rendered":"https:\/\/quasarcomunicacion.com.ar\/web\/?p=9653"},"modified":"2019-09-30T17:17:41","modified_gmt":"2019-09-30T20:17:41","slug":"finalizo-el-vi-ciclo-de-charlas-gratuitas-para-el-desarrollo-emprendedor-en-pilar-point","status":"publish","type":"post","link":"https:\/\/quasarcomunicacion.com.ar\/web\/finalizo-el-vi-ciclo-de-charlas-gratuitas-para-el-desarrollo-emprendedor-en-pilar-point\/","title":{"rendered":"Finaliz\u00f3 el VI Ciclo de Charlas Gratuitas para el Desarrollo Emprendedor en Pilar Point"},"content":{"rendered":"<p style=\"text-align: left;\" align=\"center\"><span style=\"font-family: Verdana; font-size: small;\">\u00a0En septiembre finaliz\u00f3 la <b>VI edici\u00f3n del Ciclo de Charlas Gratuitas para el Desarrollo Emprendedor en Pilar<\/b> organizado por <b>Pilar Emprende by Emprender Hoy<\/b>.<b> <\/b> \u00a0Desde el mes de mayo tuvieron lugar cuatro charlas, declaradas de inter\u00e9s municipal por el Concejo Deliberante de Pilar, con m\u00e1s de 150 emprendedores inscriptos, en cada una se ahond\u00f3 sobre un tema y se generaron espacios de networking para que los emprendedores se conozcan.\u00a0<\/span><br \/>\n<span style=\"font-family: Verdana; font-size: small;\"><!--more--><\/span><\/p>\n<p>\u00a0<a href=\"https:\/\/quasarcomunicacion.com.ar\/web\/wp-content\/uploads\/2019\/06\/mayo19.gif\"><img class=\"aligncenter\" alt=\"mayo19\" src=\"https:\/\/quasarcomunicacion.com.ar\/web\/wp-content\/uploads\/2019\/06\/mayo19.gif\" \/><\/a><\/p>\n<p><span style=\"font-family: Verdana; font-size: small;\">El ciclo tuvo lugar en Pilar Point, en pleno centro de la localidad, y se recolectaron 53 litros de leche larga vida para la <b>Fundaci\u00f3n Creciendo en Pilar<\/b>. <\/span><\/p>\n<p><span style=\"font-family: Verdana; font-size: small;\">\u00abPara nosotros es un gran esfuerzo sostener esta actividad gratuita, pero es una gran alegr\u00eda haber podido brindar estas 4 charlas en un momento dif\u00edcil para el sector, donde hay una gran desesperanza y no es f\u00e1cil la convocatoria. Gracias a un gran esfuerzo de todos, cada encuentro se realiz\u00f3 con vacantes agotadas. Desgraciadamente hay una gran falta de compromiso y por lo general asisten muchos menos de los que se anotan, pero no bajamos los brazos apelando a que esta situaci\u00f3n se pueda revertir\u00bb, aseguraron desde la organizaci\u00f3n.<\/span><\/p>\n<p><span style=\"font-family: Verdana; font-size: small;\">El ciclo de Charlas se viene realizando desde 2014 de manera ininterrumpida y totalmente autogestiva. A lo largo de todas sus ediciones conect\u00f3 a emprendedores con potenciales clientes, gener\u00f3 alianzas estrat\u00e9gicas y brind\u00f3 herramientas de mejora a cientos de emprendedores por a\u00f1o. Desde sus inicios ya se llevaron adelante, s\u00f3lo en el marco del ciclo, unas 34 charlas gratuitas en las que se inscribieron m\u00e1s de mil trescientos cincuenta emprendedores de Pilar y localidades aleda\u00f1as.<\/span><\/p>\n<p><span style=\"font-family: Verdana; font-size: small;\">Cada a\u00f1o se dise\u00f1a el calendario de acuerdo con la necesidades del sector, en 2019 se tocaron los siguientes temas. Emprender en \u00e9poca de crisis: Herramientas para diagnosticar \u00e1reas de mejora en tu emprendimiento, por la Lic. y coach Natalia Romero;\u00a0 Herramientas financieras para un proyecto rentable por la Lic. Karina Laura Chrempacz Liberman; <b>\u00a0<\/b>La Ruta al mercado: Qu\u00e9 pueden hacer las Pymes para mejorar su imagen e incrementar las ventas, por Luis Beracochea y SGC para el Desarrollo y Fortalecimiento Competitivo del Emprendedor y la MiPyME por el Lic. Juli\u00e1n Candermo<\/span><\/p>\n<p><span style=\"font-family: Verdana; font-size: small;\">\u00abEsta iniciativa se lleva adelante gracias al apoyo desinteresado, fundamentalmente, de los capacitadores que brindan su tiempo y conocimiento para ofrecer herramientas y conocimiento a otros. Adem\u00e1s del apoyo de los medios de comunicaci\u00f3n que nos ayudan a difundir las actividades y de las empresas e instituciones que apoyan la iniciativa\u00bb, asegura la Lic. Mar\u00eda Fernanda Ipata, coordinadora de <b>Pilar Emprende<\/b>.<\/span><\/p>\n<p><span style=\"font-family: Verdana; font-size: small;\">\u00abSi bien este a\u00f1o tuvimos que reducir bastante la cantidad de encuentros, estamos felices de haberlos podido realizar una vez m\u00e1s y que a pesar de todo los emprendedores hayan asistido para incorporar nuevos conocimientos y conocer a otros colegas\u00bb, agregaron.<\/span><\/p>\n<p><span style=\"font-family: Verdana; font-size: small;\">De los datos de inscripciones, se desprende que el mayor porcentaje de anotados fueron mujeres y en su mayor\u00eda de las diversas localidades de Pilar aunque hubo tambi\u00e9n emprendedores de distritos vecinos.<\/span><\/p>\n<p><span style=\"font-family: Verdana; font-size: small;\">Este a\u00f1o, con el 78% de las preferencias, la \u00abcapacitaci\u00f3n\u00bb\u00a0 es la actividad que los inscriptos consideran necesaria para su crecimiento como emprendedor. Y le sigue con un 61% las charlas informativas, con un 57% las consultor\u00edas \/ Asesor\u00edas \/ Tutor\u00edas y con el 56% los espacios de networking.<\/span><\/p>\n<p><span style=\"font-family: Verdana; font-size: small;\">Como siempre, luego de cada charla se genera un espacio de networking para que los emprendedores se conozcan, presenten sus proyectos y generen alianzas comerciales de valor entre ellos<\/span><\/p>\n<p><span style=\"text-decoration: underline;\"><b><span style=\"font-family: Verdana; font-size: small;\">\u00a0Apoyaron esta iniciativa<\/span><\/b><\/span><\/p>\n<p><span style=\"font-family: Verdana; font-size: small;\"><b>Organiz\u00f3<\/b>: Pilar Emprende, Emprender Hoy, Club de Emprendedores y Empresarios de la Argentina y la Escuela para Emprendedores de Pilar<\/span><\/p>\n<p><span style=\"font-family: Verdana; font-size: small;\"><b>Sponsors<\/b>: Pilar Point, Natalia Romero Coach y Desarrollo Personal, Cryolla, Usina de Cambio Consultor\u00eda y Coaching, Punto B Marketing y Grupo JC Consultores<\/span><\/p>\n<p><span style=\"font-family: Verdana; font-size: small;\"><b>Apoyaron la iniciativa:<\/b> Asociaci\u00f3n de Emprendedores de la Argentina, C\u00e1mara de Comercio de Presidente Derqui, Cespym Cursos, Grupo Blue, Dulces Silvia, Dulce Roc\u00edo Pasteler\u00eda Artesanal, entre otros<\/span><\/p>\n<p><span style=\"font-family: Verdana; font-size: small;\"><b>Comunicaron<\/b>: Qu\u00e1sar Comunicaci\u00f3n, Pilar GPS, Pilar Hoy Noticias, El Term\u00f3metro, Radio X Pilar, Pilar de Todos, Proyectados, Soy Emprendedora, Diario Resumen, Pueblum<\/span><\/p>\n<p><b><span style=\"font-family: Verdana; font-size: small;\">Acerca de Emprender HOY<\/span><\/b><\/p>\n<p><b style=\"font-family: Verdana; font-size: xx-small;\">Emprender HOY<\/b><span style=\"font-family: Verdana; font-size: xx-small;\"> es un espacio para todos los emprendedores que se materializa en diversos eventos como ferias, encuentros, capacitaciones, consultor\u00edas, espacios de networking, entre otros. Est\u00e1 conformado por un equipo de profesionales emprendedores que ofrecen su experiencia y conocimiento para ayudar a otros que est\u00e1n emprendiendo a crecer con sus proyectos.<\/span><\/p>\n<p><span style=\"font-family: Verdana; font-size: xx-small;\">La raz\u00f3n de ser, la misi\u00f3n, de<b> Emprender HOY <\/b>es proporcionar al sector Emprendedor herramientas y conocimientos que le permitan desarrollar su propio emprendimiento e incorporar competencias que deriven en su mejora continua. <\/span><\/p>\n<p><span style=\"font-family: Verdana; font-size: xx-small;\">Buscan fomentar una cultura colaborativa, el autoempleo y la sustentabilidad de los proyectos contribuyendo a la generaci\u00f3n de valor econ\u00f3mico en la sociedad a trav\u00e9s de la creaci\u00f3n y sostenimiento de un ecosistema emprendedor. <\/span><\/p>\n<p><span style=\"font-family: Verdana; font-size: xx-small;\">Aspiran a ser un canal de comunicaci\u00f3n entre los emprendedores y entre las instituciones y organismos dedicados a ellos<\/span><\/p>\n<p><span style=\"font-family: Verdana; font-size: xx-small;\"><b>Emprender Hoy<\/b>, a trav\u00e9s del proyecto <b>#DESARROLLOEMPRENDEDOR<\/b> desarrolla por sexto a\u00f1o consecutivo un ciclo de actividades gratuitas compuesto por charlas y encuentros de networking.<\/span><\/p>\n<p><span style=\"font-family: Verdana; font-size: xx-small;\">El mismo se desarrolla en la ciudad de Pilar (Bs. As., Argentina) y cuenta con el apoyo de diferentes instituciones, particulares, medios de comunicaci\u00f3n y consultores independientes que comparten su conocimiento de manera desinteresada. <\/span><\/p>\n<p><b><span style=\"font-family: Verdana; font-size: small;\">Acerca de Pilar Emprende by Emprender HOY <\/span><\/b><\/p>\n<p><span style=\"font-family: Verdana; font-size: xx-small;\"><b> Pilar Emprende<\/b> surge a partir del trabajo de <b>Emprender HOY, <\/b> un espacio que busca otorgarle valor a los proyectos de emprendedores de la zona, acompa\u00f1arlos en su puesta en marcha y disfrutar en equipo de los objetivos cumplidos <\/span><\/p>\n<p><span style=\"font-family: Verdana; font-size: xx-small;\">Para cumplir con su misi\u00f3n, brindan herramientas, espacios de networking, capacitaciones, tips, noticias, consultor\u00eda y todo lo que necesita el emprendedor para crecer y conformar un s\u00f3lido ecosistema emprendedor. <\/span><\/p>\n<p><span style=\"font-family: Verdana; font-size: xx-small;\"><b>Pilar Emprende<\/b> es un espacio pensado por emprendedores para los emprendedores de Pilar que junto a <b>Emprender HOY<\/b> le brindan oportunidades para crecer con su proyecto<\/span><\/p>\n<p><span style=\"font-family: Verdana; font-size: xx-small;\"><b> Emprender HOY <\/b>es un espacio para todos los emprendedores que se materializa en diversos eventos como ferias, encuentros, capacitaciones, consultor\u00edas, espacios de networking, entre otros. <\/span><\/p>\n<p><span style=\"font-family: Verdana; font-size: xx-small;\">La raz\u00f3n de ser, la misi\u00f3n, de <b>Emprender HOY <\/b>es proporcionar al sector Emprendedor herramientas y conocimientos que le permitan desarrollar su propio emprendimiento e incorporar competencias que deriven en su mejora continua. <\/span><\/p>\n<p><span style=\"font-family: Verdana; font-size: xx-small;\">Desde la instituci\u00f3n buscan fomentar el autoempleo y la sustentabilidad de los proyectos contribuyendo a la generaci\u00f3n de valor econ\u00f3mico en la sociedad a trav\u00e9s de la creaci\u00f3n y sostenimiento de un ecosistema emprendedor. Aspiran a ser un canal de comunicaci\u00f3n entre los emprendedores y entre las instituciones y organismos dedicados a ellos <\/span><\/p>\n<p><span style=\"font-family: Verdana; font-size: xx-small;\">Tambi\u00e9n cuentan con un grupo de consultores independientes que acercan su saber a los emprendedores, gener\u00e1ndose una comunidad donde la informaci\u00f3n se comparte de forma exponencial y viral <\/span><\/p>\n<p><span style=\"font-size: small;\"><b><i><span style=\"font-family: Arial;\">Por otras im\u00e1genes, audios o entrevistas no dude en contactarse<\/span><\/i><\/b><\/span><\/p>\n<p align=\"center\"><span style=\"font-size: small;\"><b><i> Contactos de Prensa<\/i><\/b><\/span><\/p>\n<div align=\"left\">\n<table width=\"100%\" border=\"1\" cellpadding=\"2\" align=\"left\">\n<tbody>\n<tr>\n<td align=\"center\" width=\"50%\">\n<p align=\"left\"><span style=\"font-size: medium;\"><strong><span style=\"color: #808080; font-family: Arial; font-size: small;\"> Candela Villanueva &#8211; Asistente de Cuentas<\/span><\/strong><\/span><\/p>\n<p><span style=\"font-size: xx-small;\"><span style=\"color: #ff0000;\"> Directo<\/span><b>: <\/b> 0230<\/span><span style=\"font-size: xx-small;\">-4664772<br \/>\n<\/span><span style=\"color: #ff0000; font-size: xx-small;\"> Skype:<\/span><span style=\"font-size: xx-small;\"> quasarcomunicacion<br \/>\n<span style=\"color: #ff0000;\"> Instagram<\/span>: @quasarcomunicacion<br \/>\n<\/span><span style=\"color: #ff0000; font-size: xx-small;\"> Twitter:<\/span><span style=\"font-size: xx-small;\"> @quasarpilar<br \/>\n<\/span><span style=\"color: #ff0000; font-size: xx-small;\"> Gr<\/span><span style=\"color: #ff0000; font-size: xx-small;\">upo y p\u00e1gina en Facebook: <\/span> <span style=\"color: #808080; font-size: xx-small;\">www.facebook.com\/<\/span><a href=\"mailto:mfipata@gmail.com\"><span style=\"font-size: xx-small;\">Quasar<\/span><\/a><span style=\"font-size: xx-small;\">Comunicacion<br \/>\n<\/span><span style=\"color: #ff0000; font-size: xx-small;\"> Web:<\/span><b><\/b> <a href=\"http:\/\/www.quasarcomunicacion.com.ar\/\"> <span style=\"font-size: xx-small;\">www.quasarcomunicacion.com.ar<\/span><\/a><\/p>\n<p align=\"left\"><span style=\"font-size: xx-small;\"> <span style=\"color: #ff0000;\">Mail<\/span><b>:<\/b><\/span><span style=\"font-size: xx-small;\"> <a href=\"mailto:fernanda@quasarcomunicacion.com.ar\"> candela<\/a><a href=\"mailto:fernanda@quasarcomunicacion.com.ar\">@quasarcomunicacion.com.ar<\/a><\/span><\/p>\n<\/td>\n<td align=\"center\" width=\"50%\">\n<p align=\"left\"><strong> <span style=\"color: #ff0000; font-family: Arial; font-size: small;\">Virginia Rodr\u00edguez Herrera<\/span><\/strong><span style=\"font-size: medium;\"><strong><span style=\"color: #808080; font-family: Arial; font-size: small;\"> &#8211; Asistente de Cuentas<\/span><\/strong><\/span><\/p>\n<p><span style=\"font-size: xx-small;\"><span style=\"color: #ff0000;\"> Directo<\/span><b>: <\/b> 0230<\/span><span style=\"font-size: xx-small;\">-4664772<br \/>\n<\/span><span style=\"font-size: xx-small;\"><span style=\"color: #ff0000;\"> Whatsapp<\/span><span style=\"color: #ff0000;\">:<\/span><a href=\"https:\/\/bit.ly\/2J4cUvm\"> 11 5312 6795<\/a><\/span><br \/>\n<span style=\"font-size: small;\"> <a href=\"https:\/\/bit.ly\/2Sn1zLP\">Enviar whatsapp aqu\u00ed<\/a><\/span><span style=\"font-size: xx-small;\"><br \/>\n<\/span><span style=\"color: #ff0000; font-size: xx-small;\"> Skype:<\/span><span style=\"font-size: xx-small;\"> quasarcomunicacion<br \/>\n<\/span><span style=\"color: #ff0000; font-size: xx-small;\"> Twitter:<\/span><span style=\"font-size: xx-small;\"> @quasarpilar<br \/>\n<span style=\"color: #ff0000;\">Instagram y Facebook:<\/span> @quasarcomunicacion<br \/>\n<\/span><span style=\"color: #ff0000; font-size: xx-small;\"> Web:<\/span><b><\/b> <a href=\"http:\/\/www.quasarcomunicacion.com.ar\/\"> <span style=\"font-size: xx-small;\">www.quasarcomunicacion.com.ar<\/span><\/a><span style=\"font-size: xx-small;\"><span style=\"color: #ff0000;\"><br \/>\nMail<\/span><b>:<\/b><\/span><span style=\"font-size: xx-small;\"> <a href=\"mailto:fernanda@quasarcomunicacion.com.ar\"> asistente@quasarcomunicacion.com.ar<\/a><\/span><\/td>\n<\/tr>\n<\/tbody>\n<\/table>\n<\/div>\n","protected":false},"excerpt":{"rendered":"<p>\u00a0En septiembre finaliz\u00f3 la VI edici\u00f3n del Ciclo de Charlas Gratuitas para el Desarrollo Emprendedor en Pilar organizado por Pilar [&hellip;]<\/p>\n","protected":false},"author":2,"featured_media":9431,"comment_status":"open","ping_status":"open","sticky":false,"template":"","format":"standard","meta":[],"categories":[2],"tags":[],"_links":{"self":[{"href":"https:\/\/quasarcomunicacion.com.ar\/web\/wp-json\/wp\/v2\/posts\/9653"}],"collection":[{"href":"https:\/\/quasarcomunicacion.com.ar\/web\/wp-json\/wp\/v2\/posts"}],"about":[{"href":"https:\/\/quasarcomunicacion.com.ar\/web\/wp-json\/wp\/v2\/types\/post"}],"author":[{"embeddable":true,"href":"https:\/\/quasarcomunicacion.com.ar\/web\/wp-json\/wp\/v2\/users\/2"}],"replies":[{"embeddable":true,"href":"https:\/\/quasarcomunicacion.com.ar\/web\/wp-json\/wp\/v2\/comments?post=9653"}],"version-history":[{"count":0,"href":"https:\/\/quasarcomunicacion.com.ar\/web\/wp-json\/wp\/v2\/posts\/9653\/revisions"}],"wp:featuredmedia":[{"embeddable":true,"href":"https:\/\/quasarcomunicacion.com.ar\/web\/wp-json\/wp\/v2\/media\/9431"}],"wp:attachment":[{"href":"https:\/\/quasarcomunicacion.com.ar\/web\/wp-json\/wp\/v2\/media?parent=9653"}],"wp:term":[{"taxonomy":"category","embeddable":true,"href":"https:\/\/quasarcomunicacion.com.ar\/web\/wp-json\/wp\/v2\/categories?post=9653"},{"taxonomy":"post_tag","embeddable":true,"href":"https:\/\/quasarcomunicacion.com.ar\/web\/wp-json\/wp\/v2\/tags?post=9653"}],"curies":[{"name":"wp","href":"https:\/\/api.w.org\/{rel}","templated":true}]}}