{"id":9632,"date":"2019-09-23T15:01:11","date_gmt":"2019-09-23T18:01:11","guid":{"rendered":"https:\/\/quasarcomunicacion.com.ar\/web\/?p=9632"},"modified":"2019-09-23T15:01:11","modified_gmt":"2019-09-23T18:01:11","slug":"por-tercera-vez-se-celebro-en-pilar-el-dia-nacional-del-joven-empresario","status":"publish","type":"post","link":"https:\/\/quasarcomunicacion.com.ar\/web\/por-tercera-vez-se-celebro-en-pilar-el-dia-nacional-del-joven-empresario\/","title":{"rendered":"Por tercera vez se celebr\u00f3 en Pilar el D\u00eda Nacional del Joven Empresario"},"content":{"rendered":"<p style=\"text-align: left;\" align=\"center\"><i><\/i><span style=\"font-family: Verdana; font-size: small;\">Por tercera vez en el distrito, organizado por <b>Pilar Emprende by Emprender Hoy<\/b>, se celebr\u00f3 el pasado viernes 20 de septiembre el <b>D\u00eda Nacional del Joven Empresario #DJE2019<\/b>. Se reconocieron a 15 j\u00f3venes empresarios, hubo degustaciones de emprendedores gastron\u00f3micos locales y espacios de networking para generar nuevas relaciones comerciales entre los asistentes buscando el trabajo colaborativo entre los emprendedores pilarenses.<!--more--><\/span><\/p>\n<p>\u00a0<a href=\"https:\/\/quasarcomunicacion.com.ar\/web\/wp-content\/uploads\/2019\/09\/jovenes2019.gif\"><img class=\"aligncenter\" alt=\"jovenes2019\" src=\"https:\/\/quasarcomunicacion.com.ar\/web\/wp-content\/uploads\/2019\/09\/jovenes2019.gif\" \/><\/a><\/p>\n<p><span style=\"font-family: Verdana; font-size: small;\">\u00abCon estos espacios buscamos que los emprendedores se conozcan e intercambien sus tarjetas o contactos a fin de generar alianzas entre ellos, ya sea como clientes, proveedores o aliados ya que estamos convencidos que s\u00f3lo de manera colaborativa se sale adelante\u00bb, dijo la Lic. Mar\u00eda Fernanda Ipata, coordinadora de <b>Pilar Emprende<\/b>.<\/span><\/p>\n<p><span style=\"font-family: Verdana; font-size: small;\">El evento fue en Mermelada y reuni\u00f3 a m\u00e1s de 60 emprendedores, adem\u00e1s cont\u00f3 con la presencia del concejal Federico Ach\u00e1val, la concejal Claudia Juanes, entre otros invitados especiales.<\/span><\/p>\n<p><span style=\"font-family: Verdana; font-size: small;\">\u00abTenemos muchos espacios virtuales como grupos en facebook, whatsapp, la red de emprendedores, pero estos espacios de contacto \u00abreal\u00bb son sumamente favorables para los emprendedores. Adem\u00e1s de conocerse, reconocemos a aquellos que por alg\u00fan motivo se destacaron en este tiempo y siguieron apostando a crecer, una suerte de faro o ejemplo para el resto y una palmadita en la espalda para que sigan adelante\u00bb, agregaron.<\/span><\/p>\n<p><span style=\"font-family: Verdana; font-size: small;\">Se distinguieron a los siguientes j\u00f3venes empresarios: Patricia Alba de Pilar de Todos, Juli\u00e1n Candermo de Grupo JC Consultores, Marcos Nahuel Cangelosi de EcoManos Innovaci\u00f3n de Triple Impacto, Fernando Costa de Agil Rent a Car, Fabi\u00e1n De Rocco de El Term\u00f3metro, Mat\u00edas Dentoni de Papelera Mas Pack, Mar\u00eda Luj\u00e1n D\u00edaz Calle y equipo de Angelina Pasteler\u00eda, Roberto Lollo de Redconar, Leonardo Andr\u00e9s L\u00f3pez de Peluquer\u00edas Staff Modern, Fernando Mazzetti de Estudio Mazzetti, Hern\u00e1n Quintana Gonz\u00e1lez de QAB Quintana Catering, Mart\u00edn Simeoni de Torrente Espacio Teatral, Federico Szir de RHPortable, Noelia Verdi y Gabriel Pe\u00f1a de Port\u00e1tiles del Norte y Lorena Zigalini de Instituto de Danzas &amp; Artes Loreley.<\/span><\/p>\n<p><a href=\"https:\/\/quasarcomunicacion.com.ar\/web\/wp-content\/uploads\/2019\/09\/jovenes2019a.gif\"><img class=\"aligncenter\" alt=\"jovenes2019a\" src=\"https:\/\/quasarcomunicacion.com.ar\/web\/wp-content\/uploads\/2019\/09\/jovenes2019a.gif\" \/><\/a><\/p>\n<p><span style=\"font-family: Verdana; font-size: small;\">Juli\u00e1n Candermo dijo \u00abel proyecto de estas chicas realmente es espectacular, esperamos puedan seguir apoy\u00e1ndolo para que contin\u00faen con estas iniciativas que tan bien le hacen al ecosistema local\u00bb. <\/span><\/p>\n<p><span style=\"font-family: Verdana; font-size: small;\">Por su parte, Mat\u00edas Dentoni dijo \u00abest\u00e1 muy bueno que que haya emprendedores j\u00f3venes y no tan j\u00f3venes, ya que la juventud se lleva en el alma y en las iniciativas y ganas de hacer algo, eso nunca se tiene que acabar, sigamos trabajando de esta manera\u00bb.<\/span><\/p>\n<p><span style=\"font-family: Verdana; font-size: small;\">Roberto Lollo, de Redconar, asegur\u00f3 que \u00absomos un caso raro, que sigue creciendo a pesar de la crisis. Somos un emprendimiento joven, de tan s\u00f3lo 4 a\u00f1os y siempre fui un emprendedor. Mi ciclo era cada 5 a\u00f1os, en muchos me fue mal, como a muchos de uds, pero hay que seguir adelante, el emprendedor tiene por naturaleza que seguir adelante. Sigan adelante en caso que no les vaya bien, lo importante es tener la energ\u00eda y la actitud. Y adem\u00e1s, sepan asociarse, porque las sociedades ayudan mucho y esto genera muchos cambios. Hoy somos casi 20 personas trabajando en la empresa. Sigan adelante, y haganl\u00f3 con actitud\u00bb.<\/span><\/p>\n<p><span style=\"font-family: Verdana; font-size: small;\">Fernando Mazzetti, de Estudio Fernando Mazzetti y parte del staff de la Escuela para Emprendedores, tambi\u00e9n se dirigi\u00f3 a los asistentes agradeciendo el reconocimiento y la invitaci\u00f3n y \u00abyo no me hab\u00eda dato cuenta que era un emprendedor y empec\u00e9 a darme cuenta que mis emprendimientos surg\u00edan del aburrirme, que puede ser algo malo pero a mi me ayuda a buscar cosas nuevas. Me he quedado sin trabajo, la empresa en la que trabajaba quebr\u00f3 y yo ya ten\u00eda un emprendimiento encarado.\u00a0 Saber aburrirse, aprender a aburrirse para encontrar algo distinto es un gran valor de los emprendedores, y tambi\u00e9n encontrar la gente adecuada que te ayude a crecer, profesionales en qui\u00e9n poder apoyarse. Supe ser un emprendedor solitario, pero asociarte te har\u00e1 crecer\u00bb.<\/span><\/p>\n<p><span style=\"font-family: Verdana; font-size: small;\">Tambi\u00e9n se distingui\u00f3 a emprendedores culturales como Mart\u00edn Simeoni y Lorena Zigalini. Simeoni, responsable de Torrente y director de La Comedia del Pilar indic\u00f3 que \u00abTorrente surge como una necesidad de seguir expres\u00e1ndonos, m\u00e1s en este momento de crisis donde necesitamos canalizar el arte. Torrente es un espacio por donde pasan los elencos de Pilar, dictamos talleres, seminarios, cursos. Y surgi\u00f3 como una locura y nos va bien, estamos felices.\u00bb<\/span><\/p>\n<p><a href=\"https:\/\/quasarcomunicacion.com.ar\/web\/wp-content\/uploads\/2019\/09\/jovenes2019b.gif\"><img class=\"aligncenter\" alt=\"jovenes2019b\" src=\"https:\/\/quasarcomunicacion.com.ar\/web\/wp-content\/uploads\/2019\/09\/jovenes2019b.gif\" \/><\/a><\/p>\n<p><span style=\"font-family: Verdana; font-size: small;\">\u00abLes agradecemos a uds el apoyo al mundo emprendedor, que es fundamental para el desarrollo del empresario, no solo en capacitaciones y redes de contactos sino con defender los derechos de los emprendedores que eso es important\u00edsimo. Y tambi\u00e9n es bueno no solo ser usuario de los grupos de emprendedores sino protagonistas, participar, organizar y esa es una buena manera de crecer\u00bb, agreg\u00f3 Federico Szir de RHPortable.<\/span><\/p>\n<p><span style=\"font-family: Verdana; font-size: small;\">Hubo sorteos, regalos y un brindis final.<\/span><\/p>\n<p><span style=\"font-family: Verdana; font-size: small;\"> <a href=\"https:\/\/www.facebook.com\/pg\/pilaremprendefanpage\/photos\/?tab=album&amp;album_id=2407720672840732&amp;__tn__=-U-R\"> Todas las im\u00e1genes aqu\u00ed<\/a><\/span><\/p>\n<p><span style=\"font-family: Verdana; font-size: small;\">La acci\u00f3n que se realiz\u00f3 por tercera vez en el distrito busca fomentar el esp\u00edritu empresarial en los j\u00f3venes y cuenta con el apoyo de Emprender Hoy, ASEA (Asociaci\u00f3n de Emprendedores de la Argentina), Pilar GPS la Gu\u00eda de Productos y Servicios de Pilar, la Escuela para Emprendedores de Pilar #SomosEPE, Pilar Hoy Noticias, Qu\u00e1sar Comunicaci\u00f3n, Cespym Cursos, Grupo Blue Insumos para Empresas, Remises Pilar, Grupo Control Total de Plagas, Natalia Romero Desarrollo Personal y Profesional, entre otros.<\/span><\/p>\n<p><span style=\"font-family: Verdana; font-size: small;\">Los asistentes disfrutaron degustaciones de alimentos y bebidas de emprendedors locales como CG Wine &amp; Whisky, una barra de tragos de Smart Drink, Mamma Ho Fame con su comida saludable, Jack\u00b4n Johnnie Salsas y Mayonesas, Appletizzing Delicias, T\u00e9 de Reinas con degustaci\u00f3n de t\u00e9s, Criollito Express, Sabrosa Cosecha, Dulces Silvia, entre otro<\/span>s.<\/p>\n<p><span style=\"font-family: Verdana; font-size: small;\">La primera vez que se celebr\u00f3 esta fecha en Pilar fue en 2014 y luego en 2017.\u00a0\u00a0 <\/span><\/p>\n<p><span style=\"font-family: Verdana; font-size: small;\">Cabe recordar que el D\u00eda Nacional del Joven Empresario fue sancionado como tal por el Congreso a trav\u00e9s de la Ley N\u00b0 26.878, impulsada por la Federaci\u00f3n Argentina de J\u00f3venes Empresarios (FEDAJE), rama joven de la Confederaci\u00f3n Argentina de la Mediana Empresa (CAME). Esto ocurri\u00f3 en el a\u00f1o 2013.<\/span><\/p>\n<p><span style=\"font-family: Verdana; font-size: small;\">La ley tiene como objeto reconocer el esfuerzo que realizan muchos emprendedores juveniles en nuestro pa\u00eds. El empresariado juvenil lucha y se esfuerza a diario para llevar adelante su cometido, generando expectativas de progreso y ampliando las fuentes de trabajo de nuestra comunidad. De esta forma, queda clara la importancia de impulsar la acci\u00f3n de j\u00f3venes capacitados en tareas empresariales que expandan todas las fronteras productivas. <\/span><\/p>\n<p><span style=\"font-family: Verdana; font-size: small;\">La elecci\u00f3n del 19 de septiembre como D\u00eda Nacional del Joven Empresario se remonta al 19 de septiembre de 2007 cuando, en el marco del 1\u00ba Encuentro Nacional, reuni\u00f3n sectorial masiva de j\u00f3venes empresarios que deriv\u00f3 en una Asamblea Constitutiva, representantes de todo el pa\u00eds avalaron la conformaci\u00f3n de la FEDAJE, convirti\u00e9ndose en una verdadera red con esp\u00edritu federal para la defensa de los intereses de las nuevas generaciones de empresarios de todo el pa\u00eds.<\/span><\/p>\n<p><span style=\"font-family: Verdana; font-size: small;\">M\u00e1s info en <a href=\"https:\/\/linktr.ee\/eventoseh\"> https:\/\/linktr.ee\/eventoseh<\/a> <\/span><\/p>\n<p><span style=\"font-family: Verdana; font-size: small;\"><b>Acerca de Emprender HOY<\/b><\/span><\/p>\n<p>&nbsp;<\/p>\n<p><span style=\"font-family: Verdana; font-size: xx-small;\"><b>Emprender HOY<\/b> es un espacio para todos los emprendedores que se materializa en diversos eventos como ferias, encuentros, capacitaciones, consultor\u00edas, espacios de networking, entre otros. Est\u00e1 conformado por un equipo de profesionales emprendedores que ofrecen su experiencia y conocimiento para ayudar a otros que est\u00e1n emprendiendo a crecer con sus proyectos.<\/span><\/p>\n<p><span style=\"font-family: Verdana; font-size: xx-small;\">M\u00e1s info <\/span> <a href=\"https:\/\/linktr.ee\/emprenderhoy\"> https:\/\/linktr.ee\/emprenderhoy<\/a><\/p>\n<p><span style=\"font-family: Verdana; font-size: xx-small;\">La raz\u00f3n de ser, la misi\u00f3n, de<b> Emprender HOY <\/b>es proporcionar al sector Emprendedor herramientas y conocimientos que le permitan desarrollar su propio emprendimiento e incorporar competencias que deriven en su mejora continua. <\/span><\/p>\n<p><span style=\"font-family: Verdana; font-size: xx-small;\">Buscan fomentar una cultura colaborativa, el autoempleo y la sustentabilidad de los proyectos contribuyendo a la generaci\u00f3n de valor econ\u00f3mico en la sociedad a trav\u00e9s de la creaci\u00f3n y sostenimiento de un ecosistema emprendedor. <\/span><\/p>\n<p><span style=\"font-family: Verdana; font-size: xx-small;\">Aspiran a ser un canal de comunicaci\u00f3n entre los emprendedores y entre las instituciones y organismos dedicados a ellos<\/span><\/p>\n<p><span style=\"font-family: Verdana; font-size: xx-small;\"><b>Emprender Hoy<\/b>, a trav\u00e9s del proyecto <b>#DESARROLLOEMPRENDEDOR<\/b> desarrolla por sexto a\u00f1o consecutivo un ciclo de actividades gratuitas compuesto por charlas y encuentros de networking.<\/span><\/p>\n<p><span style=\"font-family: Verdana; font-size: xx-small;\">El mismo se desarrolla en la ciudad de Pilar (Bs. As., Argentina) y cuenta con el apoyo de diferentes instituciones, particulares, medios de comunicaci\u00f3n y consultores independientes que comparten su conocimiento de manera desinteresada. <\/span><\/p>\n<p><b><span style=\"font-family: Verdana; font-size: small;\">Acerca de Pilar Emprende by Emprender HOY <\/span><\/b><\/p>\n<p><span style=\"font-family: Verdana; font-size: xx-small;\"><b> Pilar Emprende<\/b> surge a partir del trabajo de <b>Emprender HOY, <\/b> un espacio que busca otorgarle valor a los proyectos de emprendedores de la zona, acompa\u00f1arlos en su puesta en marcha y disfrutar en equipo de los objetivos cumplidos <\/span><\/p>\n<p><span style=\"font-family: Verdana; font-size: xx-small;\">Para cumplir con su misi\u00f3n, brindan herramientas, espacios de networking, capacitaciones, tips, noticias, consultor\u00eda y todo lo que necesita el emprendedor para crecer y conformar un s\u00f3lido ecosistema emprendedor. <\/span><\/p>\n<p><span style=\"font-family: Verdana; font-size: xx-small;\"><b>Pilar Emprende<\/b> es un espacio pensado por emprendedores para los emprendedores de Pilar que junto a <b>Emprender HOY<\/b> le brindan oportunidades para crecer con su proyecto<\/span><\/p>\n<p><span style=\"font-family: Verdana; font-size: xx-small;\"><b> Emprender HOY <\/b>es un espacio para todos los emprendedores que se materializa en diversos eventos como ferias, encuentros, capacitaciones, consultor\u00edas, espacios de networking, entre otros. <\/span><\/p>\n<p><span style=\"font-family: Verdana; font-size: xx-small;\">La raz\u00f3n de ser, la misi\u00f3n, de <b>Emprender HOY <\/b>es proporcionar al sector Emprendedor herramientas y conocimientos que le permitan desarrollar su propio emprendimiento e incorporar competencias que deriven en su mejora continua. <\/span><\/p>\n<p><span style=\"font-family: Verdana; font-size: xx-small;\">Desde la instituci\u00f3n buscan fomentar el autoempleo y la sustentabilidad de los proyectos contribuyendo a la generaci\u00f3n de valor econ\u00f3mico en la sociedad a trav\u00e9s de la creaci\u00f3n y sostenimiento de un ecosistema emprendedor. Aspiran a ser un canal de comunicaci\u00f3n entre los emprendedores y entre las instituciones y organismos dedicados a ellos <\/span><\/p>\n<p><span style=\"font-family: Verdana; font-size: xx-small;\">Tambi\u00e9n cuentan con un grupo de consultores independientes que acercan su saber a los emprendedores, gener\u00e1ndose una comunidad donde la informaci\u00f3n se comparte de forma exponencial y viral <\/span><\/p>\n<p><span style=\"font-size: small;\"><b><i><span style=\"font-family: Arial;\">Por otras im\u00e1genes, audios o entrevistas no dude en contactarse<\/span><\/i><\/b><\/span><\/p>\n<p align=\"center\"><span style=\"font-size: small;\"><b><i> Contactos de Prensa<\/i><\/b><\/span><\/p>\n<div align=\"left\">\n<table width=\"100%\" border=\"1\" cellpadding=\"2\" align=\"left\">\n<tbody>\n<tr>\n<td align=\"center\" width=\"50%\">\n<p align=\"left\"><span style=\"font-size: medium;\"><strong><span style=\"color: #808080; font-family: Arial; font-size: small;\"> Candela Villanueva &#8211; Asistente de Cuentas<\/p>\n<p><\/span> <\/strong><\/span> <span style=\"font-size: xx-small;\"><span style=\"color: #ff0000;\"> Directo<\/span><b>: <\/b> 0230<\/span><span style=\"font-size: xx-small;\">-4664772<br \/>\n<\/span><span style=\"color: #ff0000; font-size: xx-small;\"> Skype:<\/span><span style=\"font-size: xx-small;\"> quasarcomunicacion<br \/>\n<span style=\"color: #ff0000;\"> Instagram<\/span>: @quasarcomunicacion<br \/>\n<\/span><span style=\"color: #ff0000; font-size: xx-small;\"> Twitter:<\/span><span style=\"font-size: xx-small;\"> @quasarpilar<br \/>\n<\/span><span style=\"color: #ff0000; font-size: xx-small;\"> Gr<\/span><span style=\"color: #ff0000; font-size: xx-small;\">upo y p\u00e1gina en Facebook: <\/span> <span style=\"color: #808080; font-size: xx-small;\">www.facebook.com\/<\/span><a href=\"mailto:mfipata@gmail.com\"><span style=\"font-size: xx-small;\">Quasar<\/span><\/a><span style=\"font-size: xx-small;\">Comunicacion<br \/>\n<\/span><span style=\"color: #ff0000; font-size: xx-small;\"> Web:<\/span><b><\/b> <a href=\"http:\/\/www.quasarcomunicacion.com.ar\/\"> <span style=\"font-size: xx-small;\">www.quasarcomunicacion.com.ar<\/span><\/a><\/p>\n<p align=\"left\"><span style=\"font-size: xx-small;\"> <span style=\"color: #ff0000;\">Mail<\/span><b>:<\/b><\/span><span style=\"font-size: xx-small;\"> <a href=\"mailto:fernanda@quasarcomunicacion.com.ar\"> candela<\/a><a href=\"mailto:fernanda@quasarcomunicacion.com.ar\">@quasarcomunicacion.com.ar<\/a><\/span><\/p>\n<\/td>\n<td align=\"center\" width=\"50%\">\n<p align=\"left\"><strong> <span style=\"color: #ff0000; font-family: Arial; font-size: small;\">Virginia Rodr\u00edguez Herrera<\/span><\/strong><span style=\"font-size: medium;\"><strong><span style=\"color: #808080; font-family: Arial; font-size: small;\"> &#8211; Asistente de Cuentas<\/p>\n<p><\/span> <\/strong><\/span> <span style=\"font-size: xx-small;\"><span style=\"color: #ff0000;\"> Directo<\/span><b>: <\/b> 0230<\/span><span style=\"font-size: xx-small;\">-4664772<br \/>\n<\/span><span style=\"font-size: xx-small;\"><span style=\"color: #ff0000;\"> Whatsapp<\/span><span style=\"color: #ff0000;\">:<\/span><a href=\"https:\/\/bit.ly\/2J4cUvm\"> 11 5312 6795<\/a><\/span><br \/>\n<span style=\"font-size: small;\"> <a href=\"https:\/\/bit.ly\/2Sn1zLP\">Enviar whatsapp aqu\u00ed<\/a><\/span><span style=\"font-size: xx-small;\"><br \/>\n<\/span><span style=\"color: #ff0000; font-size: xx-small;\"> Skype:<\/span><span style=\"font-size: xx-small;\"> quasarcomunicacion<br \/>\n<\/span><span style=\"color: #ff0000; font-size: xx-small;\"> Twitter:<\/span><span style=\"font-size: xx-small;\"> @quasarpilar<br \/>\n<span style=\"color: #ff0000;\">Instagram y Facebook:<\/span> @quasarcomunicacion<br \/>\n<\/span><span style=\"color: #ff0000; font-size: xx-small;\"> Web:<\/span><b><\/b> <a href=\"http:\/\/www.quasarcomunicacion.com.ar\/\"> <span style=\"font-size: xx-small;\">www.quasarcomunicacion.com.ar<\/span><\/a><span style=\"font-size: xx-small;\"><span style=\"color: #ff0000;\"><br \/>\nMail<\/span><b>:<\/b><\/span><span style=\"font-size: xx-small;\"> <a href=\"mailto:fernanda@quasarcomunicacion.com.ar\"> asistente@quasarcomunicacion.com.ar<\/a><\/span><\/p>\n<\/td>\n<\/tr>\n<\/tbody>\n<\/table>\n<\/div>\n","protected":false},"excerpt":{"rendered":"<p>Por tercera vez en el distrito, organizado por Pilar Emprende by Emprender Hoy, se celebr\u00f3 el pasado viernes 20 de [&hellip;]<\/p>\n","protected":false},"author":2,"featured_media":9631,"comment_status":"open","ping_status":"open","sticky":false,"template":"","format":"standard","meta":[],"categories":[2,34],"tags":[],"_links":{"self":[{"href":"https:\/\/quasarcomunicacion.com.ar\/web\/wp-json\/wp\/v2\/posts\/9632"}],"collection":[{"href":"https:\/\/quasarcomunicacion.com.ar\/web\/wp-json\/wp\/v2\/posts"}],"about":[{"href":"https:\/\/quasarcomunicacion.com.ar\/web\/wp-json\/wp\/v2\/types\/post"}],"author":[{"embeddable":true,"href":"https:\/\/quasarcomunicacion.com.ar\/web\/wp-json\/wp\/v2\/users\/2"}],"replies":[{"embeddable":true,"href":"https:\/\/quasarcomunicacion.com.ar\/web\/wp-json\/wp\/v2\/comments?post=9632"}],"version-history":[{"count":0,"href":"https:\/\/quasarcomunicacion.com.ar\/web\/wp-json\/wp\/v2\/posts\/9632\/revisions"}],"wp:featuredmedia":[{"embeddable":true,"href":"https:\/\/quasarcomunicacion.com.ar\/web\/wp-json\/wp\/v2\/media\/9631"}],"wp:attachment":[{"href":"https:\/\/quasarcomunicacion.com.ar\/web\/wp-json\/wp\/v2\/media?parent=9632"}],"wp:term":[{"taxonomy":"category","embeddable":true,"href":"https:\/\/quasarcomunicacion.com.ar\/web\/wp-json\/wp\/v2\/categories?post=9632"},{"taxonomy":"post_tag","embeddable":true,"href":"https:\/\/quasarcomunicacion.com.ar\/web\/wp-json\/wp\/v2\/tags?post=9632"}],"curies":[{"name":"wp","href":"https:\/\/api.w.org\/{rel}","templated":true}]}}