{"id":9574,"date":"2019-08-28T13:52:39","date_gmt":"2019-08-28T16:52:39","guid":{"rendered":"https:\/\/quasarcomunicacion.com.ar\/web\/?p=9574"},"modified":"2019-08-28T13:52:39","modified_gmt":"2019-08-28T16:52:39","slug":"historiafacebook","status":"publish","type":"post","link":"https:\/\/quasarcomunicacion.com.ar\/web\/historiafacebook\/","title":{"rendered":"La historia de tu Emprendimiento en Facebook"},"content":{"rendered":"<p>La secci\u00f3n HISTORIA dentro de tu fan page es sumamente importante para brindar m\u00e1s informaci\u00f3n sobre tu emprendimiento. Al solicitar esta informaci\u00f3n para hacer el diagn\u00f3stico Express Gratuito nos dimos cuenta que muchos confund\u00edan esta informaci\u00f3n diciendo que la ten\u00edan configurada y no era as\u00ed.<!--more--><br \/>\nEntonces \u00bfqu\u00e9 es y d\u00f3nde encuentro la historia de mi emprendimiento?<br \/>\nMir\u00e1 este video y aprend\u00e9 todos los detalles<br \/>\n<iframe loading=\"lazy\" frameborder=\"0\" height=\"315\" src=\"https:\/\/www.youtube.com\/embed\/jVv9VCahv0s\" width=\"560\"><\/iframe><br \/>\nY si no la ten\u00e9s configurada, te aparecer\u00e1 como administrador de la p\u00e1gina, esta secci\u00f3n de la siguiente manera, indic\u00e1ndote que \u00abTermina tu historia para contar m\u00e1s detalles sobre tu empresa a las personas\u00bb. Si no sos el administrador directamente no aparece nada.<br \/>\n<a href=\"https:\/\/quasarcomunicacion.com.ar\/web\/wp-content\/uploads\/2019\/08\/historias.jpg\"><img class=\"aligncenter\" alt=\"historias\" src=\"https:\/\/quasarcomunicacion.com.ar\/web\/wp-content\/uploads\/2019\/08\/historias.jpg\" \/><\/a><br \/>\n&nbsp;<br \/>\nHaciendo click en el texto te pide que a\u00f1adas una foto que te ayude a contar la historia, siempre lo visual es sumamente recomendable para comunicar mejor.<br \/>\nTambi\u00e9n podr\u00e1s agregar un t\u00edtulo o un subt\u00edtulo que represente a tu empresa. Y por \u00faltimo ingres\u00e1s al espacio exclusivo para compartir lo importante de tu empresa, Faceboook recomienda contar tu historia, crear una lista, a\u00f1adir tus fotos preferidas o presentar a tu equipo, entre otras cosas.<br \/>\nAl hacer click podr\u00e1s configurar la historia agregando una foto de portada que pod\u00e9s ya tener subida o hacerla especialmente, y el texto con los enlaces e im\u00e1genes que consideres<br \/>\nConoc\u00e9 nuestra historia aqu\u00ed\u00a0<a href=\"https:\/\/www.facebook.com\/QuasarComunicacion\/\">https:\/\/www.facebook.com\/QuasarComunicacion\/<\/a><\/p>\n","protected":false},"excerpt":{"rendered":"<p>La secci\u00f3n HISTORIA dentro de tu fan page es sumamente importante para brindar m\u00e1s informaci\u00f3n sobre tu emprendimiento. Al solicitar [&hellip;]<\/p>\n","protected":false},"author":2,"featured_media":9576,"comment_status":"open","ping_status":"open","sticky":false,"template":"","format":"standard","meta":[],"categories":[65,64],"tags":[],"_links":{"self":[{"href":"https:\/\/quasarcomunicacion.com.ar\/web\/wp-json\/wp\/v2\/posts\/9574"}],"collection":[{"href":"https:\/\/quasarcomunicacion.com.ar\/web\/wp-json\/wp\/v2\/posts"}],"about":[{"href":"https:\/\/quasarcomunicacion.com.ar\/web\/wp-json\/wp\/v2\/types\/post"}],"author":[{"embeddable":true,"href":"https:\/\/quasarcomunicacion.com.ar\/web\/wp-json\/wp\/v2\/users\/2"}],"replies":[{"embeddable":true,"href":"https:\/\/quasarcomunicacion.com.ar\/web\/wp-json\/wp\/v2\/comments?post=9574"}],"version-history":[{"count":0,"href":"https:\/\/quasarcomunicacion.com.ar\/web\/wp-json\/wp\/v2\/posts\/9574\/revisions"}],"wp:featuredmedia":[{"embeddable":true,"href":"https:\/\/quasarcomunicacion.com.ar\/web\/wp-json\/wp\/v2\/media\/9576"}],"wp:attachment":[{"href":"https:\/\/quasarcomunicacion.com.ar\/web\/wp-json\/wp\/v2\/media?parent=9574"}],"wp:term":[{"taxonomy":"category","embeddable":true,"href":"https:\/\/quasarcomunicacion.com.ar\/web\/wp-json\/wp\/v2\/categories?post=9574"},{"taxonomy":"post_tag","embeddable":true,"href":"https:\/\/quasarcomunicacion.com.ar\/web\/wp-json\/wp\/v2\/tags?post=9574"}],"curies":[{"name":"wp","href":"https:\/\/api.w.org\/{rel}","templated":true}]}}