{"id":9570,"date":"2019-08-27T12:06:18","date_gmt":"2019-08-27T15:06:18","guid":{"rendered":"https:\/\/quasarcomunicacion.com.ar\/web\/?p=9570"},"modified":"2019-08-27T12:06:18","modified_gmt":"2019-08-27T15:06:18","slug":"el-estres-y-las-secretarias-como-romper-esa-relacion-toxica","status":"publish","type":"post","link":"https:\/\/quasarcomunicacion.com.ar\/web\/el-estres-y-las-secretarias-como-romper-esa-relacion-toxica\/","title":{"rendered":"El estr\u00e9s y las secretarias, \u00bfc\u00f3mo romper esa relaci\u00f3n t\u00f3xica?"},"content":{"rendered":"<p style=\"text-align: left;\" align=\"center\">\u00a0En el marco del D\u00eda de la Secretaria, nos detenemos a reflexionar sobre el desempe\u00f1o laboral de las profesiones que realizan m\u00faltiples tareas, como asistentes y secretarias, que tienen mayores tendencias a sufrir estr\u00e9s y trastornos de ansiedad generalizada, debido a las exigencias laborales de sus jefes. Los especialistas del <b>Centro de Estudios Especializados en Trastornos de Ansiedad (CEETA)<\/b> brindan consejos para poder atravesar determinadas situaciones sin estr\u00e9s y crear nuevos h\u00e1bitos que permitan evitarlas.<!--more--><\/p>\n<p>\u00a0<a href=\"https:\/\/quasarcomunicacion.com.ar\/web\/wp-content\/uploads\/2019\/08\/secretaria.gif\"><img class=\"aligncenter\" alt=\"secretaria\" src=\"https:\/\/quasarcomunicacion.com.ar\/web\/wp-content\/uploads\/2019\/08\/secretaria.gif\" \/><\/a><\/p>\n<p>Aquellos profesionales que trabajan en relaci\u00f3n de dependencia y que permanecen frente a una computadora por m\u00e1s de cuatro horas son m\u00e1s propensos a sufrir del s\u00edndrome Burnout, un trastorno emocional por estr\u00e9s causado por el trabajo. Adem\u00e1s, la Organizaci\u00f3n Mundial de la Salud (OMS) menciona que esta saturaci\u00f3n se debe a la sobrecarga de trabajo y responsabilidades, llevarse el trabajo a casa, entre otras.<\/p>\n<p>De acuerdo con los especialistas de <b>CEETA<\/b>, esta sobrecarga laboral cambia el comportamiento y el estado de \u00e1nimo de los profesionales, debido al agotamiento f\u00edsico y mental. Esta condici\u00f3n se va agravada por las tecnolog\u00edas que se incorporan a las tareas laborales, ya que permiten estar conectados en cualquier momento, lo cual impide que el trabajo quede en las oficinas, sino que se traslade a los hogares, a las actividades fuera de la oficina como ir al banco o visitar proveedores o clientes, e incluso fuera de la jornada laboral.<\/p>\n<p>La Lic. Gabriela Mart\u00ednez Castro, Directora de <b>CEETA<\/b>, menciona que esta conexi\u00f3n ilimitada \u201caumenta mucho la dificultad de descansar adecuadamente, hace que descansemos menos horas por d\u00eda, ya que estamos conectados hasta el mismo momento que nos vamos a dormir y lo primero que hacemos en general al levantarnos es chequear el celular o bien durante el desayuno. Como resultado, se condiciona la eficacia en nuestras obligaciones del d\u00eda siguiente y, a su vez, disminuye la atenci\u00f3n, la concentraci\u00f3n y la memoria. Aumenta la irritabilidad y los s\u00edntomas de ansiedad, lo cual va a en detrimento de nuestra calidad de vida\u201d.<\/p>\n<p>Los smartphones son un claro ejemplo de las nuevas tecnolog\u00edas que se utilizan para trabajar, que obligan a los profesionales a estar pendiente en todo momentos de los mensajes y tareas que reciben de sus jefes o clientes. \u201cLa desconexi\u00f3n del trabajo en horarios no laborales es bastante sencilla, simplemente hay que ponerla en pr\u00e1ctica y hacer el h\u00e1bito. No contestar, fuera del horario de trabajo, las cuestiones que tengan que ver con nuestras obligaciones laborales, acad\u00e9micas o de otro tipo. Y dejar estas respuestas pendientes para momentos dentro del horario de trabajo. Es importante establecer los momentos para no chequear el celular, como por ejemplo durante el desayuno o durante el almuerzo y despu\u00e9s de la cena. Esto es lo ideal, y se puede hacer perfectamente, simplemente es una cuesti\u00f3n de actitud; hay que propon\u00e9rselo y generar el habito\u201d, aconseja la licenciada.<\/p>\n<p>Respecto a la condici\u00f3n de que el secretariado es una de las profesiones con altos grados de estr\u00e9s, Mart\u00ednez Castro indica que \u201cesto se debe en parte a que en su labor diaria, las secretarias conviven con muchas presiones laborales y tienen que cumplir con ciertas \u00f3rdenes y exigencias, que reciben de sus jefes\u201d. Adem\u00e1s, agrega que debido a la situaci\u00f3n econ\u00f3mica actual, puede suceder que tengan que ocuparse de una gran cantidad de tareas, en un tiempo determinado y deban asumir roles que antes no les correspond\u00edan o estaban en manos de otros empleados.<\/p>\n<p>Respecto al multitasking, entendido como la capacidad de hacer muchas cosas al mismo tiempo, menciona que \u00e9ste habilita un gran margen de error, ya que la atenci\u00f3n dividida entre muchas cosas permite cometer errores f\u00e1cilmente, lo cual genera estr\u00e9s y frustraci\u00f3n. \u201cEste tipo de actividades aumenta el nerviosismo y la ansiedad, y disminuye casi matem\u00e1ticamente, la atenci\u00f3n, concentraci\u00f3n y memoria, ya que no profundizamos en cada uno de los temas y a su vez estamos en todos al mismo tiempo\u201d, a\u00f1ade.<\/p>\n<p><span style=\"font-size: small;\"> El Home Office, una soluci\u00f3n posible<\/span><\/p>\n<p>La modalidad de home office es una buena opci\u00f3n para descomprimir las tensiones de la oficina. Se basa en la flexibilidad de las empresas a la hora de establecer horarios y determinar los espacios de trabajo, que permite realizar las tareas desde cualquier lugar, ya sea el hogar o una cafeter\u00eda. Esta incorporaci\u00f3n brinda beneficios para los empleados y est\u00e1 demostrado que favorece la productividad de las empresas, ya que los profesionales est\u00e1n m\u00e1s relajados trabajando en un lugar distinto al de todos los d\u00edas.<\/p>\n<p>Para aquellos que deben encargarse de la familia, esta modalidad puede permitirles organizar los tiempos para realizar las actividades laborales y tambi\u00e9n hacer algunas tareas del hogar o cuidado de los hijos. Por otro lado, tambi\u00e9n permite reducir gastos en el trasporte y gastronom\u00eda. De esta forma, aumenta la satisfacci\u00f3n de los profesionales y permite que reducir la saturaci\u00f3n y el estr\u00e9s laboral, ya que poder trabajar en un ambiente agradable y tranquilo facilita la realizaci\u00f3n de las tareas, lejos de los ambientes desmotivadores y las preocupaciones de la oficina.<\/p>\n<p>Pero esta modalidad no es para cualquiera, ya que hay algunas personas que se desconcentran mucho con el silencio y en su casa y distorsiona la capacidad de concentraci\u00f3n en la tarea, porque esta mezclado el hecho de estar relajados en casa y las obligaciones laborales. \u201cMuchos familiares o parejas suponen que por estar haciendo home office la persona no est\u00e1 trabajando, piden favores o interrumpen la tarea y se hace m\u00e1s dif\u00edcil\u201d, indica Mart\u00ednez Castro.<\/p>\n<p>\u201cSin embargo, ayuda mucho para personas que tienen dificultades para poder movilizarse, como es en el caso de aquellos que sufren de trastornos de p\u00e1nico, que les cuesta mucho poder moverse solos a sus lugares de trabajo por temor a manejar o por temor a movilizarse en transportes p\u00fablicos\u201d, contin\u00faa.<\/p>\n<p>Algunas de las recomendaciones que propone Gabriela Mart\u00ednez Castro para reducir el estr\u00e9s en los puestos de trabajo incluyen:<\/p>\n<p>*Delegar tareas, que sirve para establecer ciertos l\u00edmites y no tratar de controlar todo y no sobrecargarse de responsabilidades<br \/>\n*Buscar un equilibrio entre las obligaciones y el ocio para no llevar a los hogares el estr\u00e9s y tareas laborales<br \/>\n*Utilizar una agenda para programar las actividades y organizar de la mejor manera las tareas y evitar la acumulaci\u00f3n y el estr\u00e9s que eso genera.<br \/>\n*Establecer prioridades de las tareas<br \/>\n*Intentar de desconectarse de los v\u00ednculos con compa\u00f1eros de trabajos y jefes cuando termina la jornada.<\/p>\n<p>Los picos de estr\u00e9s laborales afectan preferentemente a los profesionales, quienes se esfuerzan desmedidamente y de forma sostenida en el tiempo, lo cual origina grandes riesgos de contraer enfermedades, afectando su rendimiento laboral y su calidad de vida.<\/p>\n<p>Los especialistas de <b>CEETA<\/b> recomiendan terapias de relajaci\u00f3n, meditaci\u00f3n y terapia f\u00edsica con el objetivo de relajar la tensi\u00f3n muscular. Buscar realizar actividades de entretenimiento para lograr dispersar la mente y desconectarse del trabajo. Y en ciertos casos, consultar con un profesional para reducir la ansiedad y el estr\u00e9s, mejorar la calidad de vida y adquirir h\u00e1bitos laborales saludables.<\/p>\n<p><span style=\"font-family: Verdana; font-size: small;\">\u00a0<\/span>El <b>Centro de Estudios Especializados en Trastornos de Ansiedad (CEETA)<\/b> tiene su sede central en 46 Plaza, Edificio Agora 3, 1\u00ba piso oficina 109 (Ramal Pilar Km 46). Tel\u00e9fono: \u00a00230-4667175 o al 011-4788-6245 \/ <a href=\"http:\/\/www.ceeta.org\/\"> www.ceeta.org<\/a>\u00a0 Tambi\u00e9n tiene sedes en\u00a0 Parque Patricios, Barrio Norte, Belgrano, San Isidro, Mor\u00f3n, Lomas de Zamora, Avellaneda y Quilmes, entre otras. En <b>facebook<\/b>, la fan page es <a href=\"https:\/\/www.facebook.com\/ansiedad.ceeta\"> https:\/\/www.facebook.com\/ansiedad.ceeta<\/a>\u00a0 <span style=\"font-family: Verdana; font-size: small;\">Consultas por <b>WHATSAPP<\/b>: +54 9 11 4402 7733<\/span><\/p>\n<p align=\"center\"><span style=\"font-family: Verdana; font-size: small;\">Acceso a toda la informaci\u00f3n ingresando en <a href=\"https:\/\/quasarcomunicacion.com.ar\/web\/ceeta\/\"> https:\/\/quasarcomunicacion.com.ar\/web\/ceeta\/<\/a> <\/span><\/p>\n<p><span style=\"font-size: small;\"><b><i>\u00a0<span style=\"font-family: Arial;\">Por otras im\u00e1genes, audios o entrevistas no dude en contactarse<\/span><\/i><\/b><\/span><\/p>\n<p align=\"center\"><span style=\"font-size: small;\"><b><i> Contactos de Prensa<\/i><\/b><\/span><\/p>\n<div align=\"left\">\n<table width=\"100%\" border=\"1\" cellpadding=\"2\" align=\"left\">\n<tbody>\n<tr>\n<td align=\"center\" valign=\"top\" width=\"54%\">\n<p align=\"left\"><strong> <span style=\"color: #ff0000; font-family: Arial; font-size: small;\">Virginia Rodr\u00edguez Herrera<\/span><\/strong><span style=\"font-size: medium;\"><strong><span style=\"color: #808080; font-family: Arial; font-size: small;\"> &#8211; Asistente de Cuentas<\/p>\n<p><\/span> <\/strong><\/span> <span style=\"font-size: xx-small;\"><span style=\"color: #ff0000;\"> Directo<\/span><b>: <\/b> 0230<\/span><span style=\"font-size: xx-small;\">-4664772<br \/>\n<\/span><span style=\"font-size: xx-small;\"><span style=\"color: #ff0000;\"> Whatsapp<\/span><span style=\"color: #ff0000;\">:<\/span><a href=\"https:\/\/bit.ly\/2J4cUvm\"> 11 5312 6795<\/a><\/span><br \/>\n<span style=\"font-size: small;\"> <a href=\"https:\/\/bit.ly\/2Sn1zLP\">Enviar whatsapp aqu\u00ed<\/a><\/span><span style=\"font-size: xx-small;\"><br \/>\n<\/span><span style=\"color: #ff0000; font-size: xx-small;\"> Skype:<\/span><span style=\"font-size: xx-small;\"> quasarcomunicacion<br \/>\n<\/span><span style=\"color: #ff0000; font-size: xx-small;\"> Twitter:<\/span><span style=\"font-size: xx-small;\"> @quasarpilar<br \/>\n<span style=\"color: #ff0000;\">Instagram y Facebook:<\/span> @quasarcomunicacion<br \/>\n<\/span><span style=\"color: #ff0000; font-size: xx-small;\"> Web:<\/span><b><\/b> <a href=\"http:\/\/www.quasarcomunicacion.com.ar\/\"> <span style=\"font-size: xx-small;\">www.quasarcomunicacion.com.ar<\/span><\/a><span style=\"font-size: xx-small;\"><span style=\"color: #ff0000;\"><br \/>\nMail<\/span><b>:<\/b><\/span><span style=\"font-size: xx-small;\"> <a href=\"mailto:fernanda@quasarcomunicacion.com.ar\"> asistente@quasarcomunicacion.com.ar<\/a><\/span><\/p>\n<\/td>\n<td align=\"center\" valign=\"top\" width=\"44%\">\n<p align=\"right\"><span style=\"font-size: medium;\"><strong> <span style=\"color: #808080; font-family: Arial; font-size: small;\"> Lic. Mar\u00eda Fernanda Ipata &#8211; Directora<br \/>\n<\/span> <\/strong><\/span> <span style=\"font-size: xx-small;\"><span style=\"color: #ff0000;\"><br \/>\n<\/span><\/span><span style=\"font-size: xx-small;\"><span style=\"color: #ff0000;\">Whatsapp<\/span><span style=\"color: #ff0000;\">:<\/span> <a href=\"https:\/\/bit.ly\/2J4cUvm\"> 0230<\/a><\/span><span style=\"font-size: xx-small;\"><a href=\"https:\/\/bit.ly\/2J4cUvm\">-15-4584535<\/a><\/span><br \/>\n<a href=\"https:\/\/bit.ly\/2J4cUvm\"> <span style=\"font-size: small;\">Enviar whatsapp aqu\u00ed<\/span><\/a><span style=\"font-size: small;\"><br \/>\n<\/span><span style=\"color: #ff0000; font-size: xx-small;\"> Skype:<\/span><span style=\"font-size: xx-small;\"> quasarcomunicacion<br \/>\n<\/span><span style=\"font-size: xx-small;\"> <span style=\"color: #ff0000;\">LinkedIn<\/span><b>:\u00a0 <\/b><\/span> <span style=\"font-size: xx-small;\"><b> <a href=\"http:\/\/www.linkedin.com\/in\/mfipata\"> http:\/\/www.linkedin.com\/in\/mfipata<\/a><\/b><\/span><br \/>\n<span style=\"font-size: xx-small;\"> <a href=\"https:\/\/www.linkedin.com\/company\/quasarcomunicacion\"> https:\/\/www.linkedin.com\/company\/quasarcomunicacion<\/a><br \/>\n<\/span><span style=\"font-size: xx-small;\"> <span style=\"color: #ff0000;\">Instagram y Facebook:<\/span> @quasarcomunicacion <\/span><span style=\"color: #ff0000; font-size: xx-small;\"><br \/>\nWeb:<\/span><b><\/b> <a href=\"http:\/\/www.quasarcomunicacion.com.ar\/\"> <span style=\"font-size: xx-small;\">www.quasarcomunicacion.com.ar<\/span><\/a><span style=\"font-size: xx-small;\"><br \/>\n<\/span><span style=\"font-size: xx-small;\"> <span style=\"color: #ff0000;\"> Mail<\/span><b>:<\/b><\/span><span style=\"font-size: xx-small;\"><a href=\"mailto:fernanda@quasarcomunicacion.com.ar\"> fernanda@quasarcomunicacion.com.ar<\/a><\/span><span style=\"color: #808080; font-size: xx-small;\">\u00a0 <\/span><\/p>\n<\/td>\n<\/tr>\n<\/tbody>\n<\/table>\n<\/div>\n<p align=\"center\">\n<p align=\"center\">\n<hr \/>\n<p><center><span style=\"font-family: Verdana; font-size: xx-small;\"><b>Acerca de la Lic. Gabriela Mart\u00ednez Castro<\/b><\/span><\/center><\/p>\n<p align=\"left\">\n<p align=\"left\"><i><span style=\"font-family: Verdana; font-size: xx-small;\">Gabriela Mart\u00ednez Castro es Licenciada en Psicolog\u00eda egresada de la Universidad de Belgrano en 1991. M\u00e1ster en Psicolog\u00eda Cl\u00ednica en M\u00e9xico. <\/span><\/i><\/p>\n<p><center><\/p>\n<p align=\"left\"><i><span style=\"font-family: Verdana; font-size: xx-small;\">Post-grado en Trastornos de Ansiedad de la Asociaci\u00f3n Argentina de Trastornos de Ansiedad. Psicoterapeuta Cognitiva-Conductual, orientada al trabajo con Trastornos de Ansiedad y Trastornos de la Personalidad.<\/span><\/i><\/p>\n<p align=\"left\"><i><span style=\"font-family: Verdana; font-size: xx-small;\">Formaci\u00f3n en Terapia Cognitivo Conductual de Tercera Ola en la Fundaci\u00f3n Favaloro.<\/p>\n<p>Ex coordinadora docente de la c\u00e1tedra de Psicolog\u00eda General en la Universidad de Belgrano. Ex coordinadora del Departamento de Psicodiagn\u00f3stico del Hospital Franc\u00e9s, \u00e1rea de Consultorios Externos. <\/span><\/i><\/p>\n<p><center><\/p>\n<p align=\"left\"><i><span style=\"font-family: Verdana; font-size: xx-small;\">Miembro de la Asociaci\u00f3n Argentina de Trastornos de Ansiedad. <\/span><\/i><\/p>\n<p><center><\/p>\n<p align=\"left\"><i><span style=\"font-family: Verdana; font-size: xx-small;\">Directora de CEETA (Centro de Estudios Especializados en Trastornos de Ansiedad) <\/span><\/i><\/p>\n<p><center><\/p>\n<p align=\"left\"><span style=\"font-family: Verdana; font-size: xx-small;\"><i>Centro de Estudios Especializados en Trastornos de Ansiedad (CEETA) &#8211; Edificio Concord-Sector los Almendros-piso segundo Oficina 202. Km 50 de la ruta Panamericana ramal Pilar. Tel\u00e9fono: 02322-667175 \u00f3 al Celular 15-4416-1578 <a href=\"http:\/\/www.ceeta.org\/\">www.ceeta.org<\/a>\u00a0 <\/i><\/span><\/p>\n<p align=\"left\"><span style=\"font-family: Verdana; font-size: xx-small;\"><b>Acerca de Lic. Mar\u00eda Cecilia Palozzo<\/b><\/span><\/p>\n<p align=\"left\"><i><span style=\"font-family: Verdana; font-size: xx-small;\">Licenciada en Psicolog\u00eda, egresada de la Facultad de Psicolog\u00eda y Psicopedagog\u00eda de la Universidad del Salvador.<br \/>\nSe especializ\u00f3 en Terapia Medica Familiar en la Universidad Nova Southeastern en Ft. Lauderdale, USA.<\/span><\/i><\/p>\n<p align=\"left\"><i><span style=\"font-family: Verdana; font-size: xx-small;\">Realiz\u00f3 cursos de post-grado en Clinical Psychology, Abnormal Psychology, Psychofarmacology of Drug &amp; Alcohol Abuse y Psychophysiology en la Universidad de Harvard, Extensi\u00f3n School, Boston, USA.<\/span><\/i><\/p>\n<p align=\"left\"><i><span style=\"font-family: Verdana; font-size: xx-small;\">Egresada del Curso Anual de Post-grado en Trastornos de Ansiedad de la Asociaci\u00f3n Argentina de Trastornos de Ansiedad.<\/span><\/i><\/p>\n<p align=\"left\"><i><span style=\"font-family: Verdana; font-size: xx-small;\">Orientada al tratamiento psicoterap\u00e9utico del paciente con Enfermedades \u00f3 condiciones m\u00e9dicas cr\u00f3nicas.<\/span><\/i><\/p>\n<p align=\"left\"><b><i><span style=\"font-family: Verdana; font-size: xx-small;\">Acerca de la Terapia Cognitivo Conductual de Tercera Ola o Tercera Generaci\u00f3n<\/span><\/i><\/b><\/p>\n<p><\/center><\/p>\n<p align=\"left\"><i><span style=\"font-family: Verdana; font-size: xx-small;\">Se trata de una innovadora terapia cognitivo conductual, que a diferencia de otras terapias, se aboca a modificar comportamientos y pensamientos. Est\u00e1 orientada hacia el presente, se investiga el funcionamiento actual. El \u00e9nfasis de la TCC est\u00e1 puesto m\u00e1s en el \u201cQu\u00e9 tengo que hacer para cambiar\u201d que en el \u201cPor qu\u00e9\u201d. Muchas veces, el explorar expresamente y conocer cu\u00e1les son los motivos de lo que nos ocurre no alcanza a brindar una soluci\u00f3n y no es suficiente para producir un cambio.<\/span><\/i><\/p>\n<p align=\"left\"><i><span style=\"font-family: Verdana; font-size: xx-small;\">Es una psicoterapia basada en la evidencia y con un basamento cient\u00edfico y 100% comprobado. Los resultados se ven en el cort\u00edsimo plazo. El paciente tiene un papel activo, con tareas para realizar dentro y fuera de la sesi\u00f3n a trav\u00e9s de la aplicaci\u00f3n de las herramientas que se le brindan.<\/span><\/i><\/p>\n<p align=\"left\"><i><span style=\"font-family: Verdana; font-size: xx-small;\">La terapia cognitiva conductual de tercera ola o tercera generaci\u00f3n cuenta con numerosos aportes validados cient\u00edficamente en los \u00faltimos a\u00f1os. Son las denominadas Terapias de Tercera Generaci\u00f3n o Contextuales.<br \/>\nSon modelos de intervenci\u00f3n que ponen su foco de atenci\u00f3n en el contexto y la funci\u00f3n de nuestros eventos privados como ser los pensamientos, emociones, sensaciones en lugar de su contenido, frecuencia o duraci\u00f3n. La Terapia de Aceptaci\u00f3n y Compromiso (ACT), uno de los nuevos modelos de tratamiento que ofrecen las terapias contextuales, es uno de los mas reconocidos con evidencia emp\u00edrica. El objetivo de la misma es lograr flexibilidad psicol\u00f3gica ante las situaciones dif\u00edciles de la vida y ante el sufrimiento, entender que nuestra vida es significativa y valiosa aun cuando sufrimos.<br \/>\nUtiliza diferentes t\u00e9cnicas como Mindfulness y ejercicios experienciales entre otros. <\/span><\/i><\/p>\n<p align=\"left\"><i><span style=\"font-family: Verdana; font-size: xx-small;\">Se pueden medir los progresos obtenidos desde la primera sesi\u00f3n, se administran cuestionarios y planillas en los que se eval\u00faan los s\u00edntomas espec\u00edficos, en su frecuencia, duraci\u00f3n, intensidad y caracter\u00edsticas. Esta medici\u00f3n es repetida peri\u00f3dicamente hasta la sesi\u00f3n final, para tener una idea del cambio obtenido. La relaci\u00f3n terapeuta-paciente es de colaboraci\u00f3n y activa. Paciente y terapeuta se comprometen a trabajar con un objetivo com\u00fan. Los pacientes pueden aportar sugerencias y participar en el dise\u00f1o de las tareas para el hogar. <\/span><\/i><\/p>\n<p align=\"left\"><i><span style=\"font-family: Verdana; font-size: xx-small;\">En muchos casos, se utiliza la biblioterapia, que consiste en que el terapeuta recomiende o facilite libros, folletos o apuntes acerca del problema para que el paciente se informe de lo que le sucede. Tiende a fomentar la independencia del paciente. Est\u00e1 centrada en los s\u00edntomas y su resoluci\u00f3n. Se definen objetivos concretos a lograr. La meta de la TCC es eliminar, o al menos reducir los s\u00edntomas, y postula que si desaparecen, por ejemplo, los s\u00edntomas de p\u00e1nico, inmediatamente tambi\u00e9n va a haber una mejor\u00eda en otras \u00e1reas, sin que aparezcan otros s\u00edntomas que los reemplacen. Pone \u00e9nfasis en el cambio. Se le solicita al paciente practicar nuevas conductas y cogniciones en las sesiones, y generalizarlas afuera como parte de la tarea. Desafia la posici\u00f3n del paciente, sus conductas y sus creencias. Se centra en la resoluci\u00f3n de problemas. Utiliza planes de tratamiento. Generalmente, la terapia utiliza planes espec\u00edficos de tratamiento para cada problema, no utilizando un formato \u201c\u00fanico\u201d para las diversas consultas. Propone una continuidad tem\u00e1tica entre las sesiones. Es decir, m\u00e1s que simplemente decir que funciona, esta comprobado que funciona.<br \/>\nLos recursos disponibles en este portal, son de car\u00e1cter informativo y no constituyen ni reemplazan el asesoramiento y tratamiento profesional.<\/span><\/i><\/p>\n<p><\/center><\/center><\/center><\/p>\n","protected":false},"excerpt":{"rendered":"<p>\u00a0En el marco del D\u00eda de la Secretaria, nos detenemos a reflexionar sobre el desempe\u00f1o laboral de las profesiones que [&hellip;]<\/p>\n","protected":false},"author":2,"featured_media":9551,"comment_status":"open","ping_status":"open","sticky":false,"template":"","format":"standard","meta":[],"categories":[2],"tags":[],"_links":{"self":[{"href":"https:\/\/quasarcomunicacion.com.ar\/web\/wp-json\/wp\/v2\/posts\/9570"}],"collection":[{"href":"https:\/\/quasarcomunicacion.com.ar\/web\/wp-json\/wp\/v2\/posts"}],"about":[{"href":"https:\/\/quasarcomunicacion.com.ar\/web\/wp-json\/wp\/v2\/types\/post"}],"author":[{"embeddable":true,"href":"https:\/\/quasarcomunicacion.com.ar\/web\/wp-json\/wp\/v2\/users\/2"}],"replies":[{"embeddable":true,"href":"https:\/\/quasarcomunicacion.com.ar\/web\/wp-json\/wp\/v2\/comments?post=9570"}],"version-history":[{"count":0,"href":"https:\/\/quasarcomunicacion.com.ar\/web\/wp-json\/wp\/v2\/posts\/9570\/revisions"}],"wp:featuredmedia":[{"embeddable":true,"href":"https:\/\/quasarcomunicacion.com.ar\/web\/wp-json\/wp\/v2\/media\/9551"}],"wp:attachment":[{"href":"https:\/\/quasarcomunicacion.com.ar\/web\/wp-json\/wp\/v2\/media?parent=9570"}],"wp:term":[{"taxonomy":"category","embeddable":true,"href":"https:\/\/quasarcomunicacion.com.ar\/web\/wp-json\/wp\/v2\/categories?post=9570"},{"taxonomy":"post_tag","embeddable":true,"href":"https:\/\/quasarcomunicacion.com.ar\/web\/wp-json\/wp\/v2\/tags?post=9570"}],"curies":[{"name":"wp","href":"https:\/\/api.w.org\/{rel}","templated":true}]}}