{"id":956,"date":"2012-10-30T15:35:55","date_gmt":"2012-10-30T15:35:55","guid":{"rendered":"http:\/\/quasarcomunicacion.wordpress.com\/?p=956"},"modified":"2012-10-30T15:35:55","modified_gmt":"2012-10-30T15:35:55","slug":"mujeres-de-pilar-disfrutaron-de-la-conferencia-mentes-delgadas-coach","status":"publish","type":"post","link":"https:\/\/quasarcomunicacion.com.ar\/web\/mujeres-de-pilar-disfrutaron-de-la-conferencia-mentes-delgadas-coach\/","title":{"rendered":"Mujeres de Pilar disfrutaron de la conferencia Mentes Delgadas &amp; Coach"},"content":{"rendered":"<p><span style=\"font-family:Verdana;font-size:small;\">Durante la tarde de ayer, la Lic. Patricia Robiano y el\u00a0<\/span><b style=\"font-size:small;\">Club Privado de Mujeres Ejecutivas<\/b><span style=\"font-family:Verdana;font-size:small;\">\u00a0ofrecieron una conferencia sobre bienestar corporal, dando lugar a una nueva propuesta en Pilar destinada a las mujeres de la zona<!--more--><\/span><br \/>\n<img loading=\"lazy\" alt=\"\" src=\"http:\/\/www.quasarcomunicacion.com.ar\/mentesdelgadas\/mujeres5.gif\" height=\"337\" width=\"500\" \/><br \/>\n<span style=\"font-family:Verdana;font-size:small;\">En el marco de un cocktail, que incluy\u00f3 comidas naturales y t\u00e9s org\u00e1nicos de Sense &amp; Tea, un gran grupo de mujeres se present\u00f3 en el hotel Rental Suites de Pilar para escuchar la disertaci\u00f3n de la coach motivacional, la Lic. Patricia Robiano.<\/span><br \/>\n<span style=\"font-family:Verdana;font-size:small;\">De la charla participaron mujeres de empresas e instituciones de la zona, las cuales se acercaron de una manera diferente al Club de Mujeres Ejecutivas, conociendo sus bondades y beneficios. Tambi\u00e9n intercambiaron informaci\u00f3n y contactos entre ellas, tejiendo nuevas alianzas.<\/span><br \/>\n<img loading=\"lazy\" alt=\"\" src=\"http:\/\/www.quasarcomunicacion.com.ar\/mentesdelgadas\/mujeres3.gif\" height=\"337\" width=\"500\" \/><br \/>\n<span style=\"font-family:Verdana;font-size:small;\">La charla estuvo orientada a brindar un nuevo enfoque sobre las formas en que se puede alcanzar el estado f\u00edsico y mental deseados, combinando alimentaci\u00f3n, actividad, motivaci\u00f3n y conciencia.<\/span><br \/>\n<span style=\"font-family:Verdana;font-size:small;\">La propuesta destinada a las mujeres ejecutivas de la zona, que cont\u00f3 con el auspicio de Cool Cuts y\u00a0<b>Qu\u00e1sar Comunicaci\u00f3n<\/b>, no fue accidental; en palabras de la licenciada Robiano \u201csi bien es cierto que el bienestar lo buscamos todos, la mujer es siempre quien est\u00e1 a la vanguardia\u201d, por eso, le pareci\u00f3 oportuno realizar esta conferencia ante un p\u00fablico espec\u00edfico.<\/span><br \/>\n<img loading=\"lazy\" alt=\"\" src=\"http:\/\/www.quasarcomunicacion.com.ar\/mentesdelgadas\/mujeres4.gif\" height=\"337\" width=\"500\" \/><br \/>\n<span style=\"font-family:Verdana;font-size:small;\">Esta conferencia, se desarroll\u00f3 en el marco de un ciclo de conferencias que la licenciada comenz\u00f3 en diciembre del a\u00f1o pasado y que incluye la presentaci\u00f3n de su libro \u201cMentes Delgadas. Cuerpos Saludables\u201d, que se llevar\u00e1 a cabo el d\u00eda 2 de noviembre en el Museo de Bellas Artes de Luj\u00e1n.<\/span><br \/>\n<img loading=\"lazy\" alt=\"\" src=\"http:\/\/www.quasarcomunicacion.com.ar\/mentesdelgadas\/mujeres2.gif\" height=\"375\" width=\"500\" \/><br \/>\n<span style=\"font-family:Verdana;font-size:small;\">Con experiencia y trayectoria en distintas partes del mundo, la licenciada Robiano actualmente vuelve a enfocar su trabajo en Argentina, a trav\u00e9s de sus oficinas en Capital Federal, Luj\u00e1n y Pilar. Durante una entrevista previa al seminario, destac\u00f3 que \u201cPilar tiene la combinaci\u00f3n de la locura de Capital con los espacios verdes del campo\u201d, por lo cual eligi\u00f3 esta localidad para realizar su \u00faltima conferencia ante las mujeres ejecutivas de la zona.<\/span><br \/>\n<span style=\"font-family:Verdana;font-size:small;\"><b>Sobre Mujeres Ejecutivas\u00ae<\/b><\/span><br \/>\n<img loading=\"lazy\" alt=\"\" src=\"http:\/\/www.quasarcomunicacion.com.ar\/mentesdelgadas\/mujeres.gif\" height=\"182\" width=\"300\" \/><span style=\"font-family:Verdana;font-size:xx-small;\"><b>Mujeres Ejecutivas Club Privado\u00ae<\/b>\u00a0naci\u00f3 en el a\u00f1o 2010 con el objetivo de ofrecer un espacio de encanto a mujeres que aspiran a una cultura de \u00e9xito, afectos, cuidados personales, espiritualidad, paz y responsabilidad social sin perder de vista los negocios y las finanzas.<\/span><br \/>\n<span style=\"font-family:Verdana;font-size:xx-small;\">Para Marcela Temes, creadora de Mujeres Ejecutivas\u00ae, el Club busca que el \u00e9xito, definido siempre en t\u00e9rminos personales, sea reconocido como un valor al cual todos tenemos derecho de aspirar y lograr, pero adem\u00e1s pueda ser compartido y estos son valores netamente femeninos a la hora de hacer negocios.<\/span><br \/>\n<span style=\"font-family:Verdana;font-size:xx-small;\">En<b>\u00a0Mujeres Ejecutivas Club Privado\u00ae<\/b>\u00a0apostamos a un espacio en constante desarrollo que nos permita encontrar placer, en nuestras actividades laborales, sociales y filantr\u00f3picas.<\/span><br \/>\n<span style=\"font-family:Verdana;font-size:xx-small;\">A diferencia de otras organizaciones, el\u00a0<b>Club Mujeres Ejecutivas\u00ae<\/b>\u00a0esta constituido por un grupo de personas libremente asociadas, que coinciden en sus gustos y opiniones art\u00edsticas, literarias, pol\u00edticas, deportivas, etc., o que simplemente se encuentran porque desean compartir sus deseos de relaci\u00f3n social.<\/span><br \/>\n<span style=\"font-family:Verdana;font-size:xx-small;\"><b>Mujeres Ejecutivas\u00ae<\/b>, solo convoca a mujeres l\u00edderes con poco tiempo y amantes de la libertad y los buenos negocios, con ganas de ampliar su horizonte social y laboral con nuevas ideas, sin que esto les exija m\u00e1s tiempo ni deban sumar m\u00e1s compromisos a sus actividades, para fomentar el desarrollo personal, profesional y espiritualmente.<\/span><br \/>\n<span style=\"font-family:Verdana;font-size:xx-small;\">Ser miembro permite a las socias compartir experiencias a trav\u00e9s de los foros, participar de desayunos o vermissage, Brunch, Coffee Break, Almuerzos, High Tea de trabajo, Jornadas, Vinos de Honor, Congresos, Ferias, talleres, disfrutar de los beneficios exclusivos y por sobre todo de encontrar los momentos propicios para generar nuevos negocios en momentos de placer.<\/span><br \/>\n<span style=\"font-family:Verdana;font-size:small;\"><b>\u00bfC\u00f3mo asociarse?<\/b><\/span><br \/>\n<span style=\"font-family:Verdana;font-size:xx-small;\">Para Asociarse las mujeres deben enviar una solicitud a info@mujeresejecutivas.net con datos personales y profesionales, intereses y carta de recomendaci\u00f3n. Un comit\u00e9 aprueba los datos y se convoca a una entrevista personal. Una vez aceptada la candidata, se debe abonar la membres\u00eda y cuota anual.<br \/>\nToda la informaci\u00f3n la encuentran en\u00a0<a href=\"http:\/\/www.mujeres-ejecutivas.com\/\">www.mujeres-ejecutivas.com<\/a><\/span><\/p>\n<div align=\"center\">\n<table id=\"AutoNumber8\" border=\"0\">\n<tbody>\n<tr>\n<td><i><span style=\"font-family:Verdana;font-size:xx-small;\">La lic. Patricia Robiano\u00a0<\/span><\/i><span style=\"font-family:Verdana;font-size:xx-small;\"><i>est\u00e1 disponible para consultas o entrevistas sobre el tema. Comunicarse al\u00a0\u00a0<img alt=\"\" src=\"\/\/lifbcibllhkdhoafpjfnlhfpfgnpldfl\/numbers_button_skype_logo.png\" \/>0230-4664772\u00a0\u00f3 011-15-6096-4656 para concretarlas o enviar un mail a\u00a0<a href=\"mailto:noelia@quasarcomunicacion.com.ar\">fernanda@quasarcomunicacion.com.ar<\/a>\u00a0<\/i><\/span><\/td>\n<\/tr>\n<\/tbody>\n<\/table>\n<\/div>\n<p><span style=\"font-family:Verdana;font-size:small;\"><b>Datos de contacto:<\/b><br \/>\n\u2022\u00a0<a href=\"http:\/\/www.patriciarobiano.com\/\">www.patriciarobiano.com<\/a>\u00a0 \/\u00a0<a href=\"http:\/\/www.facebook.com\/patriciarobiano\">www.facebook.com\/patriciarobiano<\/a>\u00a0 (perfil)<br \/>\n\u2022\u00a0<a href=\"mailto:turnos@patriciarobiano.com\">turnos@patriciarobiano.com<\/a><\/span><br \/>\n<b><span style=\"font-family:Verdana;font-size:small;\">Acerca de Patricia Robiano<\/span><\/b><br \/>\n<span style=\"font-family:Verdana;font-size:xx-small;\"><img loading=\"lazy\" alt=\"\" src=\"http:\/\/www.quasarcomunicacion.com.ar\/mentesdelgadas\/patricia2.gif\" height=\"202\" width=\"300\" \/>Coach Personal y Mentor Nutricional<\/span><br \/>\n<span style=\"font-family:Verdana;font-size:xx-small;\">Antropometrista Internacional<\/span><br \/>\n<span style=\"font-family:Verdana;font-size:xx-small;\">Licenciada en Nutrici\u00f3n. Universidad de Buenos Aires. M.P 2220 M.N 3158<\/span><br \/>\n<span style=\"font-family:Verdana;font-size:xx-small;\">Diplomada en Nutrici\u00f3n Humana y Diet\u00e9tica. Espa\u00f1a.<\/span><br \/>\n<span style=\"font-family:Verdana;font-size:xx-small;\">T\u00e9cnico Superior en Coaching Personal. Espa\u00f1a.<\/span><br \/>\n<span style=\"font-family:Verdana;font-size:xx-small;\">Postgrado en Psicolog\u00eda Vincular-Familiar. Buenos Aires.<\/span><br \/>\n<span style=\"font-family:Verdana;font-size:xx-small;\">Postgrado en Marketing y Alimentaci\u00f3n. Buenos Aires.<\/span><br \/>\n<span style=\"font-family:Verdana;font-size:xx-small;\">Antropometrista ISAK II. Buenos Aires.<\/span><br \/>\n<span style=\"font-family:Verdana;font-size:small;\"><b>EXPERIENCIA Profesional:<\/b><\/span><span style=\"font-family:Verdana;font-size:xx-small;\"><br \/>\nEspecialista en el tratamiento del sobrepeso y la obesidad: \u00abMediante el tratamiento convencional combinado con innovadoras t\u00e9cnicas de Coaching y Mentoring nutricional ayudo a las personas a encontrar mayor felicidad en un cuerpo vital y saludable\u00bb.<\/span><br \/>\n<span style=\"font-family:Verdana;font-size:xx-small;\">Asesora Nutricional de adultos con des\u00f3rdenes alimentarios: \u00abNo todas las personas que est\u00e1n molestas con el mismo problema necesitan las mismas soluciones. Incluso en varias ocasiones la soluci\u00f3n aparece f\u00e1cilmente con solo otorgar claridad y organizaci\u00f3n hasta llegar a la acci\u00f3n deseada. Para ello la planificaci\u00f3n estrat\u00e9gica de los pasos y de los recursos a utilizar es la base para metas claras y exitosas\u00bb.<\/span><br \/>\n<span style=\"font-family:Verdana;font-size:xx-small;\">Asesora Nutricional de Padres de ni\u00f1os con sobrepeso u obesidad: \u00abPara que un ni\u00f1o crezca saludablemente debe, sobre todo, vivir su ni\u00f1ez centrado en las cosas importantes de su edad. Por ello si los problemas alimentarios aparecen en edades tempranas es fundamental el compromiso familiar donde mediante la utilizaci\u00f3n de m\u00e9todos combinados de educaci\u00f3n nutricional moderna y orientaci\u00f3n vincular-familiar se aporta a toda la familia (inclu\u00eddo el paciente) herramientas claras para resultados concretos y duraderos\u00bb.<\/span><br \/>\n<span style=\"font-family:Verdana;font-size:xx-small;\">Organizadora y disertante de seminarios y talleres formativos de \u00abMentes Delgadas\u00bb: \u00abAyudo a las personas a conseguir definitivamente el aspecto f\u00edsico que desean con temas que van desde: la alimentaci\u00f3n positiva, los beneficios del cambio de look, como manejarnos con la dieta en nuestro entorno social&#8230; hasta las claves para formar definitivamente un pensamiento delgado. Sobre todo se enfoca en t\u00e9cnicas que les permitir\u00e1n recuperar la confianza total en su cuerpo y su poder interior para tomar las mejores decisiones futuras\u00bb.<\/span><br \/>\n<span style=\"font-family:Verdana;font-size:xx-small;\">Colaboradora en medios de comunicaci\u00f3n televisivos, radiales y digitales en Argentina y Espa\u00f1a. \u00abMe gusta viajar e investigar otras culturas en relaci\u00f3n con su alimentaci\u00f3n y modo de vida culinario para evolucionar hacia soluciones reales al problema de la obesidad infantil y adulta. Por ello incluir a los medios masivos de comunicaci\u00f3n en mi prop\u00f3sito es muy importante para que el mensaje pueda llegar a gran parte de las personas\u00bb.<\/span><br \/>\n<span style=\"font-family:Verdana;font-size:xx-small;\">Autora del LIBRO y el PLAN MENTES DELGADAS. Conferencista.<\/span><br \/>\n<span style=\"font-family:Verdana;font-size:xx-small;\">Directora de la web-tienda-online PatriciaRobiano.Com www.patriciarobiano.com<\/span><br \/>\n<span style=\"font-family:Verdana;font-size:small;\">Para m\u00e1s informaci\u00f3n, in<\/span><span style=\"font-family:Verdana;font-size:small;\">gresar a\u00a0<a href=\"http:\/\/www.mentesdelgadas.com\/\">www.mentesdelgadas.com<\/a>\u00a0 y<a href=\"http:\/\/www.patriciarobiano.com\/\">www.patriciarobiano.com<\/a><\/span><\/p>\n","protected":false},"excerpt":{"rendered":"<p>Durante la tarde de ayer, la Lic. Patricia Robiano y el\u00a0Club Privado de Mujeres Ejecutivas\u00a0ofrecieron una conferencia sobre bienestar corporal, [&hellip;]<\/p>\n","protected":false},"author":2,"featured_media":0,"comment_status":"open","ping_status":"open","sticky":false,"template":"","format":"standard","meta":[],"categories":[2],"tags":[],"_links":{"self":[{"href":"https:\/\/quasarcomunicacion.com.ar\/web\/wp-json\/wp\/v2\/posts\/956"}],"collection":[{"href":"https:\/\/quasarcomunicacion.com.ar\/web\/wp-json\/wp\/v2\/posts"}],"about":[{"href":"https:\/\/quasarcomunicacion.com.ar\/web\/wp-json\/wp\/v2\/types\/post"}],"author":[{"embeddable":true,"href":"https:\/\/quasarcomunicacion.com.ar\/web\/wp-json\/wp\/v2\/users\/2"}],"replies":[{"embeddable":true,"href":"https:\/\/quasarcomunicacion.com.ar\/web\/wp-json\/wp\/v2\/comments?post=956"}],"version-history":[{"count":0,"href":"https:\/\/quasarcomunicacion.com.ar\/web\/wp-json\/wp\/v2\/posts\/956\/revisions"}],"wp:attachment":[{"href":"https:\/\/quasarcomunicacion.com.ar\/web\/wp-json\/wp\/v2\/media?parent=956"}],"wp:term":[{"taxonomy":"category","embeddable":true,"href":"https:\/\/quasarcomunicacion.com.ar\/web\/wp-json\/wp\/v2\/categories?post=956"},{"taxonomy":"post_tag","embeddable":true,"href":"https:\/\/quasarcomunicacion.com.ar\/web\/wp-json\/wp\/v2\/tags?post=956"}],"curies":[{"name":"wp","href":"https:\/\/api.w.org\/{rel}","templated":true}]}}