{"id":9552,"date":"2019-08-23T14:25:08","date_gmt":"2019-08-23T17:25:08","guid":{"rendered":"https:\/\/quasarcomunicacion.com.ar\/web\/?p=9552"},"modified":"2019-08-23T14:25:08","modified_gmt":"2019-08-23T17:25:08","slug":"segundo-encuentro-musical-del-ano-organizado-por-el-polo-educativo-pilar-en-la-usal","status":"publish","type":"post","link":"https:\/\/quasarcomunicacion.com.ar\/web\/segundo-encuentro-musical-del-ano-organizado-por-el-polo-educativo-pilar-en-la-usal\/","title":{"rendered":"Segundo encuentro musical del a\u00f1o organizado por el Polo Educativo Pilar en la USAL"},"content":{"rendered":"<p style=\"text-align: left;\" align=\"center\">\u00a0El<b> Polo Educativo Pilar <\/b>realiz\u00f3 el segundo encuentro coral del a\u00f1o en el auditorio de la Universidad del Salvador. Del mismo participaron 5 colegios que se sumaron a los 3 que participaron en junio del primer encuentro.<!--more--><\/p>\n<p><span style=\"font-size: small;\">\u00abCon este encuentro celebramos la m\u00fasica, el trabajo en equipo, las artes y que sus familias los est\u00e9n acompa\u00f1ando\u00bb, con estas palabras abri\u00f3 el evento cultural la presidente de <b> Polo Educativo Pilar<\/b>, Marcela <\/span> Andrade.<\/p>\n<p><span style=\"font-size: small;\">\u00abSabemos que esto es algo muy importante en la vida de todos ustedes como amantes de las artes. As\u00ed que le damos la bien<\/span>venida a los cinco colegios que hoy nos traen este regalo\u00bb, finaliz\u00f3.<\/p>\n<p>Y comenzaron las actuaciones de los coros del colegio Del Viso Day School, Colegio Northfield, Colegio Los Robles, Colegio San Jorge y Colegio Norbridge.<\/p>\n<p>La primera instituci\u00f3n que se present\u00f3 fue el Del Viso Day School, dirigido por la Prof. Mar\u00eda Eugenia Navarro y Walter Rivarola Nelson. Ellos interpretaron: \u00abSoy Piedra y Ra\u00edz\u00bb (Los Carabajal), \u00abTry Everything\u00bb (Shakira &#8211; pel\u00edcula Zootop\u00eda) y \u00abLibertango\u00bb (Astor Piazzola)<\/p>\n<p><a href=\"https:\/\/quasarcomunicacion.com.ar\/web\/wp-content\/uploads\/2019\/08\/delvisoday.gif\"><img class=\"aligncenter\" alt=\"delvisoday\" src=\"https:\/\/quasarcomunicacion.com.ar\/web\/wp-content\/uploads\/2019\/08\/delvisoday.gif\" \/><\/a><\/p>\n<p>Luego fue el turno del Colegio Northfield, dirigido por el Prof. Nicol\u00e1s Moyano que interpretaron \u201cAntes que ver el sol\u201d (Coti), la banda de sonido de la pel\u00edcula Nace una Estrella \u201cShallow\u201d (Lady Gaga) y \u201cViva la vida\u201d (Coldplay). En este caso fueron alumnos del secundario de las sedes Nordelta y Puertos.<\/p>\n<p><a href=\"https:\/\/quasarcomunicacion.com.ar\/web\/wp-content\/uploads\/2019\/08\/northfieldagosto.gif\"><img class=\"aligncenter\" alt=\"northfieldagosto\" src=\"https:\/\/quasarcomunicacion.com.ar\/web\/wp-content\/uploads\/2019\/08\/northfieldagosto.gif\" \/><\/a><\/p>\n<p>M\u00e1s tarde fue el momento del Colegio Los Robles, bajo la direcci\u00f3n de la\u00a0\u00a0 Prof. Victoria Ramonda que compartieron con el p\u00fablico un Mashup de canciones de amor. Un\u00a0 mashup es un poupurri de canciones, en este caso fueron cinco unidas por el tema principal del amor.<\/p>\n<p><a href=\"https:\/\/quasarcomunicacion.com.ar\/web\/wp-content\/uploads\/2019\/08\/losrobles.gif\"><img class=\"aligncenter\" alt=\"losrobles\" src=\"https:\/\/quasarcomunicacion.com.ar\/web\/wp-content\/uploads\/2019\/08\/losrobles.gif\" \/><\/a><\/p>\n<p>M\u00e1s tarde, el Colegio San Jorge, dirigido por la\u00a0\u00a0 Prof. Julia Canal interpret\u00f3 lso temas: \u201cBellas melod\u00edas\u201d (An\u00f3nimo), \u201cScars to your beautiful\u201d (Alessia Cara) y \u201cDon&#8217;t stop me now\u201d (Queen).<\/p>\n<p><a href=\"https:\/\/quasarcomunicacion.com.ar\/web\/wp-content\/uploads\/2019\/08\/sanjorge.gif\"><img class=\"aligncenter\" alt=\"sanjorge\" src=\"https:\/\/quasarcomunicacion.com.ar\/web\/wp-content\/uploads\/2019\/08\/sanjorge.gif\" \/><\/a><\/p>\n<p>Por \u00faltimo, el coro del Colegio Norbridge, dirigido por el Prof. Gustavo P\u00e9rez cantaron \u201cSe llam\u00f3 Manuel Belgrano\u201d (Letra de Gustavo P\u00e9rez y m\u00fasica de Armando Manzanero), el tango \u201cGarufa\u201d (Juan Antonio Collazo, Roberto Fontaina y V\u00edctor Soli\u00f1o) y \u201cFesta do interior\u201d (Int\u00e9rprete Gal Costa. Compositor Moraes Moreira \/ Abel Silva).<\/p>\n<p><img class=\"aligncenter\" alt=\"norbridge\" src=\"https:\/\/quasarcomunicacion.com.ar\/web\/wp-content\/uploads\/2019\/08\/norbridge.gif\" \/><\/p>\n<p><b><span style=\"color: #ff0000; font-family: Verdana; font-size: small;\">Acerca del Polo Educativo Pilar<\/span><\/b><\/p>\n<p align=\"left\">\u00a0El\u00a0<b>Polo Educativo Pilar\u00a0<\/b>es una asociaci\u00f3n civil sin fines de lucro que fue fundada en el a\u00f1o 2002, que re\u00fane a instituciones educativas del Partido de Pilar y tiene como objetivo principal el promover y desarrollar la educaci\u00f3n, p\u00fablica y privada, en todo el distrito.<\/p>\n<p>La asociaci\u00f3n nace a partir de 1999 cuando los directivos de los j\u00f3venes colegios privados de Pilar, junto con los que llevaban m\u00e1s a\u00f1os en la ciudad, comienzan a reunirse para considerar sus problem\u00e1ticas comunes. Este hecho, in\u00e9dito en la educaci\u00f3n privada en la Argentina, alcanza un alto grado de sinergia cuando los Colegios deciden trazar un plan para convertir al Partido de Pilar en una localidad que sea conocida por su alto nivel educativo, tanto en las instituciones privadas como en las p\u00fablicas. Con esa idea, un grupo original de 14 Colegios de distintos niveles, funda el\u00a0<b>Polo Educativo Pilar<\/b>.<\/p>\n<p>Cabe destacar que entidad obtuvo su personer\u00eda jur\u00eddica en diciembre de 2004 bajo el Nro. 7000\/04 expedido por la Inspecci\u00f3n de Persona jur\u00eddica de la Provincia de Buenos Aires. En el a\u00f1o 2003 es declarada entidad de Bien P\u00fablico por el Municipio de Pilar por Decreto Municipal Nro. 6679\/2003.<\/p>\n<p align=\"center\"><span style=\"font-size: small;\"><b><i><span style=\"font-family: Arial;\">Por otras im\u00e1genes, audios o entrevistas no dude en contactarse entrevistas no dude en contactarse<\/span><\/i><\/b><\/span><\/p>\n<div align=\"left\">\n<table width=\"100%\" border=\"1\" cellpadding=\"2\" align=\"left\">\n<tbody>\n<tr>\n<td align=\"center\" valign=\"top\" width=\"54%\">\n<p align=\"left\"><strong><span style=\"color: #808080; font-family: Arial; font-size: small;\"> Candela Villanueva &#8211; Asistente de Cuentas<\/span><\/strong><\/p>\n<p><span style=\"font-size: xx-small;\"><span style=\"color: #ff0000;\"> Directo<\/span><b>: <\/b> 0230<\/span><span style=\"font-size: xx-small;\">-4664772<br \/>\n<\/span><span style=\"font-size: xx-small;\"><span style=\"color: #ff0000;\"> Whatsapp<\/span><span style=\"color: #ff0000;\">:<\/span><a href=\"https:\/\/bit.ly\/2J4cUvm\"> 11 5312 6795<\/a><\/span><br \/>\n<span style=\"font-size: small;\"> <a href=\"https:\/\/bit.ly\/2Sn1zLP\">Enviar whatsapp aqu\u00ed<\/a><\/span><span style=\"font-size: xx-small;\"><br \/>\n<\/span><span style=\"color: #ff0000; font-size: xx-small;\"> Skype:<\/span><span style=\"font-size: xx-small;\"> quasarcomunicacion<br \/>\n<\/span><span style=\"color: #ff0000; font-size: xx-small;\"> Twitter:<\/span><span style=\"font-size: xx-small;\"> @quasarpilar<br \/>\n<span style=\"color: #ff0000;\">Instagram y Facebook:<\/span> @quasarcomunicacion<br \/>\n<\/span><span style=\"color: #ff0000; font-size: xx-small;\"> Web:<\/span><b><\/b> <a href=\"http:\/\/www.quasarcomunicacion.com.ar\/\"> <span style=\"font-size: xx-small;\">www.quasarcomunicacion.com.ar<\/span><\/a><span style=\"font-size: xx-small;\"><span style=\"color: #ff0000;\"><br \/>\nMail<\/span><b>:<\/b><\/span><span style=\"font-size: xx-small;\"> <a href=\"mailto:fernanda@quasarcomunicacion.com.ar\"> candela@quasarcomunicacion.com.ar<\/a><\/span><\/td>\n<td align=\"center\" valign=\"top\" width=\"44%\">\n<p align=\"right\"><span style=\"font-size: medium;\"><strong> <span style=\"color: #808080; font-family: Arial; font-size: small;\"> Lic. Mar\u00eda Fernanda Ipata &#8211; Directora<br \/>\n<\/span> <\/strong><\/span> <span style=\"font-size: xx-small;\"><span style=\"color: #ff0000;\"><br \/>\n<\/span> <span style=\"color: #ff0000;\">M\u00f3vil:<\/span><b> <\/b> 0230<\/span><span style=\"font-size: xx-small;\">-15-4584535<br \/>\n<\/span><span style=\"font-size: xx-small;\"><span style=\"color: #ff0000;\"> Whatsapp<\/span><span style=\"color: #ff0000;\">:<\/span> <a href=\"https:\/\/bit.ly\/2J4cUvm\"> 0230<\/a><\/span><span style=\"font-size: xx-small;\"><a href=\"https:\/\/bit.ly\/2J4cUvm\">-15-4584535<\/a><\/span><br \/>\n<a href=\"https:\/\/bit.ly\/2J4cUvm\"> <span style=\"font-size: small;\">Enviar whatsapp aqu\u00ed<\/span><\/a><span style=\"font-size: small;\"><br \/>\n<\/span><span style=\"color: #ff0000; font-size: xx-small;\"> Skype:<\/span><span style=\"font-size: xx-small;\"> quasarcomunicacion<br \/>\n<\/span><span style=\"font-size: xx-small;\"> <span style=\"color: #ff0000;\">LinkedIn<\/span><b>:\u00a0 <\/b><\/span> <span style=\"font-size: xx-small;\"><b> <a href=\"http:\/\/www.linkedin.com\/in\/mfipata\"> http:\/\/www.linkedin.com\/in\/mfipata<\/a><\/b><\/span><br \/>\n<span style=\"font-size: xx-small;\"> <a href=\"https:\/\/www.linkedin.com\/company\/quasarcomunicacion\"> https:\/\/www.linkedin.com\/company\/quasarcomunicacion<\/a><br \/>\n<\/span><span style=\"font-size: xx-small;\"> <span style=\"color: #ff0000;\">Instagram y Facebook:<\/span> @quasarcomunicacion <\/span><span style=\"color: #ff0000; font-size: xx-small;\"><br \/>\nWeb:<\/span><b><\/b> <a href=\"http:\/\/www.quasarcomunicacion.com.ar\/\"> <span style=\"font-size: xx-small;\">www.quasarcomunicacion.com.ar<\/span><\/a><span style=\"font-size: xx-small;\"><br \/>\n<\/span><span style=\"font-size: xx-small;\"> <span style=\"color: #ff0000;\"> Mail<\/span><b>:<\/b><\/span><span style=\"font-size: xx-small;\"><a href=\"mailto:fernanda@quasarcomunicacion.com.ar\"> fernanda@quasarcomunicacion.com.ar<\/a><\/span><span style=\"color: #808080; font-size: xx-small;\">\u00a0 <\/span><\/p>\n<\/td>\n<\/tr>\n<\/tbody>\n<\/table>\n<\/div>\n<p>&nbsp;<\/p>\n","protected":false},"excerpt":{"rendered":"<p>\u00a0El Polo Educativo Pilar realiz\u00f3 el segundo encuentro coral del a\u00f1o en el auditorio de la Universidad del Salvador. Del [&hellip;]<\/p>\n","protected":false},"author":2,"featured_media":0,"comment_status":"open","ping_status":"open","sticky":false,"template":"","format":"standard","meta":[],"categories":[2],"tags":[],"_links":{"self":[{"href":"https:\/\/quasarcomunicacion.com.ar\/web\/wp-json\/wp\/v2\/posts\/9552"}],"collection":[{"href":"https:\/\/quasarcomunicacion.com.ar\/web\/wp-json\/wp\/v2\/posts"}],"about":[{"href":"https:\/\/quasarcomunicacion.com.ar\/web\/wp-json\/wp\/v2\/types\/post"}],"author":[{"embeddable":true,"href":"https:\/\/quasarcomunicacion.com.ar\/web\/wp-json\/wp\/v2\/users\/2"}],"replies":[{"embeddable":true,"href":"https:\/\/quasarcomunicacion.com.ar\/web\/wp-json\/wp\/v2\/comments?post=9552"}],"version-history":[{"count":0,"href":"https:\/\/quasarcomunicacion.com.ar\/web\/wp-json\/wp\/v2\/posts\/9552\/revisions"}],"wp:attachment":[{"href":"https:\/\/quasarcomunicacion.com.ar\/web\/wp-json\/wp\/v2\/media?parent=9552"}],"wp:term":[{"taxonomy":"category","embeddable":true,"href":"https:\/\/quasarcomunicacion.com.ar\/web\/wp-json\/wp\/v2\/categories?post=9552"},{"taxonomy":"post_tag","embeddable":true,"href":"https:\/\/quasarcomunicacion.com.ar\/web\/wp-json\/wp\/v2\/tags?post=9552"}],"curies":[{"name":"wp","href":"https:\/\/api.w.org\/{rel}","templated":true}]}}