{"id":9532,"date":"2019-08-20T11:53:26","date_gmt":"2019-08-20T14:53:26","guid":{"rendered":"https:\/\/quasarcomunicacion.com.ar\/web\/?p=9532"},"modified":"2019-08-20T11:53:26","modified_gmt":"2019-08-20T14:53:26","slug":"este-sabado-inicia-taller-de-habilidades-sociales-en-pilar","status":"publish","type":"post","link":"https:\/\/quasarcomunicacion.com.ar\/web\/este-sabado-inicia-taller-de-habilidades-sociales-en-pilar\/","title":{"rendered":"Este s\u00e1bado inicia Taller de Habilidades Sociales en Pilar"},"content":{"rendered":"<p style=\"text-align: left;\" align=\"center\"><i style=\"font-family: Verdana; font-size: small;\"><\/i><span style=\"font-family: Verdana; font-size: small;\">El s\u00e1bado 24 de Agosto, <\/span><b style=\"font-family: Verdana; font-size: small;\">CEETA (Centro de Estudios Especializado en Trastornos de Ansiedad)<\/b><span style=\"font-family: Verdana; font-size: small;\"> inicia un nuevo <\/span><b style=\"font-family: Verdana; font-size: small;\">taller de Habilidades Sociales<\/b><span style=\"font-family: Verdana; font-size: small;\"> dirigido a personas con problemas de comunicaci\u00f3n, interacci\u00f3n social, verg\u00fcenza y ansiedad o fobia social. El mismo estar\u00e1 a cargo de la Lic. Gisela Taba, especialista del staff de <\/span><b style=\"font-family: Verdana; font-size: small;\">CEETA<\/b><span style=\"font-family: Verdana; font-size: small;\">, y se dictar\u00e1 en Pilar (Complejo 46 plaza en el km 46 av. Caama\u00f1o al 1060, edificio \u00c1gora III, piso 1 oficina 109. Detr\u00e1s del Officia Pilar). Consultas por WHATSAPP: +54 9 11 4402 7733 o comunic\u00e1ndose al (02304) 66 7175 \/\/ (011) 4788 6245 de lunes a viernes de 13 a 19 hs<!--more--><\/span><\/p>\n<p align=\"left\">\u00a0<span style=\"font-family: Verdana; font-size: small;\">El taller comienza el d\u00eda s\u00e1bado 24 de Agosto de 11 a 12:30 horas y tiene una duraci\u00f3n de 10 sesiones, una vez por semana y cada encuentro ser\u00e1 de 90 minutos cada uno. La inversi\u00f3n es de $8.000 total (en efectivo). Los interesados en participar tendr\u00e1n una entrevista previa para diagnosticar el problema y ofrecer la mejor soluci\u00f3n.<\/span><\/p>\n<p align=\"left\"><a href=\"https:\/\/quasarcomunicacion.com.ar\/web\/wp-content\/uploads\/2017\/07\/habilidades.gif\"><img class=\"aligncenter\" alt=\"habilidades\" src=\"https:\/\/quasarcomunicacion.com.ar\/web\/wp-content\/uploads\/2017\/07\/habilidades.gif\" \/><\/a><\/p>\n<p><span style=\"font-family: Verdana; font-size: small;\">La fobia o ansiedad social consiste en el temor acusado y persistente por una o m\u00e1s situaciones sociales o actuaciones en p\u00fablico en las que el sujeto se ve expuesto a personas que no pertenecen al \u00e1mbito familiar o a la posible evaluaci\u00f3n negativa por parte de los dem\u00e1s. <\/span><\/p>\n<p><span style=\"font-family: Verdana; font-size: small;\">El individuo teme actuar de un modo (o mostrar s\u00edntomas de ansiedad) que sea humillante o embarazoso. La exposici\u00f3n a las situaciones sociales temidas provoca casi invariablemente una respuesta inmediata de ansiedad, que puede tomar la forma de una crisis de p\u00e1nico. <\/span><\/p>\n<p><span style=\"font-family: Verdana; font-size: small;\">La persona reconoce que su temor es excesivo e irracional. Las situaciones sociales temidas, se evitan, o se experimentan con ansiedad o malestar intensos. La evitaci\u00f3n, ansiedad, o malestar que aparecen interfieren acusadamente con la rutina normal del sujeto (\u00e1mbito laboral, acad\u00e9mico, social) y de no ser tratado el cuadro, llega a ser incapacitante. <\/span><\/p>\n<p><span style=\"font-family: Verdana; font-size: small;\">Existen dos tipos de fobia social: generalizada (si los temores hacen referencia a la mayor\u00eda de las situaciones sociales) y discreta (cuando los temores se reducen un \u00e1rea espec\u00edfica, como por ej.: temor a rendir ex\u00e1menes o a hablar en p\u00fablico) <\/span><\/p>\n<p><span style=\"font-family: Verdana; font-size: small;\">\u00a0<\/span>El <b>Centro de Estudios Especializados en Trastornos de Ansiedad (CEETA)<\/b> tiene su sede central en 46 Plaza, Edificio Agora 3, 1\u00ba piso oficina 109 (Ramal Pilar Km 46). Tel\u00e9fono: \u00a00230-4667175 o al 011-4788-6245 \/ <a href=\"http:\/\/www.ceeta.org\/\"> www.ceeta.org<\/a>\u00a0 Tambi\u00e9n tiene sedes en\u00a0 Parque Patricios, Barrio Norte, Belgrano, San Isidro, Mor\u00f3n, Lomas de Zamora, Avellaneda y Quilmes, entre otras. En <b>facebook<\/b>, la fan page es <a href=\"https:\/\/www.facebook.com\/ansiedad.ceeta\"> https:\/\/www.facebook.com\/ansiedad.ceeta<\/a>\u00a0 <span style=\"font-family: Verdana; font-size: small;\">Consultas por <b>WHATSAPP<\/b>: +54 9 11 4402 7733<\/span><\/p>\n<p align=\"center\"><span style=\"font-family: Verdana; font-size: small;\">Acceso a toda la informaci\u00f3n ingresando en <a href=\"https:\/\/quasarcomunicacion.com.ar\/web\/ceeta\/\"> https:\/\/quasarcomunicacion.com.ar\/web\/ceeta\/<\/a> <\/span><\/p>\n<p><span style=\"font-size: small;\"><b><i>\u00a0<span style=\"font-family: Arial;\">Por otras im\u00e1genes, audios o entrevistas no dude en contactarse<\/span><\/i><\/b><\/span><\/p>\n<p align=\"center\"><span style=\"font-size: small;\"><b><i> Contactos de Prensa<\/i><\/b><\/span><\/p>\n<div align=\"left\">\n<table width=\"100%\" border=\"1\" cellpadding=\"2\" align=\"left\">\n<tbody>\n<tr>\n<td align=\"center\" valign=\"top\" width=\"54%\">\n<p align=\"left\"><strong> <span style=\"color: #ff0000; font-family: Arial; font-size: small;\">Virginia Rodr\u00edguez Herrera<\/span><\/strong><span style=\"font-size: medium;\"><strong><span style=\"color: #808080; font-family: Arial; font-size: small;\"> &#8211; Asistente de Cuentas<\/p>\n<p><\/span> <\/strong><\/span> <span style=\"font-size: xx-small;\"><span style=\"color: #ff0000;\"> Directo<\/span><b>: <\/b> 0230<\/span><span style=\"font-size: xx-small;\">-4664772<br \/>\n<\/span><span style=\"font-size: xx-small;\"><span style=\"color: #ff0000;\"> Whatsapp<\/span><span style=\"color: #ff0000;\">:<\/span><a href=\"https:\/\/bit.ly\/2J4cUvm\"> 11 5312 6795<\/a><\/span><br \/>\n<span style=\"font-size: small;\"> <a href=\"https:\/\/bit.ly\/2Sn1zLP\">Enviar whatsapp aqu\u00ed<\/a><\/span><span style=\"font-size: xx-small;\"><br \/>\n<\/span><span style=\"color: #ff0000; font-size: xx-small;\"> Skype:<\/span><span style=\"font-size: xx-small;\"> quasarcomunicacion<br \/>\n<\/span><span style=\"color: #ff0000; font-size: xx-small;\"> Twitter:<\/span><span style=\"font-size: xx-small;\"> @quasarpilar<br \/>\n<span style=\"color: #ff0000;\">Instagram y Facebook:<\/span> @quasarcomunicacion<br \/>\n<\/span><span style=\"color: #ff0000; font-size: xx-small;\"> Web:<\/span><b><\/b> <a href=\"http:\/\/www.quasarcomunicacion.com.ar\/\"> <span style=\"font-size: xx-small;\">www.quasarcomunicacion.com.ar<\/span><\/a><span style=\"font-size: xx-small;\"><span style=\"color: #ff0000;\"><br \/>\nMail<\/span><b>:<\/b><\/span><span style=\"font-size: xx-small;\"> <a href=\"mailto:fernanda@quasarcomunicacion.com.ar\"> asistente@quasarcomunicacion.com.ar<\/a><\/span><\/p>\n<\/td>\n<td align=\"center\" valign=\"top\" width=\"44%\">\n<p align=\"right\"><span style=\"font-size: medium;\"><strong> <span style=\"color: #808080; font-family: Arial; font-size: small;\"> Lic. Mar\u00eda Fernanda Ipata &#8211; Directora<br \/>\n<\/span> <\/strong><\/span> <span style=\"font-size: xx-small;\"><span style=\"color: #ff0000;\"><br \/>\n<\/span> <span style=\"color: #ff0000;\">M\u00f3vil:<\/span><b> <\/b> 0230<\/span><span style=\"font-size: xx-small;\">-15-4584535<br \/>\n<\/span><span style=\"font-size: xx-small;\"><span style=\"color: #ff0000;\"> Whatsapp<\/span><span style=\"color: #ff0000;\">:<\/span> <a href=\"https:\/\/bit.ly\/2J4cUvm\"> 0230<\/a><\/span><span style=\"font-size: xx-small;\"><a href=\"https:\/\/bit.ly\/2J4cUvm\">-15-4584535<\/a><\/span><br \/>\n<a href=\"https:\/\/bit.ly\/2J4cUvm\"> <span style=\"font-size: small;\">Enviar whatsapp aqu\u00ed<\/span><\/a><span style=\"font-size: small;\"><br \/>\n<\/span><span style=\"color: #ff0000; font-size: xx-small;\"> Skype:<\/span><span style=\"font-size: xx-small;\"> quasarcomunicacion<br \/>\n<\/span><span style=\"font-size: xx-small;\"> <span style=\"color: #ff0000;\">LinkedIn<\/span><b>:\u00a0 <\/b><\/span> <span style=\"font-size: xx-small;\"><b> <a href=\"http:\/\/www.linkedin.com\/in\/mfipata\"> http:\/\/www.linkedin.com\/in\/mfipata<\/a><\/b><\/span><br \/>\n<span style=\"font-size: xx-small;\"> <a href=\"https:\/\/www.linkedin.com\/company\/quasarcomunicacion\"> https:\/\/www.linkedin.com\/company\/quasarcomunicacion<\/a><br \/>\n<\/span><span style=\"font-size: xx-small;\"> <span style=\"color: #ff0000;\">Instagram y Facebook:<\/span> @quasarcomunicacion <\/span><span style=\"color: #ff0000; font-size: xx-small;\"><br \/>\nWeb:<\/span><b><\/b> <a href=\"http:\/\/www.quasarcomunicacion.com.ar\/\"> <span style=\"font-size: xx-small;\">www.quasarcomunicacion.com.ar<\/span><\/a><span style=\"font-size: xx-small;\"><br \/>\n<\/span><span style=\"font-size: xx-small;\"> <span style=\"color: #ff0000;\"> Mail<\/span><b>:<\/b><\/span><span style=\"font-size: xx-small;\"><a href=\"mailto:fernanda@quasarcomunicacion.com.ar\"> fernanda@quasarcomunicacion.com.ar<\/a><\/span><span style=\"color: #808080; font-size: xx-small;\">\u00a0 <\/span><\/p>\n<\/td>\n<\/tr>\n<\/tbody>\n<\/table>\n<\/div>\n","protected":false},"excerpt":{"rendered":"<p>El s\u00e1bado 24 de Agosto, CEETA (Centro de Estudios Especializado en Trastornos de Ansiedad) inicia un nuevo taller de Habilidades [&hellip;]<\/p>\n","protected":false},"author":2,"featured_media":7089,"comment_status":"open","ping_status":"open","sticky":false,"template":"","format":"standard","meta":[],"categories":[2],"tags":[],"_links":{"self":[{"href":"https:\/\/quasarcomunicacion.com.ar\/web\/wp-json\/wp\/v2\/posts\/9532"}],"collection":[{"href":"https:\/\/quasarcomunicacion.com.ar\/web\/wp-json\/wp\/v2\/posts"}],"about":[{"href":"https:\/\/quasarcomunicacion.com.ar\/web\/wp-json\/wp\/v2\/types\/post"}],"author":[{"embeddable":true,"href":"https:\/\/quasarcomunicacion.com.ar\/web\/wp-json\/wp\/v2\/users\/2"}],"replies":[{"embeddable":true,"href":"https:\/\/quasarcomunicacion.com.ar\/web\/wp-json\/wp\/v2\/comments?post=9532"}],"version-history":[{"count":0,"href":"https:\/\/quasarcomunicacion.com.ar\/web\/wp-json\/wp\/v2\/posts\/9532\/revisions"}],"wp:featuredmedia":[{"embeddable":true,"href":"https:\/\/quasarcomunicacion.com.ar\/web\/wp-json\/wp\/v2\/media\/7089"}],"wp:attachment":[{"href":"https:\/\/quasarcomunicacion.com.ar\/web\/wp-json\/wp\/v2\/media?parent=9532"}],"wp:term":[{"taxonomy":"category","embeddable":true,"href":"https:\/\/quasarcomunicacion.com.ar\/web\/wp-json\/wp\/v2\/categories?post=9532"},{"taxonomy":"post_tag","embeddable":true,"href":"https:\/\/quasarcomunicacion.com.ar\/web\/wp-json\/wp\/v2\/tags?post=9532"}],"curies":[{"name":"wp","href":"https:\/\/api.w.org\/{rel}","templated":true}]}}