{"id":9530,"date":"2019-08-16T11:23:20","date_gmt":"2019-08-16T14:23:20","guid":{"rendered":"https:\/\/quasarcomunicacion.com.ar\/web\/?p=9530"},"modified":"2019-08-16T11:23:20","modified_gmt":"2019-08-16T14:23:20","slug":"la-cantera-hotel-boutique-se-suma-a-la-gala-solidaria-de-la-asociacion-civil-liguen","status":"publish","type":"post","link":"https:\/\/quasarcomunicacion.com.ar\/web\/la-cantera-hotel-boutique-se-suma-a-la-gala-solidaria-de-la-asociacion-civil-liguen\/","title":{"rendered":"La Cantera Hotel Boutique se suma a la gala solidaria de la Asociaci\u00f3n Civil Lig\u00fcen"},"content":{"rendered":"<p style=\"text-align: left;\" align=\"center\"><i><span style=\"font-family: Verdana; font-size: small;\">\u00a0<\/span><\/i><span style=\"font-family: Verdana; font-size: small;\">Como todos los a\u00f1os <b>Tandem Hoteles<\/b>, con su establecimiento <b>La Cantera Hotel Boutique<\/b>, colabora con la Asociaci\u00f3n Civil Lig\u00fcen, que celebran 19 a\u00f1os de trayectoria del proyecto de hogares para ni\u00f1os y adolescentes.<\/span><\/p>\n<p><span style=\"font-family: Verdana; font-size: small;\">El evento anual de Lig\u00fcen se realiza desde hace cinco a\u00f1os con el objetivo de afianzar v\u00ednculos con los particulares y empresas colaboradoras, que ayudan a lo largo de todo el a\u00f1o, para que los hogares sigan funcionando y los chicos cubran todas sus necesidades b\u00e1sicas. Las donaciones van desde un litro de leche y ropa, hasta donaciones econ\u00f3micas, que permiten que la Asociaci\u00f3n siga creciendo.<!--more--><\/span><br \/>\n<a href=\"https:\/\/quasarcomunicacion.com.ar\/web\/wp-content\/uploads\/2019\/08\/lihuen.gif\"><img class=\"aligncenter\" alt=\"lihuen\" src=\"https:\/\/quasarcomunicacion.com.ar\/web\/wp-content\/uploads\/2019\/08\/lihuen.gif\" \/><\/a><br \/>\n<span style=\"font-family: Verdana; font-size: small;\">Entre estas empresas colaboradoras se encuentra<b> Tandem Hoteles<\/b> y <b>La Cantera Hotel Boutique. <\/b><\/span><br \/>\n<span style=\"font-family: Verdana; font-size: small;\">\u00abMart\u00edn (Bocco, CEO de Tandem) es parte de este proyecto, no es algo que hace para nosotros, es algo que hace para \u00e9l mismo. porque \u00e9l es parte de este proyecto. Si Lig\u00fcen cumple 19 de a\u00f1os de vida, no es porque lo hemos logrado los que estamos dentro, sino porque todos ustedes y los colaboradores han permitido que Lig\u00fcen crezca y perdure en el tiempo. Todos son parte de Lig\u00fcen. Todo lo que se hizo no existir\u00eda sin el acompa\u00f1amiento de esas personas\u201d, menciona Eduardo Sabater, alma mater del proyecto solidario. <\/span><br \/>\n<span style=\"font-family: Verdana; font-size: small;\">Las recaudaciones del evento, son destinadas para distintas cuestiones que cambian a lo largo del tiempo, como pintar los hogares, o cubrir salidas de los ni\u00f1os a actividades recreativas o gastos generales. Adem\u00e1s, se busca que aquellos que no conocen el proyecto, puedan asistir al evento para comprender de qu\u00e9 se trata y puedan familiarizarse con las actividades de los hogares y la ayuda que brinda a los ni\u00f1os y adolescentes. <\/span><br \/>\n<span style=\"font-family: Verdana; font-size: small;\">\u201cSon importantes todas las sumas de colaboraciones y la de <b>Tandem<\/b> siempre fue fundamental, porque es atractivo sortear una estad\u00eda y es el premio m\u00e1s grande. Pero tambi\u00e9n buscamos obtener 2 premios m\u00e1s, como electrodom\u00e9sticos, entre otros\u201d, dice Soledad Uvili, del staff de Lig\u00fcen. <\/span><br \/>\n<span style=\"font-family: Verdana; font-size: small;\">El evento incluye una cena y shows de entretenimiento, durante la gala se proyecta un video donde se muestran todas las actividades que se realizaron a lo largo del a\u00f1o y el estado de las instalaciones. Se pretende demostrar que las donaciones tiene un destino concreto y que ayudan a muchas ni\u00f1os, incluso las colaboraciones m\u00e1s peque\u00f1as hacen la diferencia. Por \u00faltimo se realiza el sorteo con diferentes premios, entre ellos la estad\u00eda en el Hotel La Cantera. <\/span><br \/>\n<span style=\"font-family: Verdana; font-size: small;\">Actualmente cuentan con dos casas: \u201cHogar Marcelino\u201d y \u201cHogar Casa Lig\u00fcen\u201d.<br \/>\nEn ambos Hogares cobijan a ni\u00f1os y ni\u00f1as de entre 3 a 16 a\u00f1os que se encuentran en situaci\u00f3n de riesgo social, atendiendo sus necesidades b\u00e1sicas: nutricionales, habitacionales y de salud.<br \/>\nTodos\/as los\/as chicos\/as asisten al colegio, reciben apoyo escolar y realizan actividades deportivas y de esparcimiento. <\/span><br \/>\n<span style=\"font-family: Verdana; font-size: small;\">\u00abHace 17 a\u00f1os creamos este proyecto la convicci\u00f3n de que una sociedad m\u00e1s justa y equitativa es posible y trabajamos sin cansancio para mejorarles la vida a todos\/as los\/as ni\u00f1os\/as que pasan por nuestros Hogares\u00bb,concluyen.<\/span><br \/>\n<span style=\"font-family: Verdana; font-size: small;\">M\u00e1s informaci\u00f3n https:\/\/www.liguen.org.ar\/<\/span><br \/>\n<span style=\"font-family: Verdana; font-size: small;\"><b>La Cantera Hotel Boutique<\/b> forma parte del portfolio de propiedades operadas por<b> Tandem Hoteles.<\/b><\/span><br \/>\n<b><span style=\"font-family: Verdana; font-size: small;\">Acerca de Tandem<\/span><\/b><br \/>\n<span style=\"font-family: Verdana; font-size: small;\"><b>TANDEM<\/b> es una compa\u00f1\u00eda que brinda servicios globales vinculados con el \u00e1rea hotelera y servicios tur\u00edsticos de excepci\u00f3n. Los crea, administra, promueve y coloca en el centro de la acci\u00f3n.<br \/>\nM\u00e1s info <a href=\"http:\/\/www.tandemhoteles.com\/\"> http:\/\/www.tandemhoteles.com\/<\/a> <\/span><\/p>\n<p align=\"center\"><span style=\"font-family: Verdana; font-size: small;\">Acceso a toda la informaci\u00f3n ingresando en <a href=\"http:\/\/www.quasarcomunicacion.com.ar\/web\/tamdem\"> www.quasarcomunicacion.com.ar\/web\/tamdem<\/a> <\/span><\/p>\n<p align=\"right\"><span style=\"font-size: small;\"><b><i><span style=\"font-family: Arial;\">Por\u00a0 im\u00e1genes, audios o entrevistas no dude en contactarse<\/span><\/i><\/b><\/span><\/p>\n<div align=\"center\"><center><\/p>\n<div align=\"center\"><center><\/p>\n<p align=\"center\"><span style=\"font-size: small;\"><b><i> Contactos de Prensa<\/i><\/b><\/span><\/p>\n<p><\/center><\/div>\n<div align=\"center\"><center><\/p>\n<div align=\"left\">\n<table width=\"100%\" border=\"1\" cellpadding=\"2\" align=\"left\">\n<tbody>\n<tr>\n<td align=\"center\" valign=\"top\" width=\"54%\">\n<p align=\"left\"><strong> <span style=\"color: #ff0000; font-family: Arial; font-size: small;\">Virginia Rodr\u00edguez Herrera<\/span><\/strong><span style=\"font-size: medium;\"><strong><span style=\"color: #808080; font-family: Arial; font-size: small;\"> &#8211; Asistente de Cuentas<br \/>\n<\/span> <\/strong><\/span> <span style=\"font-size: xx-small;\"><span style=\"color: #ff0000;\"> Directo<\/span><b>: <\/b> 0230<\/span><span style=\"font-size: xx-small;\">-4664772<br \/>\n<\/span><span style=\"font-size: xx-small;\"><span style=\"color: #ff0000;\"> Whatsapp<\/span><span style=\"color: #ff0000;\">:<\/span><a href=\"https:\/\/bit.ly\/2J4cUvm\"> 11 5312 6795<\/a><\/span><br \/>\n<span style=\"font-size: small;\"> <a href=\"https:\/\/bit.ly\/2Sn1zLP\">Enviar whatsapp aqu\u00ed<\/a><\/span><span style=\"font-size: xx-small;\"><br \/>\n<\/span><span style=\"color: #ff0000; font-size: xx-small;\"> Skype:<\/span><span style=\"font-size: xx-small;\"> quasarcomunicacion<br \/>\n<\/span><span style=\"color: #ff0000; font-size: xx-small;\"> Twitter:<\/span><span style=\"font-size: xx-small;\"> @quasarpilar<br \/>\n<span style=\"color: #ff0000;\">Instagram y Facebook:<\/span> @quasarcomunicacion<br \/>\n<\/span><span style=\"color: #ff0000; font-size: xx-small;\"> Web:<\/span><b><\/b> <a href=\"http:\/\/www.quasarcomunicacion.com.ar\/\"> <span style=\"font-size: xx-small;\">www.quasarcomunicacion.com.ar<\/span><\/a><span style=\"font-size: xx-small;\"><span style=\"color: #ff0000;\"><br \/>\nMail<\/span><b>:<\/b><\/span><span style=\"font-size: xx-small;\"> <a href=\"mailto:fernanda@quasarcomunicacion.com.ar\"> asistente@quasarcomunicacion.com.ar<\/a><\/span><\/p>\n<\/td>\n<td align=\"center\" valign=\"top\" width=\"44%\">\n<p align=\"right\"><span style=\"font-size: medium;\"><strong> <span style=\"color: #808080; font-family: Arial; font-size: small;\"> Lic. Mar\u00eda Fernanda Ipata &#8211; Directora<br \/>\n<\/span> <\/strong><\/span> <span style=\"font-size: xx-small;\"><span style=\"color: #ff0000;\"><br \/>\n<\/span> <span style=\"color: #ff0000;\">M\u00f3vil:<\/span><b> <\/b> 0230<\/span><span style=\"font-size: xx-small;\">-15-4584535<br \/>\n<\/span><span style=\"font-size: xx-small;\"><span style=\"color: #ff0000;\"> Whatsapp<\/span><span style=\"color: #ff0000;\">:<\/span> <a href=\"https:\/\/bit.ly\/2J4cUvm\"> 0230<\/a><\/span><span style=\"font-size: xx-small;\"><a href=\"https:\/\/bit.ly\/2J4cUvm\">-15-4584535<\/a><\/span><br \/>\n<a href=\"https:\/\/bit.ly\/2J4cUvm\"> <span style=\"font-size: small;\">Enviar whatsapp aqu\u00ed<\/span><\/a><span style=\"font-size: small;\"><br \/>\n<\/span><span style=\"color: #ff0000; font-size: xx-small;\"> Skype:<\/span><span style=\"font-size: xx-small;\"> quasarcomunicacion<br \/>\n<\/span><span style=\"font-size: xx-small;\"> <span style=\"color: #ff0000;\">LinkedIn<\/span><b>:\u00a0 <\/b><\/span> <span style=\"font-size: xx-small;\"><b> <a href=\"http:\/\/www.linkedin.com\/in\/mfipata\"> http:\/\/www.linkedin.com\/in\/mfipata<\/a><\/b><\/span><br \/>\n<span style=\"font-size: xx-small;\"> <a href=\"https:\/\/www.linkedin.com\/company\/quasarcomunicacion\"> https:\/\/www.linkedin.com\/company\/quasarcomunicacion<\/a><br \/>\n<\/span><span style=\"font-size: xx-small;\"> <span style=\"color: #ff0000;\">Instagram y Facebook:<\/span> @quasarcomunicacion <\/span><span style=\"color: #ff0000; font-size: xx-small;\"><br \/>\nWeb:<\/span><b><\/b> <a href=\"http:\/\/www.quasarcomunicacion.com.ar\/\"> <span style=\"font-size: xx-small;\">www.quasarcomunicacion.com.ar<\/span><\/a><span style=\"font-size: xx-small;\"><br \/>\n<\/span><span style=\"font-size: xx-small;\"> <span style=\"color: #ff0000;\"> Mail<\/span><b>:<\/b><\/span><span style=\"font-size: xx-small;\"><a href=\"mailto:fernanda@quasarcomunicacion.com.ar\"> fernanda@quasarcomunicacion.com.ar<\/a><\/span><span style=\"color: #808080; font-size: xx-small;\">\u00a0 <\/span><\/p>\n<\/td>\n<\/tr>\n<\/tbody>\n<\/table>\n<\/div>\n<p><\/center><\/div>\n<p><\/center><\/div>\n","protected":false},"excerpt":{"rendered":"<p>\u00a0Como todos los a\u00f1os Tandem Hoteles, con su establecimiento La Cantera Hotel Boutique, colabora con la Asociaci\u00f3n Civil Lig\u00fcen, que [&hellip;]<\/p>\n","protected":false},"author":2,"featured_media":0,"comment_status":"open","ping_status":"open","sticky":false,"template":"","format":"standard","meta":[],"categories":[34],"tags":[],"_links":{"self":[{"href":"https:\/\/quasarcomunicacion.com.ar\/web\/wp-json\/wp\/v2\/posts\/9530"}],"collection":[{"href":"https:\/\/quasarcomunicacion.com.ar\/web\/wp-json\/wp\/v2\/posts"}],"about":[{"href":"https:\/\/quasarcomunicacion.com.ar\/web\/wp-json\/wp\/v2\/types\/post"}],"author":[{"embeddable":true,"href":"https:\/\/quasarcomunicacion.com.ar\/web\/wp-json\/wp\/v2\/users\/2"}],"replies":[{"embeddable":true,"href":"https:\/\/quasarcomunicacion.com.ar\/web\/wp-json\/wp\/v2\/comments?post=9530"}],"version-history":[{"count":0,"href":"https:\/\/quasarcomunicacion.com.ar\/web\/wp-json\/wp\/v2\/posts\/9530\/revisions"}],"wp:attachment":[{"href":"https:\/\/quasarcomunicacion.com.ar\/web\/wp-json\/wp\/v2\/media?parent=9530"}],"wp:term":[{"taxonomy":"category","embeddable":true,"href":"https:\/\/quasarcomunicacion.com.ar\/web\/wp-json\/wp\/v2\/categories?post=9530"},{"taxonomy":"post_tag","embeddable":true,"href":"https:\/\/quasarcomunicacion.com.ar\/web\/wp-json\/wp\/v2\/tags?post=9530"}],"curies":[{"name":"wp","href":"https:\/\/api.w.org\/{rel}","templated":true}]}}