{"id":953,"date":"2012-10-30T15:35:13","date_gmt":"2012-10-30T15:35:13","guid":{"rendered":"http:\/\/quasarcomunicacion.wordpress.com\/?p=953"},"modified":"2012-10-30T15:35:13","modified_gmt":"2012-10-30T15:35:13","slug":"festival-de-danzas-tipicas-en-pilar-point-a-beneficio-de-conin","status":"publish","type":"post","link":"https:\/\/quasarcomunicacion.com.ar\/web\/festival-de-danzas-tipicas-en-pilar-point-a-beneficio-de-conin\/","title":{"rendered":"Festival de Danzas T\u00edpicas en Pilar Point a beneficio de CONIN"},"content":{"rendered":"<p>El pr\u00f3ximo viernes 2 de Noviembre desde las 18 hs\u00a0<b>Pilar Point<\/b>\u00a0ser\u00e1 escenario de un Festival de danzas t\u00edpicas organizado por Radio X y el programa Despertar Boliviano a beneficio de CONIN Pilar (Cooperadora para la Nutrici\u00f3n Infantil)<!--more--><br \/>\n<img loading=\"lazy\" alt=\"\" src=\"http:\/\/www.quasarcomunicacion.com.ar\/pilarpoint\/2012\/conin1.gif\" height=\"375\" width=\"500\" \/><br \/>\n<span style=\"font-size:small;\">El espect\u00e1culo tiene entrada libre y gratuita, aunque se solicita la entrega de\u00a0<\/span>alimentos no perecederos para la instituci\u00f3n<br \/>\n<span style=\"font-size:small;\"><b>Pilar Point\u00a0<\/b>est\u00e1 ubicado en<\/span>\u00a0Estanislao L\u00f3pez (ex ruta 8) e Ituzaing\u00f3, en pleno centro de la ciudad.<br \/>\n<img loading=\"lazy\" alt=\"\" src=\"http:\/\/www.quasarcomunicacion.com.ar\/pilarpoint\/2012\/festival.gif\" height=\"271\" width=\"500\" \/><br \/>\nEs de destacar que\u00a0<b>Pilar Point<\/b>\u00a0cuenta con seguridad, wi-fi y estacionamiento sin cargo.<br \/>\n<span style=\"font-size:small;\">Segu\u00ed a\u00a0<b>Pilar Point<\/b>\u00a0en\u00a0<a href=\"http:\/\/www.facebook.com\/pilarpoint\">www.facebook.com\/pilarpoint<\/a><\/span><br \/>\n<b><span style=\"font-family:Verdana;font-size:small;\">Acerca deConinPILAR<\/span><\/b><br \/>\n<img loading=\"lazy\" alt=\"\" src=\"http:\/\/www.quasarcomunicacion.com.ar\/pilarpoint\/2012\/conin.gif\" height=\"103\" width=\"201\" \/><b><span style=\"font-family:Verdana;font-size:xx-small;\">CONIN<\/span><\/b><span style=\"font-family:Verdana;font-size:xx-small;\"><b>\u00a0Pilar<\/b>\u00a0es una Asociaci\u00f3n Civil sin fines de lucro cuya misi\u00f3n es:<\/span><br \/>\n<span style=\"font-family:Verdana;font-size:xx-small;\">&#8211; Prevenir la desnutrici\u00f3n infantil, promoviendo acciones que contribuyan a mejorar las condiciones de vida de familias en extrema pobreza.<br \/>\n&#8211; Aprestar a los ni\u00f1os para su ingreso escolar futuro en condiciones favorables para garantizar el aprendizaje.<br \/>\n&#8211; Fortalecer la figura de la familia como primer n\u00facleo social del ni\u00f1o.<\/span><br \/>\n<span style=\"font-family:Verdana;font-size:xx-small;\">Realizan esta tarea siguiendo la metodolog\u00eda de Fundaci\u00f3n Conin, Cooperadora para la Nutrici\u00f3n Infantil, creada por el Dr. Abel Albino en Mendoza, que desde el a\u00f1o 1993 lucha por quebrar la desnutrici\u00f3n infantil. Mediante la firma de la FRANQUICIA SOLIDARIA en Noviembre del 2010, se transformaron en CENTRO perteneciente a la RED CONIN.<\/span><br \/>\n<span style=\"font-family:Verdana;font-size:xx-small;\">El financiamiento de cada uno de los Centros se obtiene por autogesti\u00f3n, buscando los recursos necesarios para el funcionamiento de los mismos y sus diversos programas.<\/span><br \/>\n<span style=\"font-family:Verdana;font-size:xx-small;\">Conin<\/span><span style=\"font-family:Verdana;font-size:xx-small;\">\u00a0Pilar funciona en la localidad de Derqui, partido de Pilar.<\/span><br \/>\n<b><span style=\"font-family:Verdana;font-size:xx-small;\">\u00bfQui\u00e9nes son los destinatarios del programa?<\/span><\/b><br \/>\n<span style=\"font-family:Verdana;font-size:xx-small;\">Madres embarazadas con alto riesgo de dar a luz ni\u00f1os desnutridos, ni\u00f1os de 0 a 5 a\u00f1os con riesgo nutricional y\/o social y sus familias.<br \/>\nLos ni\u00f1os asisten con su madre o padre al Centro una vez por semana donde reciben atenci\u00f3n nutricional y pedi\u00e1trica, y concurren a talleres de estimulaci\u00f3n integral y juego. Sus padres asisten a su vez a talleres de educaci\u00f3n para la salud, educaci\u00f3n nutricional, lactancia materna, cocina, talleres de creatividad y capacitaci\u00f3n en artes y oficios, con el objetivo de modificar ciertas pautas de crianza fundamentales para combatir las causas que conllevan a la desnutrici\u00f3n de sus hijos y fortalecer la capacidad de auto sustento de las familias.<br \/>\nPara ello el centro cuenta con un equipo interdisciplinario de profesionales: directora de centro, m\u00e9dicos pediatras, nutricionistas, estimuladoras tempranas y trabajadoras sociales, cuya acci\u00f3n se centra en tres pilares b\u00e1sicos: asistencia, docencia investigaci\u00f3n. Actualmente concurren al Centro 67 ni\u00f1os y sus familias .<\/span><br \/>\n<b><span style=\"font-family:Verdana;font-size:xx-small;\">DATOS DE LA ASOCIACI\u00d3N<\/span><\/b><br \/>\n<span style=\"font-family:Verdana;font-size:xx-small;\">Nombre: ConinPILAR<br \/>\nRaz\u00f3n Social: Asociaci\u00f3n Civil sin fines de lucro<br \/>\nDirecci\u00f3n: R\u00edo Tercero 1347. Bo. A. Toro<br \/>\nDerqui \u2013 (1635) Pilar- Buenos Aires<br \/>\nPersoner\u00eda Jur\u00eddica: Res.DPPJ N\u00ba 2754<\/span><br \/>\n<span style=\"font-family:Verdana;font-size:xx-small;\"><b>Contacto<\/b><br \/>\nEmail: coninpilar@gmail.com<br \/>\nTel:\u00a0\u00a0<img alt=\"\" src=\"\/\/lifbcibllhkdhoafpjfnlhfpfgnpldfl\/numbers_button_skype_logo.png\" \/>011 56246464\u00a0Fernanda Juanteguy<br \/>\nM\u00e1s informaci\u00f3n<br \/>\nwww: http:\/\/coninpilar.blogspot.com\/<br \/>\nEnlaces de inter\u00e9s http:\/\/www.youtube.com\/watch?v=daHhLaGGxac<\/span><br \/>\n<b>Servicios y ubicaci\u00f3n privilegiada<\/b><br \/>\n<img loading=\"lazy\" alt=\"\" src=\"http:\/\/www.quasarcomunicacion.com.ar\/pilarpoint\/2012\/fachadaeco.gif\" height=\"342\" width=\"500\" \/><br \/>\n<b>Pilar Point\u00a0<\/b>se inaugur\u00f3 en Diciembre 2009 y ya est\u00e1 consolidado como el shopping del centro de Pilar.<br \/>\nEl centro comercial ofrece en forma permanente propuestas abiertas para la comunidad como clases de tanto, folklore, ajedrez, bailoterapia, espect\u00e1culos musicales, muestras art\u00edsticas, concursos, cine gratuito para ni\u00f1os y adultos, entre otras opciones.<br \/>\nAdem\u00e1s, cuenta con locales comerciales, oficinas, y la posibilidad de alquilar estudios en forma temporaria por hora o m\u00f3dulo.<br \/>\n<b>Pilar Point<\/b>\u00a0posee estacionamiento sin cargo, RapiPago y WiFi.<br \/>\n<b>Pilar Point\u00a0<\/b>cuenta con cinco plantas para 45 locales comerciales que ofrecen una variada gama de productos y servicios y 3000 m<sup>2\u00a0<\/sup>de Oficinas &amp; Estudios desde 30 m<sup>2<\/sup>\u00a0en venta y alquiler. Adem\u00e1s cocheras para 200 veh\u00edculos.<br \/>\nEl emplazamiento del desarrollo es una ubicaci\u00f3n estrat\u00e9gica y \u00fanica en la zona de Pilar, sobre Estanislao L\u00f3pez (ex Ruta 8), esquina Ituzaing\u00f3 y en la misma manzana que el edificio de Bomberos, la Fiscal\u00eda, la Comisar\u00eda central de Pilar.<br \/>\nTambi\u00e9n, su acceso desde Panamericana es directo, entrando por el Puente Champagnat, y luego la calle Rivadavia (300 mts), facilitando la llegada desde el Parque Industrial o de cualquiera de los Barrios Privados o Countries de la zona; o por Ruta 25, tambi\u00e9n llamada Tratado del Pilar permitiendo el acceso desde Escobar y desde zona oeste.<\/p>\n","protected":false},"excerpt":{"rendered":"<p>El pr\u00f3ximo viernes 2 de Noviembre desde las 18 hs\u00a0Pilar Point\u00a0ser\u00e1 escenario de un Festival de danzas t\u00edpicas organizado por [&hellip;]<\/p>\n","protected":false},"author":2,"featured_media":0,"comment_status":"open","ping_status":"open","sticky":false,"template":"","format":"standard","meta":[],"categories":[2],"tags":[],"_links":{"self":[{"href":"https:\/\/quasarcomunicacion.com.ar\/web\/wp-json\/wp\/v2\/posts\/953"}],"collection":[{"href":"https:\/\/quasarcomunicacion.com.ar\/web\/wp-json\/wp\/v2\/posts"}],"about":[{"href":"https:\/\/quasarcomunicacion.com.ar\/web\/wp-json\/wp\/v2\/types\/post"}],"author":[{"embeddable":true,"href":"https:\/\/quasarcomunicacion.com.ar\/web\/wp-json\/wp\/v2\/users\/2"}],"replies":[{"embeddable":true,"href":"https:\/\/quasarcomunicacion.com.ar\/web\/wp-json\/wp\/v2\/comments?post=953"}],"version-history":[{"count":0,"href":"https:\/\/quasarcomunicacion.com.ar\/web\/wp-json\/wp\/v2\/posts\/953\/revisions"}],"wp:attachment":[{"href":"https:\/\/quasarcomunicacion.com.ar\/web\/wp-json\/wp\/v2\/media?parent=953"}],"wp:term":[{"taxonomy":"category","embeddable":true,"href":"https:\/\/quasarcomunicacion.com.ar\/web\/wp-json\/wp\/v2\/categories?post=953"},{"taxonomy":"post_tag","embeddable":true,"href":"https:\/\/quasarcomunicacion.com.ar\/web\/wp-json\/wp\/v2\/tags?post=953"}],"curies":[{"name":"wp","href":"https:\/\/api.w.org\/{rel}","templated":true}]}}