{"id":9485,"date":"2019-07-31T18:48:43","date_gmt":"2019-07-31T21:48:43","guid":{"rendered":"https:\/\/quasarcomunicacion.com.ar\/web\/?p=9485"},"modified":"2019-07-31T18:48:43","modified_gmt":"2019-07-31T21:48:43","slug":"la-ansiedad-y-el-estres-en-los-ninos","status":"publish","type":"post","link":"https:\/\/quasarcomunicacion.com.ar\/web\/la-ansiedad-y-el-estres-en-los-ninos\/","title":{"rendered":"La ansiedad y el estr\u00e9s en los ni\u00f1os"},"content":{"rendered":"<p style=\"text-align: left;\" align=\"center\"><span style=\"font-family: Verdana; font-size: small;\">En el marco de la cercan\u00eda del festejo del d\u00eda del ni\u00f1o, reflexionamos respecto a los trastornos de ansiedad y estr\u00e9s que sufren los m\u00e1s peque\u00f1os desde temprana edad. Como padres, nos preocupamos por la salud de nuestros hijos y su desarrollo, es por eso que los cuidados se extienden hasta a sus estados de \u00e1nimo, respuestas a ciertas circunstancias y evoluci\u00f3n de su autoestima y personalidad.<!--more--><\/span><\/p>\n<p align=\"left\">\u00a0<a href=\"https:\/\/quasarcomunicacion.com.ar\/web\/wp-content\/uploads\/2019\/07\/ninos.gif\"><img class=\"aligncenter\" alt=\"ninos\" src=\"https:\/\/quasarcomunicacion.com.ar\/web\/wp-content\/uploads\/2019\/07\/ninos.gif\" \/><\/a><\/p>\n<p><span style=\"font-family: Verdana; font-size: small;\">Los profesionales del <b>Centro de Estudios Especializado en Trastornos de Ansiedad (CEETA)<\/b> mencionan que en los trastornos de ansiedad intervienen varios factores que provocan diversas reacciones por parte de los ni\u00f1os. Por ejemplo, las situaciones traum\u00e1ticas (como la p\u00e9rdida de un familiar o una separaci\u00f3n), la forma de educaci\u00f3n de los padres y los procesos de socializaci\u00f3n en los \u00e1mbitos de su vida como la familia, amigos, escuela. Tambi\u00e9n influye la autoestima que se ve afectada por la imagen que tienen los dem\u00e1s de uno mismo y las estrategias de afrontamiento, es decir, los recursos que tienen los ni\u00f1os para afrontar los problemas. <\/span><\/p>\n<p><span style=\"font-family: Verdana; font-size: small;\">\u201cLa ansiedad en los ni\u00f1os puede manifestarse de diversas maneras, hay quienes se tornen m\u00e1s dependientes y apegados a sus pap\u00e1s o cuidadores, hay quienes somatizan con dolores f\u00edsicos, hay quienes est\u00e1n m\u00e1s inquietos y se enojan con facilidad de manera desmedida. A veces cuesta distinguir cuando se trata de ansiedad normal y cuando la excede convirti\u00e9ndose en un trastorno.<br \/>\nTemor a la oscuridad, a insectos o animales, a las tormentas o fen\u00f3menos clim\u00e1ticos, a no tener amigos o a alejarse de los papas, son las situaciones que m\u00e1s generan ansiedad a los peque\u00f1os\u201d, detalla la Lic. Cecilia Palozzo (M.N. 34.964), del staff del <b>CEETA<\/b>. <\/span><\/p>\n<p><span style=\"font-family: Verdana; font-size: small;\">Los s\u00edntomas m\u00e1s comunes que se manifiestan son la dificultad para conciliar el sue\u00f1o o dormir, dolor de panza o cabeza o s\u00edntomas f\u00edsicos en general y que a la consulta con el pediatra no haya ninguna causa f\u00edsica, dificultad para sostener la atenci\u00f3n y la concentraci\u00f3n en la escuela, en sus tareas, dificultades acad\u00e9micas, volverse excesivamente apegados a los pap\u00e1s, enojo abrupto y cambio del humor, expresen estar preocupados o temerosos, est\u00e9n retra\u00eddos y evitativos. Es por esta raz\u00f3n que se necesita identificar el origen de la ansiedad para controlarla y evitar que una situaci\u00f3n estresante la vuelva a disparar. <\/span><\/p>\n<p><span style=\"font-family: Verdana; font-size: small;\">El rol de los padres o educadores es fundamental para que los ni\u00f1os aprendan a atravesar acontecimientos estresantes de una manera saludable, buscando la soluci\u00f3n del problema con tranquilidad y confianza.<br \/>\n<\/span><\/p>\n<div align=\"center\">\n<table width=\"90%\" border=\"0\" cellspacing=\"4\" cellpadding=\"4\">\n<tbody>\n<tr>\n<td bgcolor=\"#ECFFF9\" width=\"100%\"><i> <span style=\"font-family: Verdana; font-size: xx-small;\">El equipo de profesionales del <b>CEETA<\/b><\/span><\/i><span style=\"font-family: Verdana; font-size: xx-small;\"><i> est\u00e1 disponible para consultas o entrevistas sobre el tema. Comunicarse al 0230-4664772 \u00f3 <\/i><\/span><span style=\"font-size: small;\"> <a href=\"https:\/\/bit.ly\/2Sn1zLP\">Enviar whatsapp aqu\u00ed<\/a> <\/span> <span style=\"font-family: Verdana; font-size: xx-small;\"><i> \u00a0<\/i><\/span><span style=\"font-size: xx-small;\"><a href=\"https:\/\/bit.ly\/2J4cUvm\">11 5312 6795<\/a><\/span><span style=\"font-family: Verdana; font-size: xx-small;\"><i> para concretarlas o enviar un mail a <a href=\"mailto:gabriela@quasarcomunicacion.com.ar\"> fernanda@quasarcomunicacion.com.ar <\/a>\u00a0<\/i><\/span><\/td>\n<\/tr>\n<\/tbody>\n<\/table>\n<p align=\"left\"><span style=\"font-family: Verdana; font-size: small;\">\u201cComo pap\u00e1s, nuestra conducta es muy importante, ya que somos modelos para ellos. Sobre todo en los momentos de crisis, tratar de guardar la calma, tener una actitud contenedora y nunca de reproche. Abrazos y mimos ayudan a pasar el momento. Tambi\u00e9n puede ayudar t\u00e9cnicas de respiraci\u00f3n, nombrar al miedo de alguna manera divertida y permitir el espacio para hablar con ellos, reconocerles su temor, preocupaci\u00f3n es muy importante\u201d, agrega la especialista en trastornos de ansiedad, Palozzo. <\/span><\/p>\n<p align=\"left\"><span style=\"font-family: Verdana; font-size: small;\">Los profesionales de <b>CEETA<\/b> proponen algunas formas de intervenci\u00f3n para ayudar al ni\u00f1o a reducir la ansiedad:<br \/>\n\u2022 Lo primero que deben hacer es hablar con el ni\u00f1o de lo que les preocupa y c\u00f3mo se siente, para que se desahogue y exprese sus preocupaciones. Es importante comprender la importancia que tiene para el ni\u00f1o esa situaci\u00f3n.<br \/>\n\u2022 Los ni\u00f1os buscan modelos a quienes imitar y de quienes adoptar ciertas conductas, es por eso que aquellos cercanos al ni\u00f1o act\u00faen como modelos de conducta y afrontamiento de problemas<br \/>\n\u2022 Es importante animar al ni\u00f1o a enfrentar la situaci\u00f3n que le genere miedo, d\u00e1ndole el ejemplo en alguna ocasi\u00f3n, ayud\u00e1ndolo a exponerse a esa situaci\u00f3n gradualmente y felicit\u00e1ndolo por los avances. Tambi\u00e9n brindarle las herramientas necesarias para afrontar los problemas solo. <\/span><\/p>\n<p align=\"left\"><span style=\"font-family: Verdana; font-size: small;\">Cecilia Palozzo recomienda tratar los trastornos de ansiedad con la terapia Cognitivo conductual por su veracidad y por los resultados positivos. \u201cRecibimos cada vez m\u00e1s ni\u00f1os en el consultorio, como tambi\u00e9n la consulta directa de los padres ya en tratamiento. Esto puede leerse de muchas maneras, hay m\u00e1s conciencia por lo tanto se consulta antes y tambi\u00e9n los pap\u00e1s estamos viviendo con mucho estr\u00e9s y preocupaciones que influyen sin duda en nuestros hijos\u201d, a\u00f1ade. <\/span><\/p>\n<p align=\"left\"><span style=\"font-family: Verdana; font-size: small;\">Las personas m\u00e1s pr\u00f3ximas al ni\u00f1o tienen un papel muy importante en la prevenci\u00f3n de los trastornos de ansiedad. Los padres y los educadores pueden reducir el impacto de las situaciones o acontecimientos vitales estresantes que viva el ni\u00f1o, pueden educarlo para potenciar sus recursos personales y pueden promover nuevas experiencias y fomentar h\u00e1bitos de vida saludables.<\/span><\/p>\n<\/div>\n<div align=\"center\"><center><\/p>\n<table width=\"90%\" border=\"0\" cellspacing=\"4\" cellpadding=\"4\">\n<tbody>\n<tr>\n<td bgcolor=\"#ECFFF9\" width=\"100%\"><i> <span style=\"font-family: Verdana; font-size: xx-small;\">El equipo de profesionales del <b>CEETA<\/b><\/span><\/i><span style=\"font-family: Verdana; font-size: xx-small;\"><i> est\u00e1 disponible para consultas o entrevistas sobre el tema. Comunicarse al 0230-4664772 \u00f3 <\/i><\/span><span style=\"font-size: small;\"> <a href=\"https:\/\/bit.ly\/2Sn1zLP\">Enviar whatsapp aqu\u00ed<\/a> <\/span> <span style=\"font-family: Verdana; font-size: xx-small;\"><i> \u00a0<\/i><\/span><span style=\"font-size: xx-small;\"><a href=\"https:\/\/bit.ly\/2J4cUvm\">11 5312 6795<\/a><\/span><span style=\"font-family: Verdana; font-size: xx-small;\"><i> para concretarlas o enviar un mail a <a href=\"mailto:gabriela@quasarcomunicacion.com.ar\"> asistente@quasarcomunicacion.com.ar <\/a>\u00a0<\/i><\/span><\/td>\n<\/tr>\n<\/tbody>\n<\/table>\n<p>&nbsp;<\/p>\n<p><\/center><\/div>\n<p><span style=\"font-family: Verdana; font-size: small;\">\u00a0<\/span>El <b>Centro de Estudios Especializados en Trastornos de Ansiedad (CEETA)<\/b> tiene su sede central en 46 Plaza, Edificio Agora 3, 1\u00ba piso oficina 109 (Ramal Pilar Km 46). Tel\u00e9fono: \u00a00230-4667175 o al 011-4788-6245 \/ <a href=\"http:\/\/www.ceeta.org\/\"> www.ceeta.org<\/a>\u00a0 Tambi\u00e9n tiene sedes en\u00a0 Parque Patricios, Barrio Norte, Belgrano, San Isidro, Mor\u00f3n, Lomas de Zamora, Avellaneda y Quilmes, entre otras. En <b>facebook<\/b>, la fan page es <a href=\"https:\/\/www.facebook.com\/ansiedad.ceeta\"> https:\/\/www.facebook.com\/ansiedad.ceeta<\/a>\u00a0 <span style=\"font-family: Verdana; font-size: small;\">Consultas por <b>WHATSAPP<\/b>: +54 9 11 4402 7733<\/span><\/p>\n<p align=\"center\"><span style=\"font-family: Verdana; font-size: small;\">Acceso a toda la informaci\u00f3n ingresando en <a href=\"https:\/\/quasarcomunicacion.com.ar\/web\/ceeta\/\"> https:\/\/quasarcomunicacion.com.ar\/web\/ceeta\/<\/a> <\/span><\/p>\n<p><span style=\"font-size: small;\"><b><i>\u00a0<span style=\"font-family: Arial;\">Por otras im\u00e1genes, audios o entrevistas no dude en contactarse<\/span><\/i><\/b><\/span><\/p>\n<p align=\"center\"><span style=\"font-size: small;\"><b><i> Contactos de Prensa<\/i><\/b><\/span><\/p>\n<div align=\"left\">\n<table width=\"100%\" border=\"1\" cellpadding=\"2\" align=\"left\">\n<tbody>\n<tr>\n<td align=\"center\" valign=\"top\" width=\"54%\">\n<p align=\"left\"><strong> <span style=\"color: #ff0000; font-family: Arial; font-size: small;\">Virginia Rodr\u00edguez Herrera<\/span><\/strong><span style=\"font-size: medium;\"><strong><span style=\"color: #808080; font-family: Arial; font-size: small;\"> &#8211; Asistente de Cuentas<\/span><\/strong><\/span><\/p>\n<p><span style=\"font-size: xx-small;\"><span style=\"color: #ff0000;\"> Directo<\/span><b>: <\/b> 0230<\/span><span style=\"font-size: xx-small;\">-4664772<br \/>\n<\/span><span style=\"font-size: xx-small;\"><span style=\"color: #ff0000;\"> Whatsapp<\/span><span style=\"color: #ff0000;\">:<\/span><a href=\"https:\/\/bit.ly\/2J4cUvm\"> 11 5312 6795<\/a><\/span><br \/>\n<span style=\"font-size: small;\"> <a href=\"https:\/\/bit.ly\/2Sn1zLP\">Enviar whatsapp aqu\u00ed<\/a><\/span><span style=\"font-size: xx-small;\"><br \/>\n<\/span><span style=\"color: #ff0000; font-size: xx-small;\"> Skype:<\/span><span style=\"font-size: xx-small;\"> quasarcomunicacion<br \/>\n<\/span><span style=\"color: #ff0000; font-size: xx-small;\"> Twitter:<\/span><span style=\"font-size: xx-small;\"> @quasarpilar<br \/>\n<span style=\"color: #ff0000;\">Instagram y Facebook:<\/span> @quasarcomunicacion<br \/>\n<\/span><span style=\"color: #ff0000; font-size: xx-small;\"> Web:<\/span><b><\/b> <a href=\"http:\/\/www.quasarcomunicacion.com.ar\/\"> <span style=\"font-size: xx-small;\">www.quasarcomunicacion.com.ar<\/span><\/a><span style=\"font-size: xx-small;\"><span style=\"color: #ff0000;\"><br \/>\nMail<\/span><b>:<\/b><\/span><span style=\"font-size: xx-small;\"> <a href=\"mailto:fernanda@quasarcomunicacion.com.ar\"> asistente@quasarcomunicacion.com.ar<\/a><\/span><\/td>\n<td align=\"center\" valign=\"top\" width=\"44%\">\n<p align=\"right\"><span style=\"font-size: medium;\"><strong> <span style=\"color: #808080; font-family: Arial; font-size: small;\"> Lic. Mar\u00eda Fernanda Ipata &#8211; Directora<br \/>\n<\/span> <\/strong><\/span> <span style=\"font-size: xx-small;\"><span style=\"color: #ff0000;\"><br \/>\n<\/span> <span style=\"color: #ff0000;\">M\u00f3vil:<\/span><b> <\/b> 0230<\/span><span style=\"font-size: xx-small;\">-15-4584535<br \/>\n<\/span><span style=\"font-size: xx-small;\"><span style=\"color: #ff0000;\"> Whatsapp<\/span><span style=\"color: #ff0000;\">:<\/span> <a href=\"https:\/\/bit.ly\/2J4cUvm\"> 0230<\/a><\/span><span style=\"font-size: xx-small;\"><a href=\"https:\/\/bit.ly\/2J4cUvm\">-15-4584535<\/a><\/span><br \/>\n<a href=\"https:\/\/bit.ly\/2J4cUvm\"> <span style=\"font-size: small;\">Enviar whatsapp aqu\u00ed<\/span><\/a><span style=\"font-size: small;\"><br \/>\n<\/span><span style=\"color: #ff0000; font-size: xx-small;\"> Skype:<\/span><span style=\"font-size: xx-small;\"> quasarcomunicacion<br \/>\n<\/span><span style=\"font-size: xx-small;\"> <span style=\"color: #ff0000;\">LinkedIn<\/span><b>:\u00a0 <\/b><\/span> <span style=\"font-size: xx-small;\"><b> <a href=\"http:\/\/www.linkedin.com\/in\/mfipata\"> http:\/\/www.linkedin.com\/in\/mfipata<\/a><\/b><\/span><br \/>\n<span style=\"font-size: xx-small;\"> <a href=\"https:\/\/www.linkedin.com\/company\/quasarcomunicacion\"> https:\/\/www.linkedin.com\/company\/quasarcomunicacion<\/a><br \/>\n<\/span><span style=\"font-size: xx-small;\"> <span style=\"color: #ff0000;\">Instagram y Facebook:<\/span> @quasarcomunicacion <\/span><span style=\"color: #ff0000; font-size: xx-small;\"><br \/>\nWeb:<\/span><b><\/b> <a href=\"http:\/\/www.quasarcomunicacion.com.ar\/\"> <span style=\"font-size: xx-small;\">www.quasarcomunicacion.com.ar<\/span><\/a><span style=\"font-size: xx-small;\"><br \/>\n<\/span><span style=\"font-size: xx-small;\"> <span style=\"color: #ff0000;\"> Mail<\/span><b>:<\/b><\/span><span style=\"font-size: xx-small;\"><a href=\"mailto:fernanda@quasarcomunicacion.com.ar\"> fernanda@quasarcomunicacion.com.ar<\/a><\/span><span style=\"color: #808080; font-size: xx-small;\">\u00a0 <\/span><\/p>\n<\/td>\n<\/tr>\n<\/tbody>\n<\/table>\n<\/div>\n<hr \/>\n<p><center><span style=\"font-family: Verdana; font-size: xx-small;\"><b>Acerca de la Lic. Gabriela Mart\u00ednez Castro<\/b><\/span><\/center><\/p>\n<p align=\"left\"><i><span style=\"font-family: Verdana; font-size: xx-small;\">Gabriela Mart\u00ednez Castro es Licenciada en Psicolog\u00eda egresada de la Universidad de Belgrano en 1991. M\u00e1ster en Psicolog\u00eda Cl\u00ednica en M\u00e9xico. <\/span><\/i><\/p>\n<p>&nbsp;<\/p>\n<p align=\"left\"><i><span style=\"font-family: Verdana; font-size: xx-small;\">Post-grado en Trastornos de Ansiedad de la Asociaci\u00f3n Argentina de Trastornos de Ansiedad. Psicoterapeuta Cognitiva-Conductual, orientada al trabajo con Trastornos de Ansiedad y Trastornos de la Personalidad.<\/span><\/i><\/p>\n<p align=\"left\"><i><span style=\"font-family: Verdana; font-size: xx-small;\">Formaci\u00f3n en Terapia Cognitivo Conductual de Tercera Ola en la Fundaci\u00f3n Favaloro.<\/span><\/i><\/p>\n<p>Ex coordinadora docente de la c\u00e1tedra de Psicolog\u00eda General en la Universidad de Belgrano. Ex coordinadora del Departamento de Psicodiagn\u00f3stico del Hospital Franc\u00e9s, \u00e1rea de Consultorios Externos.<\/p>\n<p>&nbsp;<\/p>\n<p align=\"left\"><i><span style=\"font-family: Verdana; font-size: xx-small;\">Miembro de la Asociaci\u00f3n Argentina de Trastornos de Ansiedad. <\/span><\/i><\/p>\n<p>&nbsp;<\/p>\n<p align=\"left\"><i><span style=\"font-family: Verdana; font-size: xx-small;\">Directora de CEETA (Centro de Estudios Especializados en Trastornos de Ansiedad) <\/span><\/i><\/p>\n<p>&nbsp;<\/p>\n<p align=\"left\"><span style=\"font-family: Verdana; font-size: xx-small;\"><i>Centro de Estudios Especializados en Trastornos de Ansiedad (CEETA) &#8211; Edificio Concord-Sector los Almendros-piso segundo Oficina 202. Km 50 de la ruta Panamericana ramal Pilar. Tel\u00e9fono: 02322-667175 \u00f3 al Celular 15-4416-1578 <a href=\"http:\/\/www.ceeta.org\/\">www.ceeta.org<\/a>\u00a0 <\/i><\/span><\/p>\n<p align=\"left\"><span style=\"font-family: Verdana; font-size: xx-small;\"><b>Acerca de Lic. Mar\u00eda Cecilia Palozzo<\/b><\/span><\/p>\n<p align=\"left\"><i><span style=\"font-family: Verdana; font-size: xx-small;\">Licenciada en Psicolog\u00eda, egresada de la Facultad de Psicolog\u00eda y Psicopedagog\u00eda de la Universidad del Salvador.<br \/>\nSe especializ\u00f3 en Terapia Medica Familiar en la Universidad Nova Southeastern en Ft. Lauderdale, USA.<\/span><\/i><\/p>\n<p align=\"left\"><i><span style=\"font-family: Verdana; font-size: xx-small;\">Realiz\u00f3 cursos de post-grado en Clinical Psychology, Abnormal Psychology, Psychofarmacology of Drug &amp; Alcohol Abuse y Psychophysiology en la Universidad de Harvard, Extensi\u00f3n School, Boston, USA.<\/span><\/i><\/p>\n<p align=\"left\"><i><span style=\"font-family: Verdana; font-size: xx-small;\">Egresada del Curso Anual de Post-grado en Trastornos de Ansiedad de la Asociaci\u00f3n Argentina de Trastornos de Ansiedad.<\/span><\/i><\/p>\n<p align=\"left\"><i><span style=\"font-family: Verdana; font-size: xx-small;\">Orientada al tratamiento psicoterap\u00e9utico del paciente con Enfermedades \u00f3 condiciones m\u00e9dicas cr\u00f3nicas.<\/span><\/i><\/p>\n<p align=\"left\"><b><i><span style=\"font-family: Verdana; font-size: xx-small;\">Acerca de la Terapia Cognitivo Conductual de Tercera Ola o Tercera Generaci\u00f3n<\/span><\/i><\/b><\/p>\n<p>&nbsp;<\/p>\n<p align=\"left\"><i><span style=\"font-family: Verdana; font-size: xx-small;\">Se trata de una innovadora terapia cognitivo conductual, que a diferencia de otras terapias, se aboca a modificar comportamientos y pensamientos. Est\u00e1 orientada hacia el presente, se investiga el funcionamiento actual. El \u00e9nfasis de la TCC est\u00e1 puesto m\u00e1s en el \u201cQu\u00e9 tengo que hacer para cambiar\u201d que en el \u201cPor qu\u00e9\u201d. Muchas veces, el explorar expresamente y conocer cu\u00e1les son los motivos de lo que nos ocurre no alcanza a brindar una soluci\u00f3n y no es suficiente para producir un cambio.<\/span><\/i><\/p>\n<p align=\"left\"><i><span style=\"font-family: Verdana; font-size: xx-small;\">Es una psicoterapia basada en la evidencia y con un basamento cient\u00edfico y 100% comprobado. Los resultados se ven en el cort\u00edsimo plazo. El paciente tiene un papel activo, con tareas para realizar dentro y fuera de la sesi\u00f3n a trav\u00e9s de la aplicaci\u00f3n de las herramientas que se le brindan.<\/span><\/i><\/p>\n<p align=\"left\"><i><span style=\"font-family: Verdana; font-size: xx-small;\">La terapia cognitiva conductual de tercera ola o tercera generaci\u00f3n cuenta con numerosos aportes validados cient\u00edficamente en los \u00faltimos a\u00f1os. Son las denominadas Terapias de Tercera Generaci\u00f3n o Contextuales.<br \/>\nSon modelos de intervenci\u00f3n que ponen su foco de atenci\u00f3n en el contexto y la funci\u00f3n de nuestros eventos privados como ser los pensamientos, emociones, sensaciones en lugar de su contenido, frecuencia o duraci\u00f3n. La Terapia de Aceptaci\u00f3n y Compromiso (ACT), uno de los nuevos modelos de tratamiento que ofrecen las terapias contextuales, es uno de los mas reconocidos con evidencia emp\u00edrica. El objetivo de la misma es lograr flexibilidad psicol\u00f3gica ante las situaciones dif\u00edciles de la vida y ante el sufrimiento, entender que nuestra vida es significativa y valiosa aun cuando sufrimos.<br \/>\nUtiliza diferentes t\u00e9cnicas como Mindfulness y ejercicios experienciales entre otros. <\/span><\/i><\/p>\n<p align=\"left\"><i><span style=\"font-family: Verdana; font-size: xx-small;\">Se pueden medir los progresos obtenidos desde la primera sesi\u00f3n, se administran cuestionarios y planillas en los que se eval\u00faan los s\u00edntomas espec\u00edficos, en su frecuencia, duraci\u00f3n, intensidad y caracter\u00edsticas. Esta medici\u00f3n es repetida peri\u00f3dicamente hasta la sesi\u00f3n final, para tener una idea del cambio obtenido. La relaci\u00f3n terapeuta-paciente es de colaboraci\u00f3n y activa. Paciente y terapeuta se comprometen a trabajar con un objetivo com\u00fan. Los pacientes pueden aportar sugerencias y participar en el dise\u00f1o de las tareas para el hogar. <\/span><\/i><\/p>\n<p align=\"left\"><i><span style=\"font-family: Verdana; font-size: xx-small;\">En muchos casos, se utiliza la biblioterapia, que consiste en que el terapeuta recomiende o facilite libros, folletos o apuntes acerca del problema para que el paciente se informe de lo que le sucede. Tiende a fomentar la independencia del paciente. Est\u00e1 centrada en los s\u00edntomas y su resoluci\u00f3n. Se definen objetivos concretos a lograr. La meta de la TCC es eliminar, o al menos reducir los s\u00edntomas, y postula que si desaparecen, por ejemplo, los s\u00edntomas de p\u00e1nico, inmediatamente tambi\u00e9n va a haber una mejor\u00eda en otras \u00e1reas, sin que aparezcan otros s\u00edntomas que los reemplacen. Pone \u00e9nfasis en el cambio. Se le solicita al paciente practicar nuevas conductas y cogniciones en las sesiones, y generalizarlas afuera como parte de la tarea. Desafia la posici\u00f3n del paciente, sus conductas y sus creencias. Se centra en la resoluci\u00f3n de problemas. Utiliza planes de tratamiento. Generalmente, la terapia utiliza planes espec\u00edficos de tratamiento para cada problema, no utilizando un formato \u201c\u00fanico\u201d para las diversas consultas. Propone una continuidad tem\u00e1tica entre las sesiones. Es decir, m\u00e1s que simplemente decir que funciona, esta comprobado que funciona.<br \/>\nLos recursos disponibles en este portal, son de car\u00e1cter informativo y no constituyen ni reemplazan el asesoramiento y tratamiento profesional.<\/span><\/i><\/p>\n","protected":false},"excerpt":{"rendered":"<p>En el marco de la cercan\u00eda del festejo del d\u00eda del ni\u00f1o, reflexionamos respecto a los trastornos de ansiedad y [&hellip;]<\/p>\n","protected":false},"author":2,"featured_media":9484,"comment_status":"open","ping_status":"open","sticky":false,"template":"","format":"standard","meta":[],"categories":[2],"tags":[],"_links":{"self":[{"href":"https:\/\/quasarcomunicacion.com.ar\/web\/wp-json\/wp\/v2\/posts\/9485"}],"collection":[{"href":"https:\/\/quasarcomunicacion.com.ar\/web\/wp-json\/wp\/v2\/posts"}],"about":[{"href":"https:\/\/quasarcomunicacion.com.ar\/web\/wp-json\/wp\/v2\/types\/post"}],"author":[{"embeddable":true,"href":"https:\/\/quasarcomunicacion.com.ar\/web\/wp-json\/wp\/v2\/users\/2"}],"replies":[{"embeddable":true,"href":"https:\/\/quasarcomunicacion.com.ar\/web\/wp-json\/wp\/v2\/comments?post=9485"}],"version-history":[{"count":0,"href":"https:\/\/quasarcomunicacion.com.ar\/web\/wp-json\/wp\/v2\/posts\/9485\/revisions"}],"wp:featuredmedia":[{"embeddable":true,"href":"https:\/\/quasarcomunicacion.com.ar\/web\/wp-json\/wp\/v2\/media\/9484"}],"wp:attachment":[{"href":"https:\/\/quasarcomunicacion.com.ar\/web\/wp-json\/wp\/v2\/media?parent=9485"}],"wp:term":[{"taxonomy":"category","embeddable":true,"href":"https:\/\/quasarcomunicacion.com.ar\/web\/wp-json\/wp\/v2\/categories?post=9485"},{"taxonomy":"post_tag","embeddable":true,"href":"https:\/\/quasarcomunicacion.com.ar\/web\/wp-json\/wp\/v2\/tags?post=9485"}],"curies":[{"name":"wp","href":"https:\/\/api.w.org\/{rel}","templated":true}]}}