{"id":9424,"date":"2019-07-05T17:48:47","date_gmt":"2019-07-05T20:48:47","guid":{"rendered":"https:\/\/quasarcomunicacion.com.ar\/web\/?p=9424"},"modified":"2019-07-05T17:48:47","modified_gmt":"2019-07-05T20:48:47","slug":"la-escuela-para-emprendedores-lanza-el-espacioexperto","status":"publish","type":"post","link":"https:\/\/quasarcomunicacion.com.ar\/web\/la-escuela-para-emprendedores-lanza-el-espacioexperto\/","title":{"rendered":"La Escuela para Emprendedores lanza el #EspacioExperto"},"content":{"rendered":"<p style=\"text-align: left;\" align=\"center\"><span style=\"font-family: Verdana; font-size: small;\">\u00a0La <\/span><b style=\"font-family: Verdana; font-size: small;\">Escuela para Emprendedores (EPE)<\/b><span style=\"font-family: Verdana; font-size: small;\"> contin\u00faa incorporando servicios para los emprendedores, en esta oportunidad se trata del <\/span><b style=\"font-family: Verdana; font-size: small;\">#EspacioExperto<\/b><span style=\"font-family: Verdana; font-size: small;\">, un lugar donde se brindar\u00e1n herramientas concretas para que los emprendedores profesionalicen sus proyectos. M\u00e1s informaci\u00f3n y calendario en <\/span><a style=\"font-family: Verdana; font-size: small;\" href=\"https:\/\/l.facebook.com\/l.php?u=http%3A%2F%2Fwww.escuelaparaemrpendedores.com.ar%2F%3Ffbclid%3DIwAR39yh9acdbi57qz1nOTw0DAxreROzz9orq3fATiCLywYa6oC_kgOVec5iI&amp;h=AT2Lwpjc0UKtE4qKzemL8P3wHF8ViZQFyeYp4bttE-OoLIY9YUjzf1yYwSZfdq99Ys0XpI6Ai9_ghJEro6Js6ADFOEMzBvs-zW1z5_AOcEmwFMDwxaPmYQ4OA_D-zwh8EZ3PETSN1_-A6bypjHGLBGHIA7YpaxjcZE8EmFOq13NrBlIs1nTJ92wmGIEBsHNeihKtVTWZEbRr7FaZWH9qjeepudwnQEn_8zJ-mGSQfk0-6vUV8FiEsNsDi1YDrZix-CjUsW9aB5GQjgCIcfllr7doA4E_yz7jGVw3_qcqeKPD8sE4T4H5DSjeQgz0FY35MCrwoKoKe-fabBPuepKd2OkrQJ9kDd3zBfjH_os9LWcAaf3-WsDnSt1pmFBHp_XE-u5TeyqG2L4d9piOxWUtuhVS1HfBqyWrJqoJXRc_OtumL6TKSulaZcZu56ZDCRvrLTtJdAErxOfmx_KSRLYgMZZHvcxJh7K7OdEw97exeVi6gtwxU9MK1FEmiGA8JisH8D-MBxn8qoI0QtkP-9vQI2Zl7xpYp5LGbvXVDwuoFlQSf9UNbkYzGrdl3PcZ9SPvyV-_38nfEUnkqkHMRQUzVn7yWbVm2vhT2kSxiWh0J3K0ufhZrJ4MVJJJ1fB9YCE2epVGfj7EB8l_nebE0S0EFWw1BV_0\" target=\"_blank\" rel=\"noopener nofollow noreferrer\" data-ft=\"{&quot;tn&quot;:&quot;-U&quot;}\" data-lynx-mode=\"async\"> www.escuelaparaemrpendedores.com.ar<!--more--><\/a><\/p>\n<p>\u00a0<span style=\"color: #1c1e21; font-family: Verdana; font-size: small;\">De esta manera, se dictar\u00e1n <\/span> <span style=\"font-family: Verdana; font-size: small;\">talleres y webinarios 100% pr\u00e1cticos y aplicables para que los emprendedores profundicen en un tema de inter\u00e9s que les permitir\u00e1 sumar conocimiento y pr\u00e1cticas para hacer sustentables sus ideas.<\/span><\/p>\n<p><a href=\"https:\/\/quasarcomunicacion.com.ar\/web\/wp-content\/uploads\/2019\/07\/facebook.gif\"><img class=\"aligncenter\" alt=\"facebook\" src=\"https:\/\/quasarcomunicacion.com.ar\/web\/wp-content\/uploads\/2019\/07\/facebook.gif\" \/><\/a><\/p>\n<p><span style=\"font-family: Verdana; font-size: small;\">El primer webinar ser\u00e1 el viernes 12 de julio a las 17 hs, se tratar\u00e1 de una capacitaci\u00f3n on line y gratuita sobre<b> \u00abClaves para tener tu p\u00e1gina web\u00bb<\/b>.\u00a0 S\u00f3lo requiere inscripci\u00f3n previa y se podr\u00e1 acceder a la sala virtual a trav\u00e9s de una computadora o celular con internet. Inscribirse sin cargo aqu\u00ed <a href=\"http:\/\/escuelaparaemprendedores.com.ar\/clavespaginaweb\/\"> http:\/\/escuelaparaemprendedores.com.ar\/clavespaginaweb\/<\/a>. VACANTES LIMITADAS. Ideal para aquellos que est\u00e1n pensando en tener una p\u00e1gina web o ya poseen una.\u00a0 Temario resumido: registro de dominio, qu\u00e9 es y qu\u00e9 no es una p\u00e1gina web, dise\u00f1o web, hosting, mails corporativos, certificado de seguridad, p\u00e1ginas responsive, sitios autoadministrables, tiendas virtuales, estad\u00edsticas, posicionamiento en Google y mucho m\u00e1s<\/span><\/p>\n<p><span style=\"font-family: Verdana; font-size: small;\">Luego, el 22 de agosto a las 18 hs se brindar\u00e1 un taller presencial y 100% pr\u00e1ctico en Pilar centro sobre <b>Facebook para Emprendedores.<\/b> Esta actividad es arancelada, tiene un coto de $ 500 que incluye el taller + coffee break + manual Facebook para Emprendedores y material te\u00f3rico de apoyo. INSCRIBITE AQUI <a href=\"http:\/\/escuelaparaemprendedores.com.ar\/facebookemprendedores\/\"> http:\/\/escuelaparaemprendedores.com.ar\/facebookemprendedores\/<\/a> Recomendamos asistir con notebook en caso de ser posible<\/span><span style=\"color: #1d2129; font-family: Helvetica, Arial, sans-serif;\">.<\/span><\/p>\n<p><span style=\"font-family: Verdana; font-size: small;\">\u00abBuscamos con este taller que personas que empiezan sus emprendimientos encuentren en Facebook una herramienta capaz de hacer conocido su negocio y de expandirlo a trav\u00e9s de la difusi\u00f3n del mismo. El taller es 100% pr\u00e1ctico, cada alumnos trabajar\u00e1 su propia fan page en Facebook para crearla desde cero o bien optimizarla a trav\u00e9s de los nuevos conocimientos adquiridos\u00bb, indicaron desde la Escuela para Emprendedores. <\/span><\/p>\n<p><span style=\"font-family: Verdana; font-size: small;\">De acuerdo con la demanda, algunos de los temas ser\u00e1n: Facebook para Emprendedores, Dise\u00f1o para no dise\u00f1adores, Aprend\u00e9 a usar Whatsapp para vender m\u00e1s, Convertite en un experto en Mercado Pago, Claves para tener tu p\u00e1gina web, Herramientas de Google para Emprendedores y muchos temas m\u00e1s.<\/span><\/p>\n<p><span style=\"font-family: Verdana; font-size: small;\">Quienes deseen conocer m\u00e1s de la iniciativa, podr\u00e1n enviar un mail a <a href=\"mailto:info@escuelaparaemprendedores.com.ar\"> info@escuelaparaemprendedores.com.ar<\/a> o por whatsapp al 11 6742 7635. Adem\u00e1s, se pueden sumar al grupo de Facebook <a href=\"https:\/\/www.facebook.com\/groups\/escuelaparaemprendedoresarg\/\"> https:\/\/www.facebook.com\/groups\/escuelaparaemprendedoresarg\/<\/a> donde se comparte toda la informaci\u00f3n o visitar la web con todo el calendario <a href=\"http:\/\/www.escuelaparaemprendedores.com.ar\/\"> www.escuelaparaemprendedores.com.ar<\/a> <\/span><\/p>\n<p><span style=\"font-family: Verdana; font-size: small;\">Cabe recordar que contin\u00faan abiertas las inscripciones para sumarse como socios de la EPE. Desde la EPE organizan actividades gratuitas y otras aranceladas para poder asegurar el sostenimiento de la instituci\u00f3n, la cual no recibe subsidios ni aportes de ning\u00fan tipo por lo cual se sostendr\u00e1 con el aporte de los mismos emprendedores.<\/span><\/p>\n<p><span style=\"font-family: Verdana; font-size: small;\">\u00a0M\u00e1s informaci\u00f3n sobre c\u00f3mo sumarse aqu\u00ed <a href=\"http:\/\/escuelaparaemprendedores.com.ar\/aportes\"> http:\/\/escuelaparaemprendedores.com.ar\/aportes<\/a>. Podr\u00e1n asociarse con una cuota mensual o pago anual, y de esa manera acceder a muchas actividades gratuitas y contenido y beneficios exclusivos. Y tambi\u00e9n pueden sumarse como anunciantes digitales y sponsors de las actividades.<\/span><\/p>\n<p><span style=\"font-family: Verdana; font-size: small;\">Este nuevo servicio es brindado por la <b>Escuela para Emprendedores de Pilar<\/b>,\u00a0 una Escuela creada por y para emprendedores. \u00abConocemos las necesidades del sector y queremos ser un \u00e1mbito donde encuentren soluciones a los problemas que se le presentan a la hora de emprender, donde reciban asistencia, acompa\u00f1amiento\u00bb, indicaron desde el equipo de la EPE, el cual est\u00e1 liderado por la Lic. Mar\u00eda Fernanda Ipata, con amplia trayectoria en el sector.<\/span><\/p>\n<p align=\"left\"><span style=\"font-family: Verdana; font-size: small;\">Ipata explic\u00f3 que \u00abla Escuela es un \u00e1mbito de encuentro entre los emprendedores, un lugar donde acceder\u00e1n a herramientas concretas, capacitaci\u00f3n e informaci\u00f3n relevante y oportuna para su desarrollo personal y profesional. Adem\u00e1s, podr\u00e1n darle visibilidad a sus proyectos e interactuar con otros pares para compartir experiencias. Tambi\u00e9n habr\u00e1 capacitaciones a distancia, eventos y actividades permanentes\u00bb.<\/span><\/p>\n<p align=\"left\"><span style=\"font-family: Verdana; font-size: small;\">Las actividades de la EPE se planificaron de acuerdo con un relevamiento que dio como resultado que lo que m\u00e1s necesitaban los emprendedores de la zona era capacitaci\u00f3n. Por eso realizar\u00e1n capacitaciones presenciales y virtuales.<\/span><\/p>\n<p align=\"left\"><span style=\"font-family: Verdana; font-size: small;\">\u00abEs necesario invertir en capacitaci\u00f3n, y no solo invertir dinero sino tambi\u00e9n tiempo en capacitarnos, porque hoy en d\u00eda todo va a un ritmo tan acelerado, que si no nos capacitamos, nos quedamos y eso estancar\u00e1 el emprendimiento\u00bb; continu\u00f3 Ipata.<\/span><\/p>\n<p align=\"left\"><span style=\"font-family: Verdana; font-size: small;\">Adem\u00e1s, har\u00e1n hincapi\u00e9 en brindar espacios de networking, donde los emprendedores se puedan conocer y generar alianzas entre ellos.<\/span><\/p>\n<p align=\"left\"><span style=\"font-family: Verdana; font-size: small;\">La escuela funcionar\u00e1 sobre dos pilares fundamentales: la formaci\u00f3n profesional y el desarrollo personal ya que los emprendedores son una unidad en la vida personal y profesional y desde la instituci\u00f3n se apuntar\u00e1 a ambas.<\/span><\/p>\n<p align=\"left\"><span style=\"font-family: Verdana; font-size: small;\">Teniendo en cuenta esto, la respuesta a la demanda detectada se dar\u00e1 con las siguientes actividades:<\/span><\/p>\n<p align=\"left\"><span style=\"font-family: Verdana; font-size: small;\"><b>CICLO DE CHARLAS GRATUITAS<\/b><br \/>\nPor sexto a\u00f1o consecutivo este a\u00f1o se realizar\u00e1 un ciclo de charlas gratuitas una vez al mes.<\/span><\/p>\n<p align=\"left\"><span style=\"font-family: Verdana; font-size: small;\"><b>TALLERES Y CAPACITACIONES ON LINE Y PRESENCIALES<\/b><br \/>\nLas actividades presenciales se har\u00e1n en Pilar Point y tambi\u00e9n habr\u00e1 otras on line para que se puedan sumar emprendedores de todo el pa\u00eds. Adem\u00e1s, habr\u00e1 talleres espec\u00edficos que apuntar\u00e1n al HACER para aplicar los conocimientos adquiridos<br \/>\n<b><br \/>\nTERAPIA EMPRENDEDORA<\/b><br \/>\nLa Terapia Emprendedora es un espacio que busca convertirse en un lugar de \u201cdescarga\u201d para los emprendedores. La idea es compartir experiencias, problemas y soluciones para lograr, en grupo, superar los obst\u00e1culos y disfrutar de las alegr\u00edas de la dif\u00edcil y apasionante tarea de emprender. La actividad es llevada adelante por un profesional que conducir\u00e1 a los asistentes a resolver sus conflictos a la hora de emprender. La cita ser\u00e1 una vez al mes en horario a convenir en el patio de comidas de Pilar Point. <\/span><\/p>\n<p><span style=\"font-family: Verdana; font-size: small;\"><b>CONTACTATE HOY: RONDAS DE NETWORKING<\/b><br \/>\nContactate HOY es una feria de contactos que organizamos peri\u00f3dicamente para que los emprendedores puedan conocerse y tejer entre ellos alianzas estrat\u00e9gicas. Se trata de un espacio de networking e intercambio de informaci\u00f3n con la premisa GANAR-GANAR. <\/span><\/p>\n<p><span style=\"font-family: Verdana; font-size: small;\"><b>EMPRENDER EN PRIMERA PERSONA<\/b><br \/>\nUn emprendedor invitado nos cuenta su historia emprendedora y las peripecias a la hora de emprender. Una historia de vida para aprender e imitar <\/span><\/p>\n<p><span style=\"font-family: Verdana; font-size: small;\"><b>CHARLAS INFORMATIVAS<\/b><br \/>\nBrindaremos charlas informativas sobre productos y servicios de inter\u00e9s para emprendedores, programas, posibilidades de financiamiento, concursos, etc. <\/span><\/p>\n<p><span style=\"font-family: Verdana; font-size: small;\"><b>CONSULTORIO Y SESIONES DE COACHING<\/b><br \/>\nSesiones individuales y grupales con nuestro staff de capacitadores. Las mismas ser\u00e1n presenciales y on line<\/span><\/p>\n<p><span style=\"font-family: Verdana; font-size: small;\">La <b>Escuela para Emprendedores<\/b> surge luego de 8 a\u00f1os de trabajo autogestivo a trav\u00e9s de Pilar Emprende y Emprender Hoy.<\/span><\/p>\n<p><span style=\"font-family: Verdana; font-size: small;\">M\u00e1s info <a href=\"http:\/\/www.escuelaparaemprendedores.com.ar\/\"> www.escuelaparaemprendedores.com.ar<\/a> <\/span><\/p>\n<p><span style=\"font-size: small;\"><b><i><span style=\"font-family: Arial;\">Por otras im\u00e1genes, audios o entrevistas no dude en contactarse<\/span><\/i><\/b><\/span><\/p>\n<p align=\"center\"><span style=\"font-size: small;\"><b><i> Contactos de Prensa<\/i><\/b><\/span><\/p>\n<div align=\"left\">\n<table width=\"100%\" border=\"1\" cellpadding=\"2\" align=\"left\">\n<tbody>\n<tr>\n<td align=\"center\" width=\"50%\">\n<p align=\"left\"><span style=\"font-size: medium;\"><strong><span style=\"color: #808080; font-family: Arial; font-size: small;\"> Candela Villanueva &#8211; Asistente de Cuentas<\/span><\/strong><\/span><\/p>\n<p><span style=\"font-size: xx-small;\"><span style=\"color: #ff0000;\"> Directo<\/span><b>: <\/b> 0230<\/span><span style=\"font-size: xx-small;\">-4664772<br \/>\n<\/span><span style=\"color: #ff0000; font-size: xx-small;\"> Skype:<\/span><span style=\"font-size: xx-small;\"> quasarcomunicacion<br \/>\n<span style=\"color: #ff0000;\"> Instagram<\/span>: @quasarcomunicacion<br \/>\n<\/span><span style=\"color: #ff0000; font-size: xx-small;\"> Twitter:<\/span><span style=\"font-size: xx-small;\"> @quasarpilar<br \/>\n<\/span><span style=\"color: #ff0000; font-size: xx-small;\"> Gr<\/span><span style=\"color: #ff0000; font-size: xx-small;\">upo y p\u00e1gina en Facebook: <\/span> <span style=\"color: #808080; font-size: xx-small;\">www.facebook.com\/<\/span><a href=\"mailto:mfipata@gmail.com\"><span style=\"font-size: xx-small;\">Quasar<\/span><\/a><span style=\"font-size: xx-small;\">Comunicacion<br \/>\n<\/span><span style=\"color: #ff0000; font-size: xx-small;\"> Web:<\/span><b><\/b> <a href=\"http:\/\/www.quasarcomunicacion.com.ar\/\"> <span style=\"font-size: xx-small;\">www.quasarcomunicacion.com.ar<\/span><\/a><\/p>\n<p align=\"left\"><span style=\"font-size: xx-small;\"> <span style=\"color: #ff0000;\">Mail<\/span><b>:<\/b><\/span><span style=\"font-size: xx-small;\"> <a href=\"mailto:fernanda@quasarcomunicacion.com.ar\"> candela<\/a><a href=\"mailto:fernanda@quasarcomunicacion.com.ar\">@quasarcomunicacion.com.ar<\/a><\/span><\/p>\n<\/td>\n<td align=\"center\" width=\"50%\">\n<p align=\"left\"><strong> <span style=\"color: #ff0000; font-family: Arial; font-size: small;\">Virginia Rodr\u00edguez Herrera<\/span><\/strong><span style=\"font-size: medium;\"><strong><span style=\"color: #808080; font-family: Arial; font-size: small;\"> &#8211; Asistente de Cuentas<\/span><\/strong><\/span><\/p>\n<p><span style=\"font-size: xx-small;\"><span style=\"color: #ff0000;\"> Directo<\/span><b>: <\/b> 0230<\/span><span style=\"font-size: xx-small;\">-4664772<br \/>\n<\/span><span style=\"font-size: xx-small;\"><span style=\"color: #ff0000;\"> Whatsapp<\/span><span style=\"color: #ff0000;\">:<\/span><a href=\"https:\/\/bit.ly\/2J4cUvm\"> 11 5312 6795<\/a><\/span><br \/>\n<span style=\"font-size: small;\"> <a href=\"https:\/\/bit.ly\/2Sn1zLP\">Enviar whatsapp aqu\u00ed<\/a><\/span><span style=\"font-size: xx-small;\"><br \/>\n<\/span><span style=\"color: #ff0000; font-size: xx-small;\"> Skype:<\/span><span style=\"font-size: xx-small;\"> quasarcomunicacion<br \/>\n<\/span><span style=\"color: #ff0000; font-size: xx-small;\"> Twitter:<\/span><span style=\"font-size: xx-small;\"> @quasarpilar<br \/>\n<span style=\"color: #ff0000;\">Instagram y Facebook:<\/span> @quasarcomunicacion<br \/>\n<\/span><span style=\"color: #ff0000; font-size: xx-small;\"> Web:<\/span><b><\/b> <a href=\"http:\/\/www.quasarcomunicacion.com.ar\/\"> <span style=\"font-size: xx-small;\">www.quasarcomunicacion.com.ar<\/span><\/a><span style=\"font-size: xx-small;\"><span style=\"color: #ff0000;\"><br \/>\nMail<\/span><b>:<\/b><\/span><span style=\"font-size: xx-small;\"> <a href=\"mailto:fernanda@quasarcomunicacion.com.ar\"> asistente@quasarcomunicacion.com.ar<\/a><\/span><\/td>\n<\/tr>\n<\/tbody>\n<\/table>\n<\/div>\n","protected":false},"excerpt":{"rendered":"<p>\u00a0La Escuela para Emprendedores (EPE) contin\u00faa incorporando servicios para los emprendedores, en esta oportunidad se trata del #EspacioExperto, un lugar [&hellip;]<\/p>\n","protected":false},"author":2,"featured_media":9422,"comment_status":"open","ping_status":"open","sticky":false,"template":"","format":"standard","meta":[],"categories":[2],"tags":[],"_links":{"self":[{"href":"https:\/\/quasarcomunicacion.com.ar\/web\/wp-json\/wp\/v2\/posts\/9424"}],"collection":[{"href":"https:\/\/quasarcomunicacion.com.ar\/web\/wp-json\/wp\/v2\/posts"}],"about":[{"href":"https:\/\/quasarcomunicacion.com.ar\/web\/wp-json\/wp\/v2\/types\/post"}],"author":[{"embeddable":true,"href":"https:\/\/quasarcomunicacion.com.ar\/web\/wp-json\/wp\/v2\/users\/2"}],"replies":[{"embeddable":true,"href":"https:\/\/quasarcomunicacion.com.ar\/web\/wp-json\/wp\/v2\/comments?post=9424"}],"version-history":[{"count":0,"href":"https:\/\/quasarcomunicacion.com.ar\/web\/wp-json\/wp\/v2\/posts\/9424\/revisions"}],"wp:featuredmedia":[{"embeddable":true,"href":"https:\/\/quasarcomunicacion.com.ar\/web\/wp-json\/wp\/v2\/media\/9422"}],"wp:attachment":[{"href":"https:\/\/quasarcomunicacion.com.ar\/web\/wp-json\/wp\/v2\/media?parent=9424"}],"wp:term":[{"taxonomy":"category","embeddable":true,"href":"https:\/\/quasarcomunicacion.com.ar\/web\/wp-json\/wp\/v2\/categories?post=9424"},{"taxonomy":"post_tag","embeddable":true,"href":"https:\/\/quasarcomunicacion.com.ar\/web\/wp-json\/wp\/v2\/tags?post=9424"}],"curies":[{"name":"wp","href":"https:\/\/api.w.org\/{rel}","templated":true}]}}