{"id":94,"date":"2012-03-09T13:37:31","date_gmt":"2012-03-09T13:37:31","guid":{"rendered":"http:\/\/quasarcomunicacion.wordpress.com\/?p=94"},"modified":"2012-03-09T13:37:31","modified_gmt":"2012-03-09T13:37:31","slug":"gran-lanzamiento-de-autores-locales","status":"publish","type":"post","link":"https:\/\/quasarcomunicacion.com.ar\/web\/gran-lanzamiento-de-autores-locales\/","title":{"rendered":"Pilar Hoy Noticias: Gran lanzamiento de \u00abAutores Locales\u00bb"},"content":{"rendered":"<p>El martes se vivi\u00f3 una fiesta en Pilar Point. Naci\u00f3 \u00abAutores Locales\u00bb, un espacio cultural para los editores y escritores pilarenses.<!--more--><\/p>\n<div>\n<p><img src=\"http:\/\/pilarhoy.com.ar\/images\/stories\/fotos\/12enero\/autores.jpg\" alt=\"\" border=\"0\" \/><\/p>\n<p>La iniciativa surgi\u00f3 del escritor y artista derquino V\u00edctor Koprivsek (tambi\u00e9n director del peri\u00f3dico El Apogeo), junto a un grupo de editores y escritores del distrito.<\/p>\n<p>En el marco de este proyecto, con el apoyo de Pilar Point y la librer\u00eda Matute Libros, se busca promover la comercializacion de obras de autores pilarenses.<\/p>\n<p>V\u00edctor Koprivsek, adem\u00e1s de artista es un admirable gestor cultural y autor de los libros \u201cPoemas de barro\u201d, \u201cTerritorio\u201d, \u201cSoy mano\u201d (junto a Graciela Labale y Carla Manzoni, editado por El Diario) y \u201cEl ladrillo desnudo\u201d.<\/p>\n<p>Para un autor local no es f\u00e1cil llegar a la vidriera de las librer\u00edas, por eso, con este proeycto se busca que los libros pilarenses ocupen espacios de importancia en las vidrieras de las librer\u00edas. En este sentido, Koprivsek inica que \u201cla primera que se sum\u00f3 a la propuesta es la librer\u00eda Matute, ubicada en el primer piso del shopping Pilar Point: el local va a destinar un stand para que todos los autores locales tengan su lugar, m\u00e1s una parte de la vidriera. Es algo muy importante\u201d.<br \/>\nPero no se descarta que se sumen otros comercios ligados a la actividad.<\/p>\n<p>Adem\u00e1s, el proyecto tambi\u00e9n implica la creaci\u00f3n de una base de datos de autores y t\u00edtulos que permita el contacto y la promoci\u00f3n de un espacio de discusi\u00f3n entre ellos. La idea es cada dos meses hacer un panel con cinco escritores para promoverlos.<\/p>\n<p><img src=\"http:\/\/pilarhoy.com.ar\/images\/stories\/fotos\/12enero\/autores1.jpg\" alt=\"\" border=\"0\" \/><\/p>\n<p>Con gran presencia de p\u00fablico, la noche del martes fue emblem\u00e1tica, con la participaci\u00f3n del grupo de guitarras Entre Cuerdas, liderado por Federico Rosso<\/p>\n<p>En el evento disertaron cinco panelistas mujeres, por la cercan\u00eda con el D\u00eda de la Mujer: Graciela Labale (\u201cSoy mano\u201d), Lizzie Bertiller (\u201cEl gueto y otros relatos\u201d), Hilda de Laffitte (\u201cCollar de perlas\u201d), Noelia L\u00f3pez (\u201cEl \u00faltimo final\u201d) y Marta Garc\u00eda, integrante del taller literario A.L.M.A, de Del Viso. El evento se cerr\u00f3 con la m\u00fasica de Melen\u00e9 Desia.<\/p>\n<p>Entre los autores y editores locales estuvieron presentes, entre otros, Edgar Wilker Scovenna, Ang\u00e9lica Quatr\u00edn, Fernanda y Alejandra Karageorgiu, Manuel V\u00e1zquez, Alicia Franco y muchos m\u00e1s<br \/>\nTambi\u00e9n particip\u00f3 la directora de Cultura Clarisa Bartolacci, Marcelo Fern\u00e1ndez Ag\u00fcero y su mujer Marcela, propietarios de Matute Libros. Y C\u00e9sar y Claudia Mansilla, de El Diario, quienes tambi\u00e9n promueven ediciones de autores locales.<\/p>\n<p><strong>Fuente<\/strong>:\u00a0http:\/\/pilarhoy.com.ar\/index.php\/tiempo-libre\/cultura\/1826-gran-lanzamiento-de-qautores-localesq<\/p>\n<\/div>\n","protected":false},"excerpt":{"rendered":"<p>El martes se vivi\u00f3 una fiesta en Pilar Point. Naci\u00f3 \u00abAutores Locales\u00bb, un espacio cultural para los editores y escritores [&hellip;]<\/p>\n","protected":false},"author":2,"featured_media":0,"comment_status":"open","ping_status":"open","sticky":false,"template":"","format":"standard","meta":[],"categories":[42],"tags":[43,44,45,46,47,48,49],"_links":{"self":[{"href":"https:\/\/quasarcomunicacion.com.ar\/web\/wp-json\/wp\/v2\/posts\/94"}],"collection":[{"href":"https:\/\/quasarcomunicacion.com.ar\/web\/wp-json\/wp\/v2\/posts"}],"about":[{"href":"https:\/\/quasarcomunicacion.com.ar\/web\/wp-json\/wp\/v2\/types\/post"}],"author":[{"embeddable":true,"href":"https:\/\/quasarcomunicacion.com.ar\/web\/wp-json\/wp\/v2\/users\/2"}],"replies":[{"embeddable":true,"href":"https:\/\/quasarcomunicacion.com.ar\/web\/wp-json\/wp\/v2\/comments?post=94"}],"version-history":[{"count":0,"href":"https:\/\/quasarcomunicacion.com.ar\/web\/wp-json\/wp\/v2\/posts\/94\/revisions"}],"wp:attachment":[{"href":"https:\/\/quasarcomunicacion.com.ar\/web\/wp-json\/wp\/v2\/media?parent=94"}],"wp:term":[{"taxonomy":"category","embeddable":true,"href":"https:\/\/quasarcomunicacion.com.ar\/web\/wp-json\/wp\/v2\/categories?post=94"},{"taxonomy":"post_tag","embeddable":true,"href":"https:\/\/quasarcomunicacion.com.ar\/web\/wp-json\/wp\/v2\/tags?post=94"}],"curies":[{"name":"wp","href":"https:\/\/api.w.org\/{rel}","templated":true}]}}