{"id":9375,"date":"2019-06-26T15:32:47","date_gmt":"2019-06-26T18:32:47","guid":{"rendered":"https:\/\/quasarcomunicacion.com.ar\/web\/?p=9375"},"modified":"2019-06-26T15:32:47","modified_gmt":"2019-06-26T18:32:47","slug":"declararon-de-interes-municipal-al-vi-ciclo-de-charlas-gratuitas-para-el-desarrolloemprendedor-en-pilar","status":"publish","type":"post","link":"https:\/\/quasarcomunicacion.com.ar\/web\/declararon-de-interes-municipal-al-vi-ciclo-de-charlas-gratuitas-para-el-desarrolloemprendedor-en-pilar\/","title":{"rendered":"Declararon de Inter\u00e9s Municipal al VI Ciclo de Charlas Gratuitas para el #DesarrolloEmprendedor en Pilar"},"content":{"rendered":"<p style=\"text-align: left;\" align=\"center\"><span style=\"font-family: Verdana; font-size: small;\">En la \u00faltima sesi\u00f3n ordinaria, el Concejo Deliberante de Pilar declar\u00f3, por unanimidad, de Inter\u00e9s Municipal el <\/span><b style=\"font-family: Verdana; font-size: small;\">VI Ciclo de Charlas Gratuitas para el Desarrollo Emprendedor en Pilar<\/b><span style=\"font-family: Verdana; font-size: small;\"> organizado por <\/span><b style=\"font-family: Verdana; font-size: small;\">Pilar Emprende by Emprender Hoy<\/b><\/p>\n<p><span style=\"font-family: Verdana; font-size: small;\">El ciclo de Charlas se realiza desde 2014 de manera ininterrumpida y totalmente autogestiva. A lo largo de todas sus ediciones ha conectado a emprendedores con potenciales clientes, gener\u00f3 alianzas estrat\u00e9gicas y brinda herramientas de mejora a cientos de emprendedores por a\u00f1o. Desde sus inicios ya se llevaron adelante, s\u00f3lo en el marco del ciclo, unas 30 charlas gratuitas en las que se inscribieron m\u00e1s de mil doscientos emprendedores de Pilar y localidades aleda\u00f1as.<!--more--> <\/span><\/p>\n<p><a href=\"https:\/\/quasarcomunicacion.com.ar\/web\/wp-content\/uploads\/2019\/06\/sesion19.gif\"><img class=\"aligncenter\" alt=\"sesion19\" src=\"https:\/\/quasarcomunicacion.com.ar\/web\/wp-content\/uploads\/2019\/06\/sesion19.gif\" \/><\/a><\/p>\n<p><span style=\"font-family: Verdana; font-size: small;\">El <b>\u201cVI Ciclo de Charlas para el #DesarrolloEmprendedor\u201d <\/b>comenz\u00f3 en el mes de mayo y se realiza un encuentro mensual en Pilar Point impulsado por Emprender Hoy y la Escuela Para Emprendedores de Pilar, destacando la importancia de este tipo de iniciativas para el fomento del emprendedorismo, el autoempleo y el desarrollo econ\u00f3mico de la comunidad.<\/span><\/p>\n<p><span style=\"font-family: Verdana; font-size: small;\">Entre los considerando de la ordenanza presentada por los concejales del Frente Pilarense y aprobada por unanimidad, se destacan \u00abque el emprendedorismo se ha introducido en el \u00faltimo tiempo como elemento vital para el desarrollo econ\u00f3mico y social, fomentando valores indispensables para los nuevos desaf\u00edos del mundo de la producci\u00f3n y del trabajo\u00bb. A su vez, se hace hincapi\u00e9 en que \u00aben Pilar hay un creciente n\u00famero de emprendedores y emprendedoras, convirti\u00e9ndose en una importante dimensi\u00f3n productiva de nuestro Municipio del Pilar\u00bb.<\/span><\/p>\n<p><span style=\"font-family: Verdana; font-size: small;\">Es importante destacar, como reza la ordenanza, \u00abque dichos emprendedores requieren espacios para capacitarse, puesto que la capacitaci\u00f3n es fundamental para que un emprendimiento sea factible y sustentable\u00bb.<\/span><\/p>\n<p><span style=\"font-family: Verdana; font-size: small;\">Este ciclo, es abierto a todo el p\u00fablico de Pilar, y durantes cada encuentro se brindan\u00a0\u00a0 herramientas importantes para el fortalecimiento de los emprendedores, y es entonces importante no s\u00f3lo para este sector productivo, sino para toda la econom\u00eda del partido.<\/span><\/p>\n<p><span style=\"font-family: Verdana; font-size: small;\">\u00a0El pr\u00f3ximo encuentro ser\u00e1 el Mi\u00e9rcoles 17 de Julio con la charla \u00abLa Ruta al mercado: Qu\u00e9 pueden hacer las Pymes para mejorar su imagen e incrementar las ventas\u00bb, a cargo de Luis Beracochea de Punto B Marketing. Para participar s\u00f3lo se inscriben ingresando en http:\/\/pilaremprende.com.ar\/ciclo2019\/ Se solicita colaborar con leche larga vida para la <b>Fundaci\u00f3n Creciendo en Pilar<\/b>. M\u00e1s informaci\u00f3n v\u00eda whatsapp al 11 6742 7635 o v\u00eda mail a <a href=\"mailto:contacto@pilaremprende.com.ar\"> contacto@pilaremprende.com.ar<\/a><\/span><\/p>\n<p><span style=\"text-decoration: underline;\"><b><span style=\"font-family: Verdana; font-size: small;\">\u00a0Apoyan esta iniciativa en 2019<\/span><\/b><\/span><\/p>\n<p><span style=\"font-family: Verdana; font-size: small;\"><b>Organiza<\/b>: Pilar Emprende, Emprender Hoy, Club de Emprendedores y Empresarios de la Argentina y la Escuela para Emprendedores de Pilar<\/span><\/p>\n<p><span style=\"font-family: Verdana; font-size: small;\"><b>Sponsors<\/b>: Pilar Point, Natalia Romero Coach y Desarrollo Personal, Cryolla, Usina de Cambio Consultor\u00eda y Coaching, Punto B Marketing y Grupo JC Consultores<\/span><\/p>\n<p><span style=\"font-family: Verdana; font-size: small;\"><b>Apoyan la iniciativa:<\/b> Asociaci\u00f3n de Emprendedores de la Argentina, Cespym Cursos, Grupo Blue, Dulces Silvia, C\u00e1mara de Comercio de Presidente Derqui, Dulce Roc\u00edo Pasteler\u00eda Artesanal, entre otros<\/span><\/p>\n<p><span style=\"font-family: Verdana; font-size: small;\"><b>Comunican<\/b>: Qu\u00e1sar Comunicaci\u00f3n, Pilar GPS, Pilar Hoy Noticias, El Term\u00f3metro, Radio X Pilar, Pilar de Todos, Proyectados, Soy Emprendedora, Diario Resumen, Pueblum<\/span><\/p>\n<p><b><span style=\"font-family: Verdana; font-size: small;\">Acerca de Emprender HOY<\/span><\/b><\/p>\n<p>&nbsp;<\/p>\n<p><span style=\"font-family: Verdana; font-size: xx-small;\"><b>Emprender HOY<\/b> es un espacio llevado adelante por voluntarios que buscan ayudar a los emprendedores en el camino de hacer realidad sus ideas creando proyectos sustentables desde lo econ\u00f3mico potenciando el autoempleo.<\/span><\/p>\n<p><span style=\"font-family: Verdana; font-size: xx-small;\">Para ello, realizan diversos eventos como ferias, encuentros, capacitaciones, consultor\u00edas, espacios de networking, entre otros. Est\u00e1 conformado por un equipo de profesionales emprendedores que ofrecen su experiencia y conocimiento para ayudar a otros que est\u00e1n emprendiendo a crecer con sus proyectos.<\/span><\/p>\n<p><span style=\"font-family: Verdana; font-size: xx-small;\">La raz\u00f3n de ser, la misi\u00f3n, de<b> Emprender HOY <\/b>es proporcionar al sector Emprendedor herramientas y conocimientos que le permitan desarrollar su propio emprendimiento e incorporar competencias que deriven en su mejora continua. <\/span><\/p>\n<p><span style=\"font-family: Verdana; font-size: xx-small;\">Buscan fomentar una cultura colaborativa, el autoempleo y la sustentabilidad de los proyectos contribuyendo a la generaci\u00f3n de valor econ\u00f3mico en la sociedad a trav\u00e9s de la creaci\u00f3n y sostenimiento de un ecosistema emprendedor. <\/span><\/p>\n<p><span style=\"font-family: Verdana; font-size: xx-small;\">Aspiran a ser un canal de comunicaci\u00f3n entre los emprendedores y entre las instituciones y organismos dedicados a ellos<\/span><\/p>\n<p><span style=\"font-family: Verdana; font-size: xx-small;\"><b>Emprender Hoy<\/b>, a trav\u00e9s del proyecto <b>#DESARROLLOEMPRENDEDOR<\/b> desarrolla por sexto a\u00f1o consecutivo un ciclo de actividades gratuitas compuesto por charlas y encuentros de networking.<\/span><\/p>\n<p><span style=\"font-family: Verdana; font-size: xx-small;\">El mismo se desarrolla en la ciudad de Pilar (Bs. As., Argentina) y cuenta con el apoyo de diferentes instituciones, particulares, medios de comunicaci\u00f3n y consultores independientes que comparten su conocimiento de manera desinteresada. <\/span><\/p>\n<p><b><span style=\"font-family: Verdana; font-size: small;\">Acerca de Pilar Emprende by Emprender HOY <\/span><\/b><\/p>\n<p><span style=\"font-family: Verdana; font-size: xx-small;\"><b> Pilar Emprende<\/b> surge a partir del trabajo de <b>Emprender HOY, <\/b> un espacio que busca otorgarle valor a los proyectos de emprendedores de la zona, acompa\u00f1arlos en su puesta en marcha y disfrutar en equipo de los objetivos cumplidos <\/span><\/p>\n<p><span style=\"font-family: Verdana; font-size: xx-small;\">Para cumplir con su misi\u00f3n, brindan herramientas, espacios de networking, capacitaciones, tips, noticias, consultor\u00eda y todo lo que necesita el emprendedor para crecer y conformar un s\u00f3lido ecosistema emprendedor. <\/span><\/p>\n<p><span style=\"font-family: Verdana; font-size: xx-small;\"><b>Pilar Emprende<\/b> es un espacio pensado por emprendedores para los emprendedores de Pilar que junto a <b>Emprender HOY<\/b> le brindan oportunidades para crecer con su proyecto<\/span><\/p>\n<p><span style=\"font-family: Verdana; font-size: xx-small;\"><b> Emprender HOY <\/b>es un espacio para todos los emprendedores que se materializa en diversos eventos como ferias, encuentros, capacitaciones, consultor\u00edas, espacios de networking, entre otros. <\/span><\/p>\n<p><span style=\"font-family: Verdana; font-size: xx-small;\">La raz\u00f3n de ser, la misi\u00f3n, de <b>Emprender HOY <\/b>es proporcionar al sector Emprendedor herramientas y conocimientos que le permitan desarrollar su propio emprendimiento e incorporar competencias que deriven en su mejora continua. <\/span><\/p>\n<p><span style=\"font-family: Verdana; font-size: xx-small;\">Desde la instituci\u00f3n buscan fomentar el autoempleo y la sustentabilidad de los proyectos contribuyendo a la generaci\u00f3n de valor econ\u00f3mico en la sociedad a trav\u00e9s de la creaci\u00f3n y sostenimiento de un ecosistema emprendedor. Aspiran a ser un canal de comunicaci\u00f3n entre los emprendedores y entre las instituciones y organismos dedicados a ellos <\/span><\/p>\n<p><span style=\"font-family: Verdana; font-size: xx-small;\">Tambi\u00e9n cuentan con un grupo de consultores independientes que acercan su saber a los emprendedores, gener\u00e1ndose una comunidad donde la informaci\u00f3n se comparte de forma exponencial y viral <\/span><\/p>\n<p><span style=\"font-size: small;\"><b><i><span style=\"font-family: Arial;\">Por otras im\u00e1genes, audios o entrevistas no dude en contactarse<\/span><\/i><\/b><\/span><\/p>\n<p align=\"center\"><span style=\"font-size: small;\"><b><i> Contactos de Prensa<\/i><\/b><\/span><\/p>\n<div align=\"left\">\n<table width=\"100%\" border=\"1\" cellpadding=\"2\" align=\"left\">\n<tbody>\n<tr>\n<td align=\"center\" width=\"50%\">\n<p align=\"left\"><span style=\"font-size: medium;\"><strong><span style=\"color: #808080; font-family: Arial; font-size: small;\"> Candela Villanueva &#8211; Asistente de Cuentas<\/span><\/strong><\/span><\/p>\n<p><span style=\"font-size: xx-small;\"><span style=\"color: #ff0000;\"> Directo<\/span><b>: <\/b> 0230<\/span><span style=\"font-size: xx-small;\">-4664772<br \/>\n<\/span><span style=\"color: #ff0000; font-size: xx-small;\"> Skype:<\/span><span style=\"font-size: xx-small;\"> quasarcomunicacion<br \/>\n<span style=\"color: #ff0000;\"> Instagram<\/span>: @quasarcomunicacion<br \/>\n<\/span><span style=\"color: #ff0000; font-size: xx-small;\"> Twitter:<\/span><span style=\"font-size: xx-small;\"> @quasarpilar<br \/>\n<\/span><span style=\"color: #ff0000; font-size: xx-small;\"> Gr<\/span><span style=\"color: #ff0000; font-size: xx-small;\">upo y p\u00e1gina en Facebook: <\/span> <span style=\"color: #808080; font-size: xx-small;\">www.facebook.com\/<\/span><a href=\"mailto:mfipata@gmail.com\"><span style=\"font-size: xx-small;\">Quasar<\/span><\/a><span style=\"font-size: xx-small;\">Comunicacion<br \/>\n<\/span><span style=\"color: #ff0000; font-size: xx-small;\"> Web:<\/span><b><\/b> <a href=\"http:\/\/www.quasarcomunicacion.com.ar\/\"> <span style=\"font-size: xx-small;\">www.quasarcomunicacion.com.ar<\/span><\/a><\/p>\n<p align=\"left\"><span style=\"font-size: xx-small;\"> <span style=\"color: #ff0000;\">Mail<\/span><b>:<\/b><\/span><span style=\"font-size: xx-small;\"> <a href=\"mailto:fernanda@quasarcomunicacion.com.ar\"> candela<\/a><a href=\"mailto:fernanda@quasarcomunicacion.com.ar\">@quasarcomunicacion.com.ar<\/a><\/span><\/p>\n<\/td>\n<td align=\"center\" width=\"50%\">\n<p align=\"left\"><strong> <span style=\"color: #ff0000; font-family: Arial; font-size: small;\">Virginia Rodr\u00edguez<\/span><\/strong><span style=\"font-size: medium;\"><strong><span style=\"color: #808080; font-family: Arial; font-size: small;\"> &#8211; Asistente de Cuentas<\/span><\/strong><\/span><\/p>\n<p><span style=\"font-size: xx-small;\"><span style=\"color: #ff0000;\"> Directo<\/span><b>: <\/b> 0230<\/span><span style=\"font-size: xx-small;\">-4664772<br \/>\n<\/span><span style=\"color: #ff0000; font-size: xx-small;\"> Skype:<\/span><span style=\"font-size: xx-small;\"> quasarcomunicacion<br \/>\n<\/span><span style=\"font-size: xx-small;\"><span style=\"color: #ff0000;\"> Instagram<\/span>: @quasarcomunicacion<\/span><span style=\"font-size: xx-small;\"><br \/>\n<\/span><span style=\"color: #ff0000; font-size: xx-small;\"> Twitter:<\/span><span style=\"font-size: xx-small;\"> @quasarpilar<br \/>\n<\/span><span style=\"color: #ff0000; font-size: xx-small;\"> Gr<\/span><span style=\"color: #ff0000; font-size: xx-small;\">upo y p\u00e1gina en Facebook: <\/span> <span style=\"color: #808080; font-size: xx-small;\">www.facebook.com\/<\/span><a href=\"mailto:mfipata@gmail.com\"><span style=\"font-size: xx-small;\">Quasar<\/span><\/a><span style=\"font-size: xx-small;\">Comunicacion<br \/>\n<\/span><span style=\"color: #ff0000; font-size: xx-small;\"> Web:<\/span><b><\/b> <a href=\"http:\/\/www.quasarcomunicacion.com.ar\/\"> <span style=\"font-size: xx-small;\">www.quasarcomunicacion.com.ar<\/span><\/a><\/p>\n<p align=\"left\"><span style=\"font-size: xx-small;\"> <span style=\"color: #ff0000;\">Mail<\/span><b>:<\/b><\/span><span style=\"font-size: xx-small;\"> <a href=\"mailto:fernanda@quasarcomunicacion.com.ar\"> asistente@quasarcomunicacion.com.ar<\/a><\/span><\/p>\n<\/td>\n<\/tr>\n<\/tbody>\n<\/table>\n<\/div>\n","protected":false},"excerpt":{"rendered":"<p>En la \u00faltima sesi\u00f3n ordinaria, el Concejo Deliberante de Pilar declar\u00f3, por unanimidad, de Inter\u00e9s Municipal el VI Ciclo de [&hellip;]<\/p>\n","protected":false},"author":2,"featured_media":9373,"comment_status":"open","ping_status":"open","sticky":false,"template":"","format":"standard","meta":[],"categories":[2],"tags":[],"_links":{"self":[{"href":"https:\/\/quasarcomunicacion.com.ar\/web\/wp-json\/wp\/v2\/posts\/9375"}],"collection":[{"href":"https:\/\/quasarcomunicacion.com.ar\/web\/wp-json\/wp\/v2\/posts"}],"about":[{"href":"https:\/\/quasarcomunicacion.com.ar\/web\/wp-json\/wp\/v2\/types\/post"}],"author":[{"embeddable":true,"href":"https:\/\/quasarcomunicacion.com.ar\/web\/wp-json\/wp\/v2\/users\/2"}],"replies":[{"embeddable":true,"href":"https:\/\/quasarcomunicacion.com.ar\/web\/wp-json\/wp\/v2\/comments?post=9375"}],"version-history":[{"count":0,"href":"https:\/\/quasarcomunicacion.com.ar\/web\/wp-json\/wp\/v2\/posts\/9375\/revisions"}],"wp:featuredmedia":[{"embeddable":true,"href":"https:\/\/quasarcomunicacion.com.ar\/web\/wp-json\/wp\/v2\/media\/9373"}],"wp:attachment":[{"href":"https:\/\/quasarcomunicacion.com.ar\/web\/wp-json\/wp\/v2\/media?parent=9375"}],"wp:term":[{"taxonomy":"category","embeddable":true,"href":"https:\/\/quasarcomunicacion.com.ar\/web\/wp-json\/wp\/v2\/categories?post=9375"},{"taxonomy":"post_tag","embeddable":true,"href":"https:\/\/quasarcomunicacion.com.ar\/web\/wp-json\/wp\/v2\/tags?post=9375"}],"curies":[{"name":"wp","href":"https:\/\/api.w.org\/{rel}","templated":true}]}}