{"id":9358,"date":"2019-06-07T12:53:12","date_gmt":"2019-06-07T15:53:12","guid":{"rendered":"https:\/\/quasarcomunicacion.com.ar\/web\/?p=9358"},"modified":"2019-06-07T12:53:12","modified_gmt":"2019-06-07T15:53:12","slug":"el-polo-educativo-pilar-cumple-17-anos","status":"publish","type":"post","link":"https:\/\/quasarcomunicacion.com.ar\/web\/el-polo-educativo-pilar-cumple-17-anos\/","title":{"rendered":"El Polo Educativo Pilar cumple 17 a\u00f1os"},"content":{"rendered":"<p style=\"text-align: left;\" align=\"center\">El<b> Polo Educativo Pilar <\/b>celebra sus 17 a\u00f1os promoviendo y fomentando el desarrollo de la una educaci\u00f3n de calidad y excelencia en el partido de Pilar.<\/p>\n<p>La instituci\u00f3n recientemente renov\u00f3 sus autoridades, asumiendo la presidencia la Lic. Marcela Andrade y la vice presidencia\u00a0 la Prof. Mar\u00eda Ana Pena Rich.<!--more--><\/p>\n<p>Como Director Ejecutivo continuar\u00e1 en sus funciones el Lic,. Marcelo Gilly y los Socios Honorarios son las Prof. Graciela Rold\u00e1n Schuth y M\u00f3nica Iglesias junto al Dr. Pedro Luis Barcia, Federico Johansen y el Lic. Juan Ranwez<\/p>\n<p>Actualmente, entre sus principales proyectos se destaca la organizaci\u00f3n del Congreso de Educaci\u00f3n que desarrollan a\u00f1o a a\u00f1o en el Campus de la Universidad del Salvador; el Premio al educador del A\u00f1o; la Expo Arte y Expofotograf\u00eda; el Premio al M\u00e9rito; encuentros corales; actividades de capacitaci\u00f3n para docentes y el Premio al Educador del a\u00f1o entre otras iniciativas tendientes a alcanzar su objetivo.<\/p>\n<p>La instituci\u00f3n tiene por objeto promover y fomentar el desarrollo de jardines maternales y de la educaci\u00f3n inicial, primaria, secundaria y universitaria, de gesti\u00f3n p\u00fablica y privada, en el Partido de Pilar, a fin de lograr un nivel de calidad y excelencia \u00fanicos.<\/p>\n<p><b> El\u00a0Polo Educativo Pilar\u00a0<\/b>es una asociaci\u00f3n civil sin fines de lucro que fue fundada en el a\u00f1o 2002, que re\u00fane a instituciones educativas del Partido de Pilar y partidos vecinos que tiene como objetivo principal el promover y desarrollar la educaci\u00f3n, p\u00fablica y privada.<\/p>\n<p>Obtuvo su personer\u00eda jur\u00eddica en diciembre de 2004 bajo el Nro. 7000\/04 expedido por la Direcci\u00f3n de Persona Jur\u00eddica de la Provincia de Buenos Aires. En el a\u00f1o 2003 es declarada entidad de Bien P\u00fablico por el Municipio de Pilar por Decreto Municipal Nro. 6679\/2003.<\/p>\n<p align=\"center\"><span style=\"font-size: small;\"><b><i><span style=\"font-family: Arial;\">Por otras im\u00e1genes, audios o entrevistas no dude en contactarse entrevistas no dude en contactarse<\/span><\/i><\/b><\/span><\/p>\n<div align=\"left\">\n<table width=\"100%\" border=\"1\" cellpadding=\"2\" align=\"left\">\n<tbody>\n<tr>\n<td align=\"center\" valign=\"top\" width=\"54%\">\n<p align=\"left\"><strong><span style=\"color: #808080; font-family: Arial; font-size: small;\"> Candela Villanueva &#8211; Asistente de Cuentas<\/span><\/strong><span style=\"color: #808080; font-family: Arial; font-size: small;\"><strong><span style=\"font-size: medium;\"><\/p>\n<p><\/span> <\/strong><\/span> <span style=\"font-size: xx-small;\"><span style=\"color: #ff0000;\"> Directo<\/span><b>: <\/b> 0230<\/span><span style=\"font-size: xx-small;\">-4664772<br \/>\n<\/span><span style=\"font-size: xx-small;\"><span style=\"color: #ff0000;\"> Whatsapp<\/span><span style=\"color: #ff0000;\">:<\/span><a href=\"https:\/\/bit.ly\/2J4cUvm\"> 11 5312 6795<\/a><\/span><br \/>\n<span style=\"font-size: small;\"> <a href=\"https:\/\/bit.ly\/2Sn1zLP\">Enviar whatsapp aqu\u00ed<\/a><\/span><span style=\"font-size: xx-small;\"><br \/>\n<\/span><span style=\"color: #ff0000; font-size: xx-small;\"> Skype:<\/span><span style=\"font-size: xx-small;\"> quasarcomunicacion<br \/>\n<\/span><span style=\"color: #ff0000; font-size: xx-small;\"> Twitter:<\/span><span style=\"font-size: xx-small;\"> @quasarpilar<br \/>\n<span style=\"color: #ff0000;\">Instagram y Facebook:<\/span> @quasarcomunicacion<br \/>\n<\/span><span style=\"color: #ff0000; font-size: xx-small;\"> Web:<\/span><b><\/b> <a href=\"http:\/\/www.quasarcomunicacion.com.ar\/\"> <span style=\"font-size: xx-small;\">www.quasarcomunicacion.com.ar<\/span><\/a><span style=\"font-size: xx-small;\"><span style=\"color: #ff0000;\"><br \/>\nMail<\/span><b>:<\/b><\/span><span style=\"font-size: xx-small;\"> <a href=\"mailto:fernanda@quasarcomunicacion.com.ar\"> candela@quasarcomunicacion.com.ar<\/a><\/span><\/p>\n<\/td>\n<td align=\"center\" valign=\"top\" width=\"44%\">\n<p align=\"right\"><span style=\"font-size: medium;\"><strong> <span style=\"color: #808080; font-family: Arial; font-size: small;\"> Lic. Mar\u00eda Fernanda Ipata &#8211; Directora<br \/>\n<\/span> <\/strong><\/span> <span style=\"font-size: xx-small;\"><span style=\"color: #ff0000;\"><br \/>\n<\/span> <span style=\"color: #ff0000;\">M\u00f3vil:<\/span><b> <\/b> 0230<\/span><span style=\"font-size: xx-small;\">-15-4584535<br \/>\n<\/span><span style=\"font-size: xx-small;\"><span style=\"color: #ff0000;\"> Whatsapp<\/span><span style=\"color: #ff0000;\">:<\/span> <a href=\"https:\/\/bit.ly\/2J4cUvm\"> 0230<\/a><\/span><span style=\"font-size: xx-small;\"><a href=\"https:\/\/bit.ly\/2J4cUvm\">-15-4584535<\/a><\/span><br \/>\n<a href=\"https:\/\/bit.ly\/2J4cUvm\"> <span style=\"font-size: small;\">Enviar whatsapp aqu\u00ed<\/span><\/a><span style=\"font-size: small;\"><br \/>\n<\/span><span style=\"color: #ff0000; font-size: xx-small;\"> Skype:<\/span><span style=\"font-size: xx-small;\"> quasarcomunicacion<br \/>\n<\/span><span style=\"font-size: xx-small;\"> <span style=\"color: #ff0000;\">LinkedIn<\/span><b>:\u00a0 <\/b><\/span> <span style=\"font-size: xx-small;\"><b> <a href=\"http:\/\/www.linkedin.com\/in\/mfipata\"> http:\/\/www.linkedin.com\/in\/mfipata<\/a><\/b><\/span><br \/>\n<span style=\"font-size: xx-small;\"> <a href=\"https:\/\/www.linkedin.com\/company\/quasarcomunicacion\"> https:\/\/www.linkedin.com\/company\/quasarcomunicacion<\/a><br \/>\n<\/span><span style=\"font-size: xx-small;\"> <span style=\"color: #ff0000;\">Instagram y Facebook:<\/span> @quasarcomunicacion <\/span><span style=\"color: #ff0000; font-size: xx-small;\"><br \/>\nWeb:<\/span><b><\/b> <a href=\"http:\/\/www.quasarcomunicacion.com.ar\/\"> <span style=\"font-size: xx-small;\">www.quasarcomunicacion.com.ar<\/span><\/a><span style=\"font-size: xx-small;\"><br \/>\n<\/span><span style=\"font-size: xx-small;\"> <span style=\"color: #ff0000;\"> Mail<\/span><b>:<\/b><\/span><span style=\"font-size: xx-small;\"><a href=\"mailto:fernanda@quasarcomunicacion.com.ar\"> fernanda@quasarcomunicacion.com.ar<\/a><\/span><span style=\"color: #808080; font-size: xx-small;\">\u00a0 <\/span><\/p>\n<\/td>\n<\/tr>\n<\/tbody>\n<\/table>\n<\/div>\n<p align=\"center\">\n<p align=\"center\">\n<p align=\"center\">\n<p align=\"center\">\n<p align=\"center\">\n","protected":false},"excerpt":{"rendered":"<p>El Polo Educativo Pilar celebra sus 17 a\u00f1os promoviendo y fomentando el desarrollo de la una educaci\u00f3n de calidad y [&hellip;]<\/p>\n","protected":false},"author":2,"featured_media":0,"comment_status":"open","ping_status":"open","sticky":false,"template":"","format":"standard","meta":[],"categories":[2],"tags":[],"_links":{"self":[{"href":"https:\/\/quasarcomunicacion.com.ar\/web\/wp-json\/wp\/v2\/posts\/9358"}],"collection":[{"href":"https:\/\/quasarcomunicacion.com.ar\/web\/wp-json\/wp\/v2\/posts"}],"about":[{"href":"https:\/\/quasarcomunicacion.com.ar\/web\/wp-json\/wp\/v2\/types\/post"}],"author":[{"embeddable":true,"href":"https:\/\/quasarcomunicacion.com.ar\/web\/wp-json\/wp\/v2\/users\/2"}],"replies":[{"embeddable":true,"href":"https:\/\/quasarcomunicacion.com.ar\/web\/wp-json\/wp\/v2\/comments?post=9358"}],"version-history":[{"count":0,"href":"https:\/\/quasarcomunicacion.com.ar\/web\/wp-json\/wp\/v2\/posts\/9358\/revisions"}],"wp:attachment":[{"href":"https:\/\/quasarcomunicacion.com.ar\/web\/wp-json\/wp\/v2\/media?parent=9358"}],"wp:term":[{"taxonomy":"category","embeddable":true,"href":"https:\/\/quasarcomunicacion.com.ar\/web\/wp-json\/wp\/v2\/categories?post=9358"},{"taxonomy":"post_tag","embeddable":true,"href":"https:\/\/quasarcomunicacion.com.ar\/web\/wp-json\/wp\/v2\/tags?post=9358"}],"curies":[{"name":"wp","href":"https:\/\/api.w.org\/{rel}","templated":true}]}}