{"id":9329,"date":"2019-05-23T12:34:49","date_gmt":"2019-05-23T15:34:49","guid":{"rendered":"https:\/\/quasarcomunicacion.com.ar\/web\/?p=9329"},"modified":"2019-05-23T12:34:49","modified_gmt":"2019-05-23T15:34:49","slug":"confirmado-whatsapp-tendra-publicidad-en-2020","status":"publish","type":"post","link":"https:\/\/quasarcomunicacion.com.ar\/web\/confirmado-whatsapp-tendra-publicidad-en-2020\/","title":{"rendered":"Confirmado: WhatsApp tendr\u00e1 publicidad en 2020"},"content":{"rendered":"<p>La firma filtr\u00f3 im\u00e1genes sobre c\u00f3mo se mostrar\u00e1n los anuncios a trav\u00e9s de los \u201cestados\u201d de WhatsApp.<!--more--><br \/>\n<img alt=\"\" src=\"https:\/\/images.clarin.com\/2019\/05\/08\/los-estados-de-whatsapp-futura___d2-chZHmK_1256x620__1.jpg\" \/><br \/>\nEst\u00e1 confirmado. Los anuncios llegar\u00e1n a la plataforma de mensajer\u00eda de\u00a0<a href=\"https:\/\/www.clarin.com\/tema\/whatsapp.html\" data-cke-saved-href=\"https:\/\/www.clarin.com\/tema\/whatsapp.html\">WhatsApp<\/a>.\u00a0Los usuarios, les guste o no, empezar\u00e1n a ver publicidad en la aplicaci\u00f3n en unos meses, en 2020. Este martes 21 de mayo\u00a0la compa\u00f1\u00eda anunci\u00f3 que los avisos estar\u00e1n disponibles en la funci\u00f3n de \u00ab\u2018Historias\u00bb, es decir, en los estados de nuestros contactos de<a href=\"https:\/\/www.clarin.com\/tema\/whatsapp.html\" data-cke-saved-href=\"https:\/\/www.clarin.com\/tema\/whatsapp.html\">\u00a0WhatsApp<\/a>. El anuncio se concret\u00f3\u00a0durante el evento\u00a0<a href=\"https:\/\/www.clarin.com\/tema\/facebook.html\" data-cke-saved-href=\"https:\/\/www.clarin.com\/tema\/facebook.html\">Facebook<\/a>Marketing Summit, que se realiza en Rotterdam, Holanda.<br \/>\nHace ya tiempo que se viene rumoreando la posibilidad de que\u00a0<a href=\"https:\/\/www.clarin.com\/tema\/mark-zuckerberg.html\" data-cke-saved-href=\"https:\/\/www.clarin.com\/tema\/mark-zuckerberg.html\">Mark Zuckerberg<\/a>, CEO de Facebook, propietaria de\u00a0 WhatsApp, pusiera en marcha un sistema de anuncios. Lo hab\u00eda anticipado hace un tiempo\u00a0Chris Daniels, vicepresidente de WhatsApp.<\/p>\n<div id=\"hybs-mslot-76a4c004-0\"><\/div>\n<div>\n<div data-index=\"1\">\n<figure><img itemprop=\"image\" alt=\"El evento que se desarroll\u00f3 en Rotterdam, Holanda.\" src=\"https:\/\/images.clarin.com\/2019\/05\/08\/el-evento-que-se-desarrollo___GHR2UEWBS_720x0__1.jpg\" data-big=\"https:\/\/images.clarin.com\/2019\/05\/08\/el-evento-que-se-desarrollo___GHR2UEWBS_720x0__1.jpg\" data-small=\"https:\/\/images.clarin.com\/2019\/05\/08\/el-evento-que-se-desarrollo___GHR2UEWBS_720x0__1.jpg\" data-observer-function=\"loadLazyImg\" \/><\/figure>\n<p>El evento que se desarroll\u00f3 en Rotterdam, Holanda.\n<\/p><\/div>\n<\/div>\n<div>\n<article>\n<div>\n<h4>Desde que costaba un d\u00f3lar, WhatsApp nunca se preocup\u00f3\u00a0por monetizar a sus usuarios, pero parece que lleg\u00f3 el momento.\u00a0Al igual que sucede en la red social\u00a0<a href=\"https:\/\/www.clarin.com\/tema\/instagram.html\" data-cke-saved-href=\"https:\/\/www.clarin.com\/tema\/instagram.html\">Instagram<\/a>, los usuarios ver\u00e1n publicidad intercalada con los contenidos que publican las personas que siguen.<\/h4>\n<\/div>\n<\/article>\n<\/div>\n<p>\u00bfC\u00f3mo se realizar\u00e1? A trav\u00e9s de un\u00a0video o foto con un link, el usuario\u00a0tendr\u00e1 que deslizar el dedo sobre la pantalla para terminar en la p\u00e1gina web de la compa\u00f1\u00eda que se anuncia.<\/p>\n<div>\n<div data-index=\"2\">\n<figure><img itemprop=\"image\" alt=\"Publicidad en Facebook, Instagram y en  los &quot;estados&quot; de WhatsApp.\" src=\"https:\/\/images.clarin.com\/2019\/05\/08\/publicidad-en-facebook-instagram-y___1MhsV2urp_720x0__1.jpg\" data-big=\"https:\/\/images.clarin.com\/2019\/05\/08\/publicidad-en-facebook-instagram-y___1MhsV2urp_720x0__1.jpg\" data-small=\"https:\/\/images.clarin.com\/2019\/05\/08\/publicidad-en-facebook-instagram-y___1MhsV2urp_720x0__1.jpg\" data-observer-function=\"loadLazyImg\" \/><\/figure>\n<p>Publicidad en Facebook, Instagram y en los \u00abestados\u00bb de WhatsApp.\n<\/p><\/div>\n<\/div>\n<p>Facebook lleva varios a\u00f1o trabajando en c\u00f3mo obtener rentabilidad de una aplicaci\u00f3n l\u00edder que es gratuita. De hecho, se barajaba este a\u00f1o\u00a0para su puesta en marcha. La f\u00f3rmula de Instagram Stories funcion\u00f3 bien, por lo que Zuckerberg quiere sacar provecho tambi\u00e9n a los \u00abestados\u00bb de WhatsApp.<br \/>\nSeg\u00fan datos de la compa\u00f1\u00eda, m\u00e1s de\u00a0500 millones de personas\u00a0comparten sus historias en los \u00abestados\u00bb.<br \/>\n<a href=\"https:\/\/www.clarin.com\/tecnologia\/confirmado-whatsapp-publicidad-2020_0_IAT4uK1ZY.html\">FUENTE DIARIO CLARIN<\/a><\/p>\n","protected":false},"excerpt":{"rendered":"<p>La firma filtr\u00f3 im\u00e1genes sobre c\u00f3mo se mostrar\u00e1n los anuncios a trav\u00e9s de los \u201cestados\u201d de WhatsApp.<\/p>\n","protected":false},"author":2,"featured_media":0,"comment_status":"open","ping_status":"open","sticky":false,"template":"","format":"standard","meta":[],"categories":[64],"tags":[],"_links":{"self":[{"href":"https:\/\/quasarcomunicacion.com.ar\/web\/wp-json\/wp\/v2\/posts\/9329"}],"collection":[{"href":"https:\/\/quasarcomunicacion.com.ar\/web\/wp-json\/wp\/v2\/posts"}],"about":[{"href":"https:\/\/quasarcomunicacion.com.ar\/web\/wp-json\/wp\/v2\/types\/post"}],"author":[{"embeddable":true,"href":"https:\/\/quasarcomunicacion.com.ar\/web\/wp-json\/wp\/v2\/users\/2"}],"replies":[{"embeddable":true,"href":"https:\/\/quasarcomunicacion.com.ar\/web\/wp-json\/wp\/v2\/comments?post=9329"}],"version-history":[{"count":0,"href":"https:\/\/quasarcomunicacion.com.ar\/web\/wp-json\/wp\/v2\/posts\/9329\/revisions"}],"wp:attachment":[{"href":"https:\/\/quasarcomunicacion.com.ar\/web\/wp-json\/wp\/v2\/media?parent=9329"}],"wp:term":[{"taxonomy":"category","embeddable":true,"href":"https:\/\/quasarcomunicacion.com.ar\/web\/wp-json\/wp\/v2\/categories?post=9329"},{"taxonomy":"post_tag","embeddable":true,"href":"https:\/\/quasarcomunicacion.com.ar\/web\/wp-json\/wp\/v2\/tags?post=9329"}],"curies":[{"name":"wp","href":"https:\/\/api.w.org\/{rel}","templated":true}]}}