{"id":9324,"date":"2019-05-09T17:33:43","date_gmt":"2019-05-09T20:33:43","guid":{"rendered":"https:\/\/quasarcomunicacion.com.ar\/web\/?p=9324"},"modified":"2019-05-09T17:33:43","modified_gmt":"2019-05-09T20:33:43","slug":"amigos-del-pilar-construyo-y-equipo-el-consultorio-en-pilares-de-esperanza","status":"publish","type":"post","link":"https:\/\/quasarcomunicacion.com.ar\/web\/amigos-del-pilar-construyo-y-equipo-el-consultorio-en-pilares-de-esperanza\/","title":{"rendered":"Amigos del Pilar construy\u00f3 y equip\u00f3 el consultorio en Pilares de Esperanza"},"content":{"rendered":"<p style=\"text-align: left;\" align=\"center\"><i><\/i><span style=\"font-family: Verdana;\">En la ma\u00f1ana de hoy quedaron inaugurados los consultorios odontol\u00f3gicos inclusivos en el Centro de Rehabilitaci\u00f3n Pilares de Esperanza, los mismos fueron construidos y equipados por Amigos del Pilar con lo recaudado en las \u00faltimas ediciones de Estilo Pilar.<!--more--><\/span><\/p>\n<p style=\"text-align: center;\" align=\"left\">\u00a0<a href=\"https:\/\/quasarcomunicacion.com.ar\/web\/wp-content\/uploads\/2019\/05\/consultorios.jpg\"><img class=\"alignnone\" alt=\"consultorios\" src=\"https:\/\/quasarcomunicacion.com.ar\/web\/wp-content\/uploads\/2019\/05\/consultorios.jpg\" \/><\/a><\/p>\n<p align=\"left\"><span style=\"font-family: Verdana; font-size: small;\">La asociaci\u00f3n que viene trabajando en la mantenci\u00f3n de los consultorios pedi\u00e1tricos que hasta diciembre de 2018 atendieron a 67.588 realizando 180079 prestaciones, en esta oportunidad construy\u00f3 el consultorio con sala de espera y el espacio para un segundo consultorio. Adem\u00e1s, se lo equip\u00f3 con el sill\u00f3n, instrumental y equipo de rayos X en Pilares de Esperanza, los mismos atender\u00e1n a ni\u00f1os con alguna discapacidad.<\/span><\/p>\n<p align=\"left\"><span style=\"font-family: Verdana; font-size: small;\">\u00abPara nosotros es un gran placer poder ayudar a otra instituci\u00f3n como Pilares de Esperanza que vienen trabajando muy bien. Adem\u00e1s de nuestros consultorios, poder hacer este aporte para nosotros es sumamente importante. Y siempre abocados a la odontologia\u00bb, dijo Hayd\u00e9e Burgue\u00f1o, presidente de Amigos del Pilar.<\/span><\/p>\n<p align=\"left\"><span style=\"font-family: Verdana; font-size: small;\">Del evento de inauguraci\u00f3n participaron el Intendente de Pilar Nicol\u00e1s Ducot\u00e9 acompa\u00f1ado por el Ministro de Salud de la Provincia de Buenos Aires, Andres Scarzi y el Secretario de salud del municipio de Pilar, Esteban Sieling; entre otras autoridades. Adem\u00e1s, estuvieron presentes las integrantes de la comisi\u00f3n directiva de Amigos del Pilar, concejales y funcionarios. <\/span><\/p>\n<p align=\"center\">\n<p align=\"left\"><span style=\"font-family: Verdana; font-size: small;\">Tambi\u00e9n estuvo Ramiro Gim\u00e9nez, Director del Centro de Rehabilitaci\u00f3n y Karina G\u00f3mez.<\/span><\/p>\n<p align=\"left\"><span style=\"font-family: Verdana; font-size: small;\">\u00abQued\u00f3 todo muy bien y estoy entusiasmado de empezar a atender a este tipo de personas que necesitan esta prestaci\u00f3n\u00bb, dijo el intendente de Pilar, Nicol\u00e1s Ducot\u00e9<\/span><\/p>\n<p align=\"left\"><span style=\"font-family: Verdana; font-size: small;\">Por su parte, el ministro indic\u00f3 que \u00abquiero felicitar al intendente por el buen trabajo que viene haciendo y la parte humana y el amor y dedicaci\u00f3n que le ponen. Cuando hablamos del sector salud tambi\u00e9n agradecemos a la participaci\u00f3n de las instituciones que entienden que se est\u00e1n haciendo las cosas bien\u00bb, asegur\u00f3.<\/span><\/p>\n<p align=\"left\"><span style=\"font-family: Verdana; font-size: small;\"><b>Estilo Pilar<\/b>, la muestra que permiti\u00f3 realizar esta obra, es organizado por Amigos del Pilar, una Asociaci\u00f3n Civil que surgi\u00f3 de la inquietud de un grupo de mujeres con esp\u00edritu solidario que deseaban colaborar y comprometerse con su comunidad. Desde el a\u00f1o 1996 trabajan en el partido de Pilar con la misi\u00f3n de brindar ayuda a ni\u00f1os de escasos recursos en materia de salud odontol\u00f3gica: \u201cUn Pilar con atenci\u00f3n digna para aquellos de bajos recursos\u201d.<\/span><\/p>\n<p align=\"left\"><span style=\"font-family: Verdana; font-size: small;\">Para llevar a cabo esta tarea, en el a\u00f1o 2004 crearon los consultorios odontol\u00f3gicos propios, que funcionaron ininterrumpidamente hasta Octubre del 2014. A partir del 1 de Octubre de ese a\u00f1o iniciaron un nuevo camino. Formularon un nuevo sistema de becas que hace posible que tanto antiguos pacientes, como aquellos nuevos que soliciten atenci\u00f3n, puedan ser atendidos con la financiaci\u00f3n de Amigos del Pilar. Este nuevo proyecto es posible tambi\u00e9n gracias a la ayuda de profesionales solidarios que comprenden la tarea y est\u00e1n involucrados con la obra de la fundaci\u00f3n. <\/span><\/p>\n<p><b> Sobre de Amigos del Pilar<\/b><\/p>\n<p>Como todos los a\u00f1os anteriores, Estilo Pilar es organizado por Amigos del Pilar, una Asociaci\u00f3n Civil que surgi\u00f3 de la inquietud de un grupo de mujeres con esp\u00edritu solidario que deseaban colaborar y comprometerse con su comunidad. Desde el a\u00f1o 1996 trabajan en el partido de Pilar con la misi\u00f3n de brindar ayuda a ni\u00f1os de escasos recursos en materia de salud odontol\u00f3gica: \u201cUn Pilar con atenci\u00f3n digna para aquellos de bajos recursos\u201d.<br \/>\nPara llevar a cabo esta tarea, en el a\u00f1o 2004 crearon los consultorios odontol\u00f3gicos propios, que funcionaron ininterrumpidamente hasta Octubre del 2014. A partir del 1 de Octubre de ese a\u00f1o iniciaron un nuevo camino. Formularon un nuevo sistema de becas que hace posible que tanto antiguos pacientes, como aquellos nuevos que soliciten atenci\u00f3n, puedan ser atendidos con la financiaci\u00f3n de Amigos del Pilar. Hasta Diciembre de 2017 se atendieron 64.730 chicos y se realizaron 165.289 prestaciones.<br \/>\nEste nuevo proyecto es posible tambi\u00e9n gracias a la ayuda de profesionales solidarios que comprenden la tarea y est\u00e1n involucrados con la obra de la fundaci\u00f3n.<\/p>\n<p>Para m\u00e1s informaci\u00f3n ingresar a <a href=\"http:\/\/www.amigosdelpilar.org.ar\/\"> http:\/\/www.amigosdelpilar.org.ar\/<\/a><\/p>\n<p><span style=\"font-family: Verdana; font-size: xx-small;\"><br \/>\nPara m\u00e1s informaci\u00f3n ingresar a <a href=\"http:\/\/www.amigosdelpilar.org.ar\/\"> http:\/\/www.amigosdelpilar.org.ar\/<\/a><\/span><\/p>\n<p align=\"left\"><span style=\"font-size: small;\"><b><i><span style=\"font-family: Arial;\">Por otras im\u00e1genes, audios o entrevistas no dude en contactarse<\/span><\/i><\/b><\/span><\/p>\n<p align=\"left\">Toda la informaci\u00f3n en <a href=\"http:\/\/www.quasarcomunicacion.com.ar\/web\/estilopilar19\"> www.quasarcomunicacion.com.ar\/web\/estilopilar19<\/a><a href=\"http:\/\/www.quasarcomunicacion.com.ar\/web\/estilopilar18\">\u00a0 <\/a><\/p>\n<table width=\"100%\" border=\"1\">\n<tbody>\n<tr>\n<td><a href=\"https:\/\/www.dropbox.com\/sh\/xwkxr3lflh4bayz\/AACFVDxbSxURGBqDgIY9zV_la?dl=0\" target=\"_blank\" rel=\"noopener noreferrer\"> PRESS KIT ESTILO PILAR 201<\/a>9 (videos, im\u00e1genes,\u00a0 masterplan, logo, c\u00f3mo llegar, etc)<\/p>\n<p><a href=\"https:\/\/quasarcomunicacion.com.ar\/web\/fichatecnica19\/\" target=\"_blank\" rel=\"noopener noreferrer\"> FICHA T\u00c9CNICA DE LA EXPO<\/a><\/p>\n<p><a href=\"https:\/\/quasarcomunicacion.com.ar\/web\/como-llegar-a-estilo-pilar-2019\/\" target=\"_blank\" rel=\"noopener noreferrer\"> C\u00d3MO LLEGAR<\/a><\/p>\n<p><a href=\"https:\/\/drive.google.com\/drive\/folders\/1wyk7yR90rt9XRBj0GJxADRT-Kb1cL4fS\" target=\"_blank\" rel=\"noopener noreferrer\"> IM\u00c1GENES ESPACIOS\u00a0<\/a>(Deco, Paisajismo, Arte, Garden Walk, Paseo de Compras, etc)<\/p>\n<p><a href=\"https:\/\/drive.google.com\/drive\/folders\/1wyk7yR90rt9XRBj0GJxADRT-Kb1cL4fS?usp=sharing_eil&amp;ts=5c9b40f0\" target=\"_blank\" rel=\"noopener noreferrer\"> FOTOS JURA 25\/3<\/a><\/p>\n<p><a href=\"https:\/\/drive.google.com\/open?id=1CJOj8m_o_2GZfkDRwUHVQY-pDBidV9GY\" target=\"_blank\" rel=\"noopener noreferrer\"> FOTOS ENTREGA DE PREMIOS 26\/3<\/a><\/p>\n<p><a href=\"https:\/\/www.dropbox.com\/sh\/3z16xu806zx8dnj\/AAC0oUY39DcEjnnhP6YCGtaMa?dl=0\" target=\"_blank\" rel=\"noopener noreferrer\"> MEMORIAS DESCRIPTIVAS<\/a><\/p>\n<p><a href=\"https:\/\/www.dropbox.com\/s\/6guh36c7envmh6d\/PREMIOS.xlsx?dl=0\" target=\"_blank\" rel=\"noopener noreferrer\"> GANADORES PREMIOS<\/a><\/p>\n<p><a href=\"https:\/\/drive.google.com\/drive\/folders\/14cnFZaVJUdsqfy4GhbY1yvNpEO7CgH1c\" target=\"_blank\" rel=\"noopener noreferrer\"> FOTOS INAUGURACION<\/a><\/p>\n<p><a href=\"https:\/\/goo.gl\/maps\/hwJejwGAvWH2\" target=\"_blank\" rel=\"noopener noreferrer\"> UBICACI\u00d3N\u00a0Alejandro Korn 3160, B1667 Manuel Alberti, Buenos Aires, Argentina<\/a><\/p>\n<p><strong> <a href=\"https:\/\/goo.gl\/forms\/5w3leo9jfvo4pMj63\" target=\"_blank\" rel=\"noopener noreferrer\"> ACREDITACIONES DE PRENSA 2019<\/a>\u00a0(una vez completada la acreditaci\u00f3n deber\u00e1s presentarte con tu DNI en la boleter\u00eda)<\/strong><\/td>\n<\/tr>\n<\/tbody>\n<\/table>\n<p align=\"center\"><span style=\"font-size: small;\"><b><i> Contactos de Prensa<\/i><\/b><\/span><\/p>\n<div align=\"left\">\n<table width=\"100%\" border=\"1\" cellpadding=\"2\" align=\"left\">\n<tbody>\n<tr>\n<td align=\"center\" valign=\"top\" width=\"54%\">\n<p align=\"left\"><span style=\"font-size: medium;\"><strong> <span style=\"color: #808080; font-family: Arial; font-size: small;\"> Lic. Mar\u00eda Fernanda Ipata &#8211; Directora<br \/>\n<\/span> <\/strong><\/span> <span style=\"font-size: xx-small;\"><span style=\"color: #ff0000;\"><br \/>\n<\/span> <span style=\"color: #ff0000;\">M\u00f3vil:<\/span><b> <\/b> 0230<\/span><span style=\"font-size: xx-small;\">-15-4584535<br \/>\n<\/span><span style=\"font-size: xx-small;\"><span style=\"color: #ff0000;\"> Whatsapp<\/span><span style=\"color: #ff0000;\">:<\/span> <a href=\"https:\/\/bit.ly\/2J4cUvm\"> 0230<\/a><\/span><span style=\"font-size: xx-small;\"><a href=\"https:\/\/bit.ly\/2J4cUvm\">-15-4584535<\/a><\/span><br \/>\n<a href=\"https:\/\/bit.ly\/2J4cUvm\"> <span style=\"font-size: small;\">Enviar whatsapp aqu\u00ed<\/span><\/a><span style=\"font-size: small;\"><br \/>\n<\/span><span style=\"color: #ff0000; font-size: xx-small;\"> Skype:<\/span><span style=\"font-size: xx-small;\"> quasarcomunicacion<br \/>\n<\/span><span style=\"font-size: xx-small;\"> <span style=\"color: #ff0000;\">LinkedIn<\/span><b>:\u00a0 <\/b><\/span> <span style=\"font-size: xx-small;\"><b> <a href=\"http:\/\/www.linkedin.com\/in\/mfipata\"> http:\/\/www.linkedin.com\/in\/mfipata<\/a><\/b><\/span><br \/>\n<span style=\"font-size: xx-small;\"> <a href=\"https:\/\/www.linkedin.com\/company\/quasarcomunicacion\"> https:\/\/www.linkedin.com\/company\/quasarcomunicacion<\/a><br \/>\n<\/span><span style=\"font-size: xx-small;\"> <span style=\"color: #ff0000;\">Instagram y Facebook:<\/span> @quasarcomunicacion <\/span> <span style=\"font-size: xx-small;\"><br \/>\n<\/span><span style=\"color: #ff0000; font-size: xx-small;\"> Web:<\/span><b><\/b> <a href=\"http:\/\/www.quasarcomunicacion.com.ar\/\"> <span style=\"font-size: xx-small;\">www.quasarcomunicacion.com.ar<\/span><\/a><span style=\"font-size: xx-small;\"><br \/>\n<\/span><span style=\"font-size: xx-small;\"> <span style=\"color: #ff0000;\"> Mail<\/span><b>:<\/b><\/span><span style=\"font-size: xx-small;\"><a href=\"mailto:fernanda@quasarcomunicacion.com.ar\"> fernanda@quasarcomunicacion.com.ar<\/a><\/span><\/p>\n<\/td>\n<td align=\"center\" valign=\"top\" width=\"44%\">\n<p align=\"left\"><span style=\"font-size: medium;\"><strong> <span style=\"color: #808080; font-family: Arial; font-size: small;\"> Mariela Porrini &#8211; Asistente de Cuentas<\/p>\n<p><\/span> <\/strong><\/span> <span style=\"font-size: xx-small;\"><span style=\"color: #ff0000;\"> Directo<\/span><b>: <\/b> 0230<\/span><span style=\"font-size: xx-small;\">-4664772<br \/>\n<\/span><span style=\"font-size: xx-small;\"><span style=\"color: #ff0000;\"> Whatsapp<\/span><span style=\"color: #ff0000;\">:<\/span><a href=\"https:\/\/bit.ly\/2J4cUvm\"> 11 5312 6795<\/a><\/span><br \/>\n<span style=\"font-size: small;\"> <a href=\"https:\/\/bit.ly\/2Sn1zLP\">Enviar whatsapp aqu\u00ed<\/a><\/span><span style=\"font-size: xx-small;\"><br \/>\n<\/span><span style=\"color: #ff0000; font-size: xx-small;\"> Skype:<\/span><span style=\"font-size: xx-small;\"> quasarcomunicacion<br \/>\n<\/span><span style=\"color: #ff0000; font-size: xx-small;\"> Twitter:<\/span><span style=\"font-size: xx-small;\"> @quasarpilar<br \/>\n<span style=\"color: #ff0000;\">Instagram y Facebook:<\/span> @quasarcomunicacion<br \/>\n<\/span><span style=\"color: #ff0000; font-size: xx-small;\"> Web:<\/span><b><\/b> <a href=\"http:\/\/www.quasarcomunicacion.com.ar\/\"> <span style=\"font-size: xx-small;\">www.quasarcomunicacion.com.ar<\/span><\/a><span style=\"font-size: xx-small;\"><span style=\"color: #ff0000;\"><br \/>\nMail<\/span><b>:<\/b><\/span><span style=\"font-size: xx-small;\"> <a href=\"mailto:fernanda@quasarcomunicacion.com.ar\"> quasar@quasarcomunicacion.com.ar<\/a><\/span><\/p>\n<\/td>\n<\/tr>\n<\/tbody>\n<\/table>\n<\/div>\n","protected":false},"excerpt":{"rendered":"<p>En la ma\u00f1ana de hoy quedaron inaugurados los consultorios odontol\u00f3gicos inclusivos en el Centro de Rehabilitaci\u00f3n Pilares de Esperanza, los [&hellip;]<\/p>\n","protected":false},"author":2,"featured_media":9323,"comment_status":"open","ping_status":"open","sticky":false,"template":"","format":"standard","meta":[],"categories":[2],"tags":[],"_links":{"self":[{"href":"https:\/\/quasarcomunicacion.com.ar\/web\/wp-json\/wp\/v2\/posts\/9324"}],"collection":[{"href":"https:\/\/quasarcomunicacion.com.ar\/web\/wp-json\/wp\/v2\/posts"}],"about":[{"href":"https:\/\/quasarcomunicacion.com.ar\/web\/wp-json\/wp\/v2\/types\/post"}],"author":[{"embeddable":true,"href":"https:\/\/quasarcomunicacion.com.ar\/web\/wp-json\/wp\/v2\/users\/2"}],"replies":[{"embeddable":true,"href":"https:\/\/quasarcomunicacion.com.ar\/web\/wp-json\/wp\/v2\/comments?post=9324"}],"version-history":[{"count":0,"href":"https:\/\/quasarcomunicacion.com.ar\/web\/wp-json\/wp\/v2\/posts\/9324\/revisions"}],"wp:featuredmedia":[{"embeddable":true,"href":"https:\/\/quasarcomunicacion.com.ar\/web\/wp-json\/wp\/v2\/media\/9323"}],"wp:attachment":[{"href":"https:\/\/quasarcomunicacion.com.ar\/web\/wp-json\/wp\/v2\/media?parent=9324"}],"wp:term":[{"taxonomy":"category","embeddable":true,"href":"https:\/\/quasarcomunicacion.com.ar\/web\/wp-json\/wp\/v2\/categories?post=9324"},{"taxonomy":"post_tag","embeddable":true,"href":"https:\/\/quasarcomunicacion.com.ar\/web\/wp-json\/wp\/v2\/tags?post=9324"}],"curies":[{"name":"wp","href":"https:\/\/api.w.org\/{rel}","templated":true}]}}