{"id":9315,"date":"2019-05-06T10:27:35","date_gmt":"2019-05-06T13:27:35","guid":{"rendered":"https:\/\/quasarcomunicacion.com.ar\/web\/?p=9315"},"modified":"2019-05-06T10:27:35","modified_gmt":"2019-05-06T13:27:35","slug":"mas-de-35-000-personas-pasaron-por-estilo-pilar-2019","status":"publish","type":"post","link":"https:\/\/quasarcomunicacion.com.ar\/web\/mas-de-35-000-personas-pasaron-por-estilo-pilar-2019\/","title":{"rendered":"M\u00e1s de 35.000 personas pasaron por Estilo Pilar 2019"},"content":{"rendered":"<p style=\"text-align: left;\" align=\"center\">\u00a0<span style=\"font-family: Verdana; font-size: small;\">El festejo de los 20 a\u00f1os de <b>Estilo Pilar <\/b>fue todo un \u00e9xito en Azzurra Tortugas, un nuevo emprendimiento inmobiliario del Grupo Monarca. La exposici\u00f3n de decoraci\u00f3n, arte y paisajismo este a\u00f1o realiz\u00f3 su 17\u00ba edici\u00f3n hasta el 28 de abril, con un extenso paseo de compras, showrooms, gardenwalk y una gran variedad de foodtrucks para completar la visita. M\u00e1s de 35.000 personas recorrieron la muestra colaborando con la obra solidaria de <b>Amigos del Pilar<\/b>.<!--more--><\/span><\/p>\n<p align=\"left\"><img class=\"alignnone\" alt=\"\" src=\"https:\/\/quasarcomunicacion.com.ar\/web\/wp-content\/uploads\/2019\/05\/visitantes.gif\" \/><\/p>\n<p align=\"left\"><span style=\"font-family: Verdana; font-size: small;\">Como todos los a\u00f1os anteriores, <b>Estilo Pilar<\/b> es organizado por Amigos del Pilar, una Asociaci\u00f3n Civil que surgi\u00f3 de la inquietud de un grupo de mujeres con esp\u00edritu solidario que deseaban colaborar y comprometerse con su comunidad. Desde el a\u00f1o 1996 trabajan en el partido de Pilar con la misi\u00f3n de brindar ayuda a ni\u00f1os de escasos recursos en materia de salud odontol\u00f3gica: \u201cUn Pilar con atenci\u00f3n digna para aquellos de bajos recursos\u201d.<\/span><\/p>\n<p align=\"left\"><span style=\"font-family: Verdana; font-size: small;\">Para llevar a cabo esta tarea, en el a\u00f1o 2004 crearon los consultorios odontol\u00f3gicos propios, que funcionaron ininterrumpidamente hasta Octubre del 2014. A partir del 1 de Octubre de ese a\u00f1o iniciaron un nuevo camino. Formularon un nuevo sistema de becas que hace posible que tanto antiguos pacientes, como aquellos nuevos que soliciten atenci\u00f3n, puedan ser atendidos con la financiaci\u00f3n de Amigos del Pilar. Este nuevo proyecto es posible tambi\u00e9n gracias a la ayuda de profesionales solidarios que comprenden la tarea y est\u00e1n involucrados con la obra de la fundaci\u00f3n. <\/span><\/p>\n<p align=\"left\"><span style=\"font-family: Verdana; font-size: small;\">Durante el mes que permaneci\u00f3 abierta la exposici\u00f3n, hubo muchas actividades complementarias como una Cata de Vinos de Finca La Celia, Degustaci\u00f3n Dellepiane Spirits, una demostraci\u00f3n de Candy que se dio en el Espacio Modulus a cargo del Chef Leonardo Fumarola. Tambi\u00e9n hubo m\u00fasica con la presentaci\u00f3n de The Vuelta Banda de Blues y los m\u00e1s chicos tuvieron su lugar con los Mini Dise\u00f1adores (Taller TAC Arte y Creatividad). En el sector de Arte hubo un Taller de grabado a cargo de Maggie Veron y en el SUM se dio una charla sobre Plantas de interior a cargo de Maria Vidal Bazterrica y otra sobre Siembra y uso del Cantero de Flores Anuales a cargo de Paquita Romano. Y el \u00faltimo d\u00eda se dio la Charla de Mariposas con Vivian y Nicol\u00e1s Mulcahy.<\/span><\/p>\n<p align=\"left\"><span style=\"font-family: Verdana; font-size: small;\">Entre los espacios de Arte, expusieron en la planta baja el Espacio Chivil\u00f3, Angeles Pujol Arte Contempor\u00e1neo, Laly B rosens Arte Contempor\u00e1neo, Alejandra Pietranera, Silvana Timo, Gloria Moller (Artista Pl\u00e1stica), Mar\u00eda Loza e Yvonne Delor. La zona de Arte cont\u00f3 tambi\u00e9n con exposici\u00f3n en Planta Alta donde hubo mucho para disfrutar con las obras de Yanina De Martino, Mar\u00eda In\u00e9s Patron Costas (Acuarelas), Clara Frers, Adriana Ares, Nora Strocovsky, Pallets De Vida, y Alejandra Chilliari (Artista Pl\u00e1stica).<\/span><\/p>\n<p align=\"left\"><span style=\"font-family: Verdana; font-size: small;\">Los espacios destinados a la Decoraci\u00f3n y Showrooms fueron 34. Entre ellos <b>Estilo Pilar<\/b> cont\u00f3 con la presencia en el espacio Jacarand\u00e1 de: C\u00b4 EstMoi, Ukelele Muebles, Var Interior Desing, Paola L\u00f3pez Gambarte, Nadal- Frola &#8211; Dise\u00f1o De Interiores, Buedeco Wall Design, Sandy Cairncross, Domo Frey (Beca Dara), Familia Echaide &#8211; Pisos De Madera, 4 Elementos De Susana Piazza, Marcelo Mazzza, Carmela Carey &#8211; Dise\u00f1adora De Interiores, Modulus Y Formas Y Maneras. En el espacio Fresno de decoraci\u00f3n se pudo visitar los stands de: In\u00e9sCalamante, Ana Rapela &amp; Mar\u00eda Jos\u00e9 Antelo, Estudio Cz &#8211; Arq. Laura Castro \/ Arq. Silvia Zarlenga, B Y C Interiores, Johan Home &amp; Deco, Estudio Z &#8211; By Di &#8211; Horacio Zuker, Le Rev\u00e9 By Arq. Mora Kestelman y Loly Albasini. Y, por \u00faltimo, en el sector Lavanda, la presencia de: Santa Idea &amp; Mar\u00eda Laura Pini, Universidad De Mor\u00f3n, Carpinter\u00eda Barragan, Estudio V, Aruna y Caprichos Del Rey.<\/span><\/p>\n<p align=\"left\"><span style=\"font-family: Verdana; font-size: small;\">El sector de Paisajismo cont\u00f3 con 11 espacios reconocidos a nivel nacional, algunos de ellos: Viviana Fortunati, Logan Sanguineti Paisajismo, Paula Tarditi, Centro Formaci\u00f3n Profesional Municipal Luis Lagomarsino, Le Muguet y Plantar, entre otros.<\/span><\/p>\n<p align=\"left\"><span style=\"font-family: Verdana; font-size: small;\">Adem\u00e1s, <strong>Estilo Pilar<\/strong> cont\u00f3 con el tradicional Paseo de Compras y Garden Walk con 42 espacios. <\/span><\/p>\n<p align=\"left\"><img class=\"aligncenter\" alt=\"\" src=\"https:\/\/quasarcomunicacion.com.ar\/web\/wp-content\/uploads\/2019\/05\/visitantes1.gif\" \/><\/p>\n<p align=\"left\"><span style=\"font-family: Verdana; font-size: small;\">Por su parte, las marcas que acompa\u00f1aron el Garden Walk fueron: Malibu Outside Furniture, Estudio Prana, Blumen, Biofogones, Grupo Yalca \/ Chef Pattiserie, Trimetals, La Cioppa Macetas y Sombrearte (Chapas Artesanales). El paseo de compras tuvo una propuesta muy amplia para los visitantes y cont\u00f3 con marcas como: Fuegos De Reuni\u00f3n, Quiu, Velas De La Ballena, Charles By Celine, Casa Tua, Jesusa &amp; Las Cabrera, Isla Xocolatl, Te+The Hebras Y Blends, Plantery The Plant Market, De La India, Somos Fibra, Airaudo Platero, Dellepiane Spirits, Espacio Constantino, Melisa Domit, Home &amp; Hotel, Ocres Interiorismo, Genaba Home, Nuestras Manos, Kalupi, Treno Deco &amp; Kids, Marcelo Mazzza, Las Del Sur Deco, Las Ricci, Divino Cordero, Mantas De Llama, Metta, Pola Home, Fibras Del Norte , Minima Huella, Sillones Rumary Yvonne Delor.<\/span><\/p>\n<p align=\"left\"><span style=\"font-family: Verdana; font-size: small;\">La gastronom\u00eda cont\u00f3 con los servicios de Gara\u00b4S, Haceme Monstruo, La Casita Almac\u00e9n Y Cocina Natural, S\u00e1ndwiches Tandileros, Mocer y Guapaletas.<\/span><\/p>\n<p align=\"left\"><span style=\"font-family: Verdana; font-size: small;\">Tambi\u00e9n se pudo conocer a lo largo del recorrido las propuestas de los sponsors de la muestra: Grupo Monarca, Vite Porcellanato, Riel Americano, Tersuave, Patagonia Flooring, La Naci\u00f3n, Roca, Telecom, Faplac, Finca La Celia, Sidra 1888, Greennery`s, Bamb\u00fa Guaz\u00fa, Issa Pelba, Canteras, Moldumet, Nurpanel, Col\u00f3n Seguros, Winxs, Gorenje, Candy y de la Municipalidad Del Pilar.<\/span><\/p>\n<p align=\"left\"><img alt=\"\" src=\"https:\/\/quasarcomunicacion.com.ar\/web\/wp-content\/uploads\/2018\/11\/logo.gif\" \/><\/p>\n<p><b><span style=\"text-decoration: underline;\"> Ficha T\u00e9cnica:<\/span><\/b><\/p>\n<p><b> Lugar<\/b>: Azzurra Tortugas &#8211; Alejandro Korn 3160, Manuel Alberti.<br \/>\n<b>Fecha<\/b>: Desde el Jueves 28 de Marzo hasta el Domingo 28 de Abril de 2019 inclusive.<\/p>\n<p><b>Horarios de apertura:<\/b> Jueves, Viernes, S\u00e1bados y Domingos de 11 hs. a 19 hs.<br \/>\nDomingo de Pascuas Cerrado.<br \/>\nLunes, Martes y Mi\u00e9rcoles Cerrado.<\/p>\n<p>ENTRADAS: general $ 300; comprando 2 entradas $ 480; jubilados $ 240. Jueves 2&#215;1 a valor de la entrada general. Grupo familiar a partir de 4 personas $ 240 por cada mayor de 12 a\u00f1os. Menor de 12 a\u00f1os, gratis.<\/p>\n<p>Club La Naci\u00f3n 2&#215;1 (por tarjeta) jueves y domingos (a valor de la entrada general).<\/p>\n<p>Club Personal (mostrando app) viernes y s\u00e1bado $ 240<\/p>\n<p>Club Personal (mostrando app) 2&#215;1 domingo (a valor de la entrada general)<\/p>\n<p>Con la entrada valorizada SELLADA y mostrando DNI se puede volver sin cargo los Jueves y Viernes (excepto Viernes Santo). Entada sin cargo no v\u00e1lida para segunda visita.<\/p>\n<p><b>Arte<\/b>: 21 espacios<br \/>\n<b>Decoraci\u00f3n y Showrooms:<\/b> 34 espacios<br \/>\n<b>Paisajismo<\/b>: 11 espacios<br \/>\n<b>Paseo de Compras y Garden Walk:<\/b> 42 espacios<br \/>\n<b>Gastronom\u00eda<\/b>: 6 espacios + el caf\u00e9<\/p>\n<p><b>Predio<\/b>: 2 has<\/p>\n<p><b> Contacto<\/b><br \/>\n<a href=\"https:\/\/www.facebook.com\/estilopilar\"> https:\/\/www.facebook.com\/estilopilar<\/a><br \/>\n<a href=\"http:\/\/www.estilopilar.com.ar\/\"> http:\/\/www.estilopilar.com.ar\/<\/a><\/p>\n<p><b> Sobre de Amigos del Pilar<\/b><\/p>\n<p>Como todos los a\u00f1os anteriores, Estilo Pilar es organizado por Amigos del Pilar, una Asociaci\u00f3n Civil que surgi\u00f3 de la inquietud de un grupo de mujeres con esp\u00edritu solidario que deseaban colaborar y comprometerse con su comunidad. Desde el a\u00f1o 1996 trabajan en el partido de Pilar con la misi\u00f3n de brindar ayuda a ni\u00f1os de escasos recursos en materia de salud odontol\u00f3gica: \u201cUn Pilar con atenci\u00f3n digna para aquellos de bajos recursos\u201d.<br \/>\nPara llevar a cabo esta tarea, en el a\u00f1o 2004 crearon los consultorios odontol\u00f3gicos propios, que funcionaron ininterrumpidamente hasta Octubre del 2014. A partir del 1 de Octubre de ese a\u00f1o iniciaron un nuevo camino. Formularon un nuevo sistema de becas que hace posible que tanto antiguos pacientes, como aquellos nuevos que soliciten atenci\u00f3n, puedan ser atendidos con la financiaci\u00f3n de Amigos del Pilar. Hasta Diciembre de 2017 se atendieron 64.730 chicos y se realizaron 165.289 prestaciones.<br \/>\nEste nuevo proyecto es posible tambi\u00e9n gracias a la ayuda de profesionales solidarios que comprenden la tarea y est\u00e1n involucrados con la obra de la fundaci\u00f3n.<\/p>\n<p>Para m\u00e1s informaci\u00f3n ingresar a <a href=\"http:\/\/www.amigosdelpilar.org.ar\/\"> http:\/\/www.amigosdelpilar.org.ar\/<\/a><\/p>\n<p><span style=\"font-family: Verdana; font-size: xx-small;\"><br \/>\nPara m\u00e1s informaci\u00f3n ingresar a <a href=\"http:\/\/www.amigosdelpilar.org.ar\/\"> http:\/\/www.amigosdelpilar.org.ar\/<\/a><\/span><\/p>\n<p align=\"left\"><span style=\"font-size: small;\"><b><i><span style=\"font-family: Arial;\">Por otras im\u00e1genes, audios o entrevistas no dude en contactarse<\/span><\/i><\/b><\/span><\/p>\n<p align=\"left\">Toda la informaci\u00f3n en <a href=\"http:\/\/www.quasarcomunicacion.com.ar\/web\/estilopilar19\"> www.quasarcomunicacion.com.ar\/web\/estilopilar19<\/a><a href=\"http:\/\/www.quasarcomunicacion.com.ar\/web\/estilopilar18\">\u00a0 <\/a><\/p>\n<p align=\"left\">\n<div align=\"left\">\n<table width=\"100%\" border=\"1\" cellpadding=\"2\" align=\"left\">\n<tbody>\n<tr>\n<td align=\"center\" valign=\"top\" width=\"54%\">\n<p align=\"left\"><span style=\"font-size: medium;\"><strong> <span style=\"color: #808080; font-family: Arial; font-size: small;\"> Lic. Mar\u00eda Fernanda Ipata &#8211; Directora<br \/>\n<\/span> <\/strong><\/span> <span style=\"font-size: xx-small;\"><span style=\"color: #ff0000;\"><br \/>\n<\/span> <span style=\"color: #ff0000;\">M\u00f3vil:<\/span><b> <\/b> 0230<\/span><span style=\"font-size: xx-small;\">-15-4584535<br \/>\n<\/span><span style=\"font-size: xx-small;\"><span style=\"color: #ff0000;\"> Whatsapp<\/span><span style=\"color: #ff0000;\">:<\/span> <a href=\"https:\/\/bit.ly\/2J4cUvm\"> 0230<\/a><\/span><span style=\"font-size: xx-small;\"><a href=\"https:\/\/bit.ly\/2J4cUvm\">-15-4584535<\/a><\/span><br \/>\n<a href=\"https:\/\/bit.ly\/2J4cUvm\"> <span style=\"font-size: small;\">Enviar whatsapp aqu\u00ed<\/span><\/a><span style=\"font-size: small;\"><br \/>\n<\/span><span style=\"color: #ff0000; font-size: xx-small;\"> Skype:<\/span><span style=\"font-size: xx-small;\"> quasarcomunicacion<br \/>\n<\/span><span style=\"font-size: xx-small;\"> <span style=\"color: #ff0000;\">LinkedIn<\/span><b>:\u00a0 <\/b><\/span> <span style=\"font-size: xx-small;\"><b> <a href=\"http:\/\/www.linkedin.com\/in\/mfipata\"> http:\/\/www.linkedin.com\/in\/mfipata<\/a><\/b><\/span><br \/>\n<span style=\"font-size: xx-small;\"> <a href=\"https:\/\/www.linkedin.com\/company\/quasarcomunicacion\"> https:\/\/www.linkedin.com\/company\/quasarcomunicacion<\/a><br \/>\n<\/span><span style=\"font-size: xx-small;\"> <span style=\"color: #ff0000;\">Instagram y Facebook:<\/span> @quasarcomunicacion <\/span> <span style=\"font-size: xx-small;\"><br \/>\n<\/span><span style=\"color: #ff0000; font-size: xx-small;\"> Web:<\/span><b><\/b> <a href=\"http:\/\/www.quasarcomunicacion.com.ar\/\"> <span style=\"font-size: xx-small;\">www.quasarcomunicacion.com.ar<\/span><\/a><span style=\"font-size: xx-small;\"><br \/>\n<\/span><span style=\"font-size: xx-small;\"> <span style=\"color: #ff0000;\"> Mail<\/span><b>:<\/b><\/span><span style=\"font-size: xx-small;\"><a href=\"mailto:fernanda@quasarcomunicacion.com.ar\"> fernanda@quasarcomunicacion.com.ar<\/a><\/span><\/p>\n<\/td>\n<td align=\"center\" valign=\"top\" width=\"44%\">\n<p align=\"left\"><span style=\"font-size: medium;\"><strong> <span style=\"color: #808080; font-family: Arial; font-size: small;\"> Mariela Porrini &#8211; Asistente de Cuentas<\/p>\n<p><\/span> <\/strong><\/span> <span style=\"font-size: xx-small;\"><span style=\"color: #ff0000;\"> Directo<\/span><b>: <\/b> 0230<\/span><span style=\"font-size: xx-small;\">-4664772<br \/>\n<\/span><span style=\"font-size: xx-small;\"><span style=\"color: #ff0000;\"> Whatsapp<\/span><span style=\"color: #ff0000;\">:<\/span><a href=\"https:\/\/bit.ly\/2J4cUvm\"> 11 5312 6795<\/a><\/span><br \/>\n<span style=\"font-size: small;\"> <a href=\"https:\/\/bit.ly\/2Sn1zLP\">Enviar whatsapp aqu\u00ed<\/a><\/span><span style=\"font-size: xx-small;\"><br \/>\n<\/span><span style=\"color: #ff0000; font-size: xx-small;\"> Skype:<\/span><span style=\"font-size: xx-small;\"> quasarcomunicacion<br \/>\n<\/span><span style=\"color: #ff0000; font-size: xx-small;\"> Twitter:<\/span><span style=\"font-size: xx-small;\"> @quasarpilar<br \/>\n<span style=\"color: #ff0000;\">Instagram y Facebook:<\/span> @quasarcomunicacion<br \/>\n<\/span><span style=\"color: #ff0000; font-size: xx-small;\"> Web:<\/span><b><\/b> <a href=\"http:\/\/www.quasarcomunicacion.com.ar\/\"> <span style=\"font-size: xx-small;\">www.quasarcomunicacion.com.ar<\/span><\/a><span style=\"font-size: xx-small;\"><span style=\"color: #ff0000;\"><br \/>\nMail<\/span><b>:<\/b><\/span><span style=\"font-size: xx-small;\"> <a href=\"mailto:fernanda@quasarcomunicacion.com.ar\"> quasar@quasarcomunicacion.com.ar<\/a><\/span><\/p>\n<\/td>\n<\/tr>\n<\/tbody>\n<\/table>\n<\/div>\n","protected":false},"excerpt":{"rendered":"<p>\u00a0El festejo de los 20 a\u00f1os de Estilo Pilar fue todo un \u00e9xito en Azzurra Tortugas, un nuevo emprendimiento inmobiliario [&hellip;]<\/p>\n","protected":false},"author":2,"featured_media":9313,"comment_status":"open","ping_status":"open","sticky":false,"template":"","format":"standard","meta":[],"categories":[2],"tags":[],"_links":{"self":[{"href":"https:\/\/quasarcomunicacion.com.ar\/web\/wp-json\/wp\/v2\/posts\/9315"}],"collection":[{"href":"https:\/\/quasarcomunicacion.com.ar\/web\/wp-json\/wp\/v2\/posts"}],"about":[{"href":"https:\/\/quasarcomunicacion.com.ar\/web\/wp-json\/wp\/v2\/types\/post"}],"author":[{"embeddable":true,"href":"https:\/\/quasarcomunicacion.com.ar\/web\/wp-json\/wp\/v2\/users\/2"}],"replies":[{"embeddable":true,"href":"https:\/\/quasarcomunicacion.com.ar\/web\/wp-json\/wp\/v2\/comments?post=9315"}],"version-history":[{"count":0,"href":"https:\/\/quasarcomunicacion.com.ar\/web\/wp-json\/wp\/v2\/posts\/9315\/revisions"}],"wp:featuredmedia":[{"embeddable":true,"href":"https:\/\/quasarcomunicacion.com.ar\/web\/wp-json\/wp\/v2\/media\/9313"}],"wp:attachment":[{"href":"https:\/\/quasarcomunicacion.com.ar\/web\/wp-json\/wp\/v2\/media?parent=9315"}],"wp:term":[{"taxonomy":"category","embeddable":true,"href":"https:\/\/quasarcomunicacion.com.ar\/web\/wp-json\/wp\/v2\/categories?post=9315"},{"taxonomy":"post_tag","embeddable":true,"href":"https:\/\/quasarcomunicacion.com.ar\/web\/wp-json\/wp\/v2\/tags?post=9315"}],"curies":[{"name":"wp","href":"https:\/\/api.w.org\/{rel}","templated":true}]}}