{"id":9283,"date":"2019-04-11T14:08:41","date_gmt":"2019-04-11T17:08:41","guid":{"rendered":"https:\/\/quasarcomunicacion.com.ar\/web\/?p=9283"},"modified":"2019-04-11T14:08:41","modified_gmt":"2019-04-11T17:08:41","slug":"pilar-nuevo-taller-aprende-a-usar-whatsapp-para-vender-mas","status":"publish","type":"post","link":"https:\/\/quasarcomunicacion.com.ar\/web\/pilar-nuevo-taller-aprende-a-usar-whatsapp-para-vender-mas\/","title":{"rendered":"PILAR: Nuevo Taller aprend\u00e9 a usar Whatsapp para vender M\u00e1s"},"content":{"rendered":"<p style=\"text-align: left;\" align=\"center\"><span style=\"font-family: Verdana; font-size: small;\">La <\/span><b style=\"font-family: Verdana; font-size: small;\">Escuela para Emprendedores (EPE)<\/b><span style=\"font-family: Verdana; font-size: small;\"> realizar\u00e1 el <\/span><b style=\"font-family: Verdana; font-size: small;\">II Taller aprend\u00e9 a usar Whatsapp para vender<\/b><span style=\"font-family: Verdana; font-size: small;\"> el pr\u00f3ximo lunes 15 de abril a las 18 hs en Pilar Point (ruta 8 e Ituzaing\u00f3). La actividad tiene un costo de $ 400 o 2 por $ 700 (anticipado) o ese d\u00eda $ 500. Quienes deseen conocer m\u00e1s de la iniciativa podr\u00e1n ingresar aqu\u00ed <\/span><a style=\"font-family: Verdana; font-size: small;\" href=\"http:\/\/www.escuelaparaemprendedores.com.ar\/\"> www.escuelaparaemprendedores.com.ar\/whatsapp<\/a><span style=\"font-family: Verdana; font-size: small;\">\u00a0 o bien enviar un mail a <\/span><a style=\"font-family: Verdana; font-size: small;\" href=\"mailto:info@escuelaparaemprendedores.com.ar\"> info@escuelaparaemprendedores.com.ar<\/a><span style=\"font-family: Verdana; font-size: small;\"> o por whatsapp al 11 6742 7635. Adem\u00e1s, se pueden sumar al grupo de Facebook <\/span><a style=\"font-family: Verdana; font-size: small;\" href=\"https:\/\/www.facebook.com\/groups\/escuelaparaemprendedoresarg\/\"> https:\/\/www.facebook.com\/groups\/escuelaparaemprendedoresarg\/<\/a><span style=\"font-family: Verdana; font-size: small;\"> donde se comparte toda la informaci\u00f3n y el calendario<!--more--><\/span><\/p>\n<p style=\"text-align: center;\">\u00a0<a href=\"https:\/\/quasarcomunicacion.com.ar\/web\/wp-content\/uploads\/2019\/04\/whatsapp.gif\"><img class=\"alignnone\" alt=\"whatsapp\" src=\"https:\/\/quasarcomunicacion.com.ar\/web\/wp-content\/uploads\/2019\/04\/whatsapp.gif\" \/><\/a><\/p>\n<p><span style=\"font-family: Verdana; font-size: small;\">El Taller est\u00e1 destinado a profesionales, vendedores, Emprendedores, Comerciantes, Due\u00f1os de negocios y Empresarios y no requiere conocimientos previos. El \u00fanico requisito es tener un tel\u00e9fono con conexi\u00f3n a internet y preferentemente sistema operativo Android sie s que desean instalar whatsapp Business, sino podr\u00e1n aprender a utilizar el servicio de mensajer\u00eda com\u00fan.\u00a0 <\/span><\/p>\n<p><span style=\"font-family: Verdana; font-size: small;\">\u00abEn esta red social es donde las personas pasan m\u00e1s tiempo por d\u00eda. Tus posibles clientes est\u00e1n ah\u00ed y tus clientes tambi\u00e9n, y no pod\u00e9s dejar pasar la oportunidad de contactarte y VENDERLES\u00bb, aseguran los expertos.<\/span><\/p>\n<p><span style=\"font-family: Verdana; font-size: small;\">E invitan, \u00abas\u00ed como est\u00e1n tus clientes, TU EMPRENDIMIENTO tiene que estar ah\u00ed de la forma m\u00e1s profesional posible. En este taller vamos a trabajar con la herramienta, cada uno con su celular y computadora (en caso de ser posible). Adem\u00e1s, te vas a llevar de regalo tutoriales para que no te queden dudas\u00bb.<\/span><\/p>\n<p><span style=\"font-family: Verdana; font-size: small;\">El taller ser\u00e1 dictado por profesionales de <b>Qu\u00e1sar Comunicaci\u00f3n<\/b>, \u00abnuestro objetivo es que consigas MEJORAR TUS VENTAS aplicando lo que aprender\u00e1s con esta herramienta gratuita y que seguro ya ten\u00e9s en tu celular, pero no explot\u00e1s al m\u00e1ximo\u00bb, aseguran<\/span><\/p>\n<p><span style=\"font-family: Verdana; font-size: small;\">\u00a0La actividad es organizada por la <b>Escuela para Emprendedores de Pilar<\/b>,\u00a0 una Escuela creada por y para emprendedores. \u00abConocemos las necesidades del sector y queremos ser un \u00e1mbito donde encuentren soluciones a los problemas que se le presentan a la hora de emprender, donde reciban asistencia, acompa\u00f1amiento\u00bb, indicaron desde el equipo de la EPE, el cual est\u00e1 liderado por la Lic. Mar\u00eda Fernanda Ipata, con amplia trayectoria en el sector.<\/span><\/p>\n<p align=\"left\"><span style=\"font-family: Verdana; font-size: small;\">Ipata explic\u00f3 que \u00abla Escuela es un \u00e1mbito de encuentro entre los emprendedores, un lugar donde acceder\u00e1n a herramientas concretas, capacitaci\u00f3n e informaci\u00f3n relevante y oportuna para su desarrollo personal y profesional. Adem\u00e1s, podr\u00e1n darle visibilidad a sus proyectos e interactuar con otros pares para compartir experiencias. Tambi\u00e9n habr\u00e1 capacitaciones a distancia, eventos y actividades permanentes\u00bb.<\/span><\/p>\n<p align=\"left\"><span style=\"font-family: Verdana; font-size: small;\">Las actividades de la EPE se planificaron de acuerdo con un relevamiento que dio como resultado que lo que m\u00e1s necesitaban los emprendedores de la zona era capacitaci\u00f3n. Por eso realizar\u00e1n capacitaciones presenciales y virtuales.<\/span><\/p>\n<p align=\"left\"><span style=\"font-family: Verdana; font-size: small;\">\u00abEs necesario invertir en capacitaci\u00f3n, y no solo invertir dinero sino tambi\u00e9n tiempo en capacitarnos, porque hoy en d\u00eda todo va a un ritmo tan acelerado, que si no nos capacitamos, nos quedamos y eso estancar\u00e1 el emprendimiento\u00bb; continu\u00f3 Ipata.<\/span><\/p>\n<p align=\"left\"><span style=\"font-family: Verdana; font-size: small;\">Adem\u00e1s, har\u00e1n hincapi\u00e9 en brindar espacios de networking, donde los emprendedores se puedan conocer y generar alianzas entre ellos.<\/span><\/p>\n<p align=\"left\"><span style=\"font-family: Verdana; font-size: small;\">La escuela funcionar\u00e1 sobre dos pilares fundamentales: la formaci\u00f3n profesional y el desarrollo personal ya que los emprendedores son una unidad en la vida personal y profesional y desde la instituci\u00f3n se apuntar\u00e1 a ambas.<\/span><\/p>\n<p align=\"left\"><span style=\"font-family: Verdana; font-size: small;\">Teniendo en cuenta esto, la respuesta a la demanda detectada se dar\u00e1 con las siguientes actividades:<\/span><\/p>\n<p align=\"left\"><span style=\"font-family: Verdana; font-size: small;\"><b>CICLO DE CHARLAS GRATUITAS<\/b><br \/>\nPor sexto a\u00f1o consecutivo este a\u00f1o se realizar\u00e1 un ciclo de charlas gratuitas una vez al mes.<\/span><\/p>\n<p align=\"left\"><span style=\"font-family: Verdana; font-size: small;\"><b>TALLERES Y CAPACITACIONES ON LINE Y PRESENCIALES<\/b><br \/>\nLas actividades presenciales se har\u00e1n en Pilar Point y tambi\u00e9n habr\u00e1 otras on line para que se puedan sumar emprendedores de todo el pa\u00eds. Adem\u00e1s, habr\u00e1 talleres espec\u00edficos que apuntar\u00e1n al HACER para aplicar los conocimientos adquiridos<br \/>\n<b><br \/>\nTERAPIA EMPRENDEDORA<\/b><br \/>\nLa Terapia Emprendedora es un espacio que busca convertirse en un lugar de \u201cdescarga\u201d para los emprendedores. La idea es compartir experiencias, problemas y soluciones para lograr, en grupo, superar los obst\u00e1culos y disfrutar de las alegr\u00edas de la dif\u00edcil y apasionante tarea de emprender. La actividad es llevada adelante por un profesional que conducir\u00e1 a los asistentes a resolver sus conflictos a la hora de emprender. La cita ser\u00e1 una vez al mes en horario a convenir en el patio de comidas de Pilar Point. <\/span><\/p>\n<p><span style=\"font-family: Verdana; font-size: small;\"><b>CONTACTATE HOY: RONDAS DE NETWORKING<\/b><br \/>\nContactate HOY es una feria de contactos que organizamos peri\u00f3dicamente para que los emprendedores puedan conocerse y tejer entre ellos alianzas estrat\u00e9gicas. Se trata de un espacio de networking e intercambio de informaci\u00f3n con la premisa GANAR-GANAR. <\/span><\/p>\n<p><span style=\"font-family: Verdana; font-size: small;\"><b>EMPRENDER EN PRIMERA PERSONA<\/b><br \/>\nUn emprendedor invitado nos cuenta su historia emprendedora y las peripecias a la hora de emprender. Una historia de vida para aprender e imitar <\/span><\/p>\n<p><span style=\"font-family: Verdana; font-size: small;\"><b>CHARLAS INFORMATIVAS<\/b><br \/>\nBrindaremos charlas informativas sobre productos y servicios de inter\u00e9s para emprendedores, programas, posibilidades de financiamiento, concursos, etc. <\/span><\/p>\n<p><span style=\"font-family: Verdana; font-size: small;\"><b>CONSULTORIO Y SESIONES DE COACHING<\/b><br \/>\nSesiones individuales y grupales con nuestro staff de capacitadores. Las mismas ser\u00e1n presenciales y on line<\/span><\/p>\n<p>&nbsp;<\/p>\n<p><span style=\"font-family: Verdana; font-size: small;\">La <b>Escuela para Emprendedores<\/b> surge luego de 8 a\u00f1os de trabajo autogestivo a trav\u00e9s de Pilar Emprende y Emprender Hoy.<\/span><\/p>\n<p><span style=\"font-family: Verdana; font-size: small;\">M\u00e1s info <a href=\"http:\/\/www.escuelaparaemprendedores.com.ar\/\"> www.escuelaparaemprendedores.com.ar<\/a> <\/span><\/p>\n<p><span style=\"font-size: small;\"><b><i><span style=\"font-family: Arial;\">Por otras im\u00e1genes, audios o entrevistas no dude en contactarse<\/span><\/i><\/b><\/span><\/p>\n<p align=\"center\"><span style=\"font-size: small;\"><b><i> Contactos de Prensa<\/i><\/b><\/span><\/p>\n<div align=\"left\">\n<table width=\"100%\" border=\"1\" cellpadding=\"2\" align=\"left\">\n<tbody>\n<tr>\n<td align=\"center\" width=\"50%\">\n<p align=\"left\"><span style=\"font-size: medium;\"><strong><span style=\"color: #808080; font-family: Arial; font-size: small;\"> Candela Villanueva &#8211; Asistente de Cuentas<\/p>\n<p><\/span> <\/strong><\/span> <span style=\"font-size: xx-small;\"><span style=\"color: #ff0000;\"> Directo<\/span><b>: <\/b> 0230<\/span><span style=\"font-size: xx-small;\">-4664772<br \/>\n<\/span><span style=\"color: #ff0000; font-size: xx-small;\"> Skype:<\/span><span style=\"font-size: xx-small;\"> quasarcomunicacion<br \/>\n<span style=\"color: #ff0000;\"> Instagram<\/span>: @quasarcomunicacion<br \/>\n<\/span><span style=\"color: #ff0000; font-size: xx-small;\"> Twitter:<\/span><span style=\"font-size: xx-small;\"> @quasarpilar<br \/>\n<\/span><span style=\"color: #ff0000; font-size: xx-small;\"> Gr<\/span><span style=\"color: #ff0000; font-size: xx-small;\">upo y p\u00e1gina en Facebook: <\/span> <span style=\"color: #808080; font-size: xx-small;\">www.facebook.com\/<\/span><a href=\"mailto:mfipata@gmail.com\"><span style=\"font-size: xx-small;\">Quasar<\/span><\/a><span style=\"font-size: xx-small;\">Comunicacion<br \/>\n<\/span><span style=\"color: #ff0000; font-size: xx-small;\"> Web:<\/span><b><\/b> <a href=\"http:\/\/www.quasarcomunicacion.com.ar\/\"> <span style=\"font-size: xx-small;\">www.quasarcomunicacion.com.ar<\/span><\/a><\/p>\n<p align=\"left\"><span style=\"font-size: xx-small;\"> <span style=\"color: #ff0000;\">Mail<\/span><b>:<\/b><\/span><span style=\"font-size: xx-small;\"> <a href=\"mailto:fernanda@quasarcomunicacion.com.ar\"> candela<\/a><a href=\"mailto:fernanda@quasarcomunicacion.com.ar\">@quasarcomunicacion.com.ar<\/a><\/span><\/p>\n<\/td>\n<td align=\"center\" width=\"50%\">\n<p align=\"left\"><strong> <span style=\"color: #ff0000; font-family: Arial; font-size: small;\">Mariela Porrini<\/span><\/strong><span style=\"font-size: medium;\"><strong><span style=\"color: #808080; font-family: Arial; font-size: small;\"> &#8211; Asistente de Cuentas<\/p>\n<p><\/span> <\/strong><\/span> <span style=\"font-size: xx-small;\"><span style=\"color: #ff0000;\"> Directo<\/span><b>: <\/b> 0230<\/span><span style=\"font-size: xx-small;\">-4664772<br \/>\n<\/span><span style=\"color: #ff0000; font-size: xx-small;\"> Skype:<\/span><span style=\"font-size: xx-small;\"> quasarcomunicacion<br \/>\n<\/span><span style=\"font-size: xx-small;\"><span style=\"color: #ff0000;\"> Instagram<\/span>: @quasarcomunicacion<\/span><span style=\"font-size: xx-small;\"><br \/>\n<\/span><span style=\"color: #ff0000; font-size: xx-small;\"> Twitter:<\/span><span style=\"font-size: xx-small;\"> @quasarpilar<br \/>\n<\/span><span style=\"color: #ff0000; font-size: xx-small;\"> Gr<\/span><span style=\"color: #ff0000; font-size: xx-small;\">upo y p\u00e1gina en Facebook: <\/span> <span style=\"color: #808080; font-size: xx-small;\">www.facebook.com\/<\/span><a href=\"mailto:mfipata@gmail.com\"><span style=\"font-size: xx-small;\">Quasar<\/span><\/a><span style=\"font-size: xx-small;\">Comunicacion<br \/>\n<\/span><span style=\"color: #ff0000; font-size: xx-small;\"> Web:<\/span><b><\/b> <a href=\"http:\/\/www.quasarcomunicacion.com.ar\/\"> <span style=\"font-size: xx-small;\">www.quasarcomunicacion.com.ar<\/span><\/a><\/p>\n<p align=\"left\"><span style=\"font-size: xx-small;\"> <span style=\"color: #ff0000;\">Mail<\/span><b>:<\/b><\/span><span style=\"font-size: xx-small;\"> <a href=\"mailto:fernanda@quasarcomunicacion.com.ar\"> quasar<\/a><a href=\"mailto:fernanda@quasarcomunicacion.com.ar\">@quasarcomunicacion.com.ar<\/a><\/span><\/p>\n<\/td>\n<\/tr>\n<\/tbody>\n<\/table>\n<\/div>\n","protected":false},"excerpt":{"rendered":"<p>La Escuela para Emprendedores (EPE) realizar\u00e1 el II Taller aprend\u00e9 a usar Whatsapp para vender el pr\u00f3ximo lunes 15 de [&hellip;]<\/p>\n","protected":false},"author":2,"featured_media":9282,"comment_status":"open","ping_status":"open","sticky":false,"template":"","format":"standard","meta":[],"categories":[2],"tags":[],"_links":{"self":[{"href":"https:\/\/quasarcomunicacion.com.ar\/web\/wp-json\/wp\/v2\/posts\/9283"}],"collection":[{"href":"https:\/\/quasarcomunicacion.com.ar\/web\/wp-json\/wp\/v2\/posts"}],"about":[{"href":"https:\/\/quasarcomunicacion.com.ar\/web\/wp-json\/wp\/v2\/types\/post"}],"author":[{"embeddable":true,"href":"https:\/\/quasarcomunicacion.com.ar\/web\/wp-json\/wp\/v2\/users\/2"}],"replies":[{"embeddable":true,"href":"https:\/\/quasarcomunicacion.com.ar\/web\/wp-json\/wp\/v2\/comments?post=9283"}],"version-history":[{"count":0,"href":"https:\/\/quasarcomunicacion.com.ar\/web\/wp-json\/wp\/v2\/posts\/9283\/revisions"}],"wp:featuredmedia":[{"embeddable":true,"href":"https:\/\/quasarcomunicacion.com.ar\/web\/wp-json\/wp\/v2\/media\/9282"}],"wp:attachment":[{"href":"https:\/\/quasarcomunicacion.com.ar\/web\/wp-json\/wp\/v2\/media?parent=9283"}],"wp:term":[{"taxonomy":"category","embeddable":true,"href":"https:\/\/quasarcomunicacion.com.ar\/web\/wp-json\/wp\/v2\/categories?post=9283"},{"taxonomy":"post_tag","embeddable":true,"href":"https:\/\/quasarcomunicacion.com.ar\/web\/wp-json\/wp\/v2\/tags?post=9283"}],"curies":[{"name":"wp","href":"https:\/\/api.w.org\/{rel}","templated":true}]}}