{"id":9279,"date":"2019-04-11T12:01:43","date_gmt":"2019-04-11T15:01:43","guid":{"rendered":"https:\/\/quasarcomunicacion.com.ar\/web\/?p=9279"},"modified":"2019-04-11T12:01:43","modified_gmt":"2019-04-11T15:01:43","slug":"estilo-pilar-2019-opciones-de-compra-para-todos-los-gustos","status":"publish","type":"post","link":"https:\/\/quasarcomunicacion.com.ar\/web\/estilo-pilar-2019-opciones-de-compra-para-todos-los-gustos\/","title":{"rendered":"Estilo Pilar 2019: opciones de compra para todos los gustos"},"content":{"rendered":"<p style=\"text-align: left;\" align=\"center\">Festejando sus 20 a\u00f1os, <b>Estilo Pilar<\/b> vuelve una vez m\u00e1s a la ciudad que lo vio nacer y podr\u00e1 visitarse hasta el 28 de abril en Azzurra Tortugas (Alejandro Korn 3160, Pilar), un nuevo emprendimiento inmobiliario del Grupo Monarca. La muestra de decoraci\u00f3n, arte y paisajismo este a\u00f1o est\u00e1 \u00a1\u00a1imperdible!!, con un extenso paseo de compras, showrooms y gardenwalk para llevarse los mejores productos a casa. Adem\u00e1s una gran variedad de foodtrucks para completar la visita con buena gastronom\u00eda.<!--more--><\/p>\n<p align=\"left\">Al ingreso al predio, lo primero con lo que nos encontramos es la plaza de sponsors para conocer las novedosas propuestas de Vite Porcellanato, Riel Americano, Tersuave, Patagonia Flooring, La Naci\u00f3n, Roca, Telecom, Faplac, Finca La Celia, Sidra 1888, Greennery`s, Bamb\u00fa Guaz\u00fa, Issa Pelba, Canteras, Moldumet, Nurpanel, Col\u00f3n Seguros, Winxs, Gorenje, Candy y de la Municipalidad Del Pilar. Y un exclusivo lugar para los due\u00f1os de casa: Grupo Monarca.<\/p>\n<p style=\"text-align: center;\" align=\"left\">\u00a0<a href=\"https:\/\/quasarcomunicacion.com.ar\/web\/wp-content\/uploads\/2019\/04\/garden.gif\"><img class=\"alignnone\" alt=\"garden\" src=\"https:\/\/quasarcomunicacion.com.ar\/web\/wp-content\/uploads\/2019\/04\/garden.gif\" \/><\/a><\/p>\n<p align=\"left\">Luego el Garden Walk donde tenemos todo para el jard\u00edn y la vida al aire libre. All\u00ed podremos visitar los espacios de Malibu Outside Furniture, Estudio Prana, Blumen, Biofogones, Grupo Yalca \/ Chef Pattiserie, Trimetals, La Cioppa Macetas y Sombrearte (Chapas Artesanales).<\/p>\n<p align=\"left\">Durante todo el recorrido vamos viendo los espacios de Paisajismo, Decoraci\u00f3n y Showrooms. En estos \u00faltimos, ubicados en el sector Lavanda, encontramos a: Santa Idea &amp; Mar\u00eda Laura Pini, Universidad De Mor\u00f3n, Carpinter\u00eda Barragan, Estudio V, Aruna y Caprichos Del Rey.<\/p>\n<p align=\"left\">Y por \u00faltimo el Paseo de Compras que se transform\u00f3 en un incre\u00edble paseo de emprendedores con opciones imperdibles de marcas como: Fuegos De Reuni\u00f3n, Quiu, Velas De La Ballena, Charles By Celine, Casa Tua, Jesusa &amp; Las Cabrera, Isla Xocolatl, Te+The Hebras Y Blends, Plantery The Plant Market, De La India, Somos Fibra, Airaudo Platero, Dellepiane Spirits, Espacio Constantino, Melisa Domit, Home &amp; Hotel, Ocres Interiorismo, Genaba Home, Nuestras Manos, Kalupi, Treno Deco &amp; Kids, Marcelo Mazzza, Las Del Sur Deco, Las Ricci, Divino Cordero, Mantas De Llama, Metta, Pola Home, Fibras Del Norte , Minima Huella, Sillones Rumary Yvonne Delor.<\/p>\n<p align=\"left\">Y como si todo esto fuera poco, luego de recorrer la muestra pueden descansar y compartir un bocadillo antes de irse. Hay un amplio abanico de opciones gastron\u00f3micas para saciar todos los gustos.<\/p>\n<p align=\"left\">Entre las opciones, est\u00e1 Gara\u00b4s, Haceme Monstruo, La Casita Almac\u00e9n y Cocina Natural, Sandwichs Tandileros, Mocer y Guapaletas.<\/p>\n<p align=\"left\">El paseo gastron\u00f3mico est\u00e1 situado debajo de los a\u00f1ejos \u00e1rboles de hasta 50 a\u00f1os de antig\u00fcedad, logrando as\u00ed que se pueda disfrutar de la naturaleza y se cree una atm\u00f3sfera de paz y tranquilidad al aire libre.<\/p>\n<p align=\"left\">La muestra abre de jueves a domingo de 11 a 19 hs (Domingo de Pascuas, cerrado)<\/p>\n<p><b><span style=\"text-decoration: underline;\"> Ficha T\u00e9cnica:<\/span><\/b><\/p>\n<p><b> Lugar<\/b>: Azzurra Tortugas &#8211; Alejandro Korn 3160, Manuel Alberti.<br \/>\n<b>Fecha<\/b>: Desde el Jueves 28 de Marzo hasta el Domingo 28 de Abril de 2019 inclusive.<\/p>\n<p><b>Horarios de apertura:<\/b> Jueves, Viernes, S\u00e1bados y Domingos de 11 hs. a 19 hs.<br \/>\nDomingo de Pascuas Cerrado.<br \/>\nLunes, Martes y Mi\u00e9rcoles Cerrado.<\/p>\n<p>ENTRADAS: general $ 300; comprando 2 entradas $ 480; jubilados $ 240. Jueves 2&#215;1 a valor de la entrada general. Grupo familiar a partir de 4 personas $ 240 por cada mayor de 12 a\u00f1os. Menor de 12 a\u00f1os, gratis.<\/p>\n<p>Club La Naci\u00f3n 2&#215;1 (por tarjeta) jueves y domingos (a valor de la entrada general).<\/p>\n<p>Club Personal (mostrando app) viernes y s\u00e1bado $ 240<\/p>\n<p>Club Personal (mostrando app) 2&#215;1 domingo (a valor de la entrada general)<\/p>\n<p>Con la entrada valorizada SELLADA y mostrando DNI se puede volver sin cargo los Jueves y Viernes (excepto Viernes Santo). Entada sin cargo no v\u00e1lida para segunda visita.<\/p>\n<p><b>Arte<\/b>: 21 espacios<br \/>\n<b>Decoraci\u00f3n y Showrooms:<\/b> 34 espacios<br \/>\n<b>Paisajismo<\/b>: 11 espacios<br \/>\n<b>Paseo de Compras y Garden Walk:<\/b> 42 espacios<br \/>\n<b>Gastronom\u00eda<\/b>: 6 espacios + el caf\u00e9<\/p>\n<p><b>Predio<\/b>: 2 has<\/p>\n<p><b> Contacto<\/b><br \/>\n<a href=\"https:\/\/www.facebook.com\/estilopilar\"> https:\/\/www.facebook.com\/estilopilar<\/a><br \/>\n<a href=\"http:\/\/www.estilopilar.com.ar\/\"> http:\/\/www.estilopilar.com.ar\/<\/a><\/p>\n<p><b> Sobre de Amigos del Pilar<\/b><\/p>\n<p>Como todos los a\u00f1os anteriores, Estilo Pilar es organizado por Amigos del Pilar, una Asociaci\u00f3n Civil que surgi\u00f3 de la inquietud de un grupo de mujeres con esp\u00edritu solidario que deseaban colaborar y comprometerse con su comunidad. Desde el a\u00f1o 1996 trabajan en el partido de Pilar con la misi\u00f3n de brindar ayuda a ni\u00f1os de escasos recursos en materia de salud odontol\u00f3gica: \u201cUn Pilar con atenci\u00f3n digna para aquellos de bajos recursos\u201d.<br \/>\nPara llevar a cabo esta tarea, en el a\u00f1o 2004 crearon los consultorios odontol\u00f3gicos propios, que funcionaron ininterrumpidamente hasta Octubre del 2014. A partir del 1 de Octubre de ese a\u00f1o iniciaron un nuevo camino. Formularon un nuevo sistema de becas que hace posible que tanto antiguos pacientes, como aquellos nuevos que soliciten atenci\u00f3n, puedan ser atendidos con la financiaci\u00f3n de Amigos del Pilar. Hasta Diciembre de 2017 se atendieron 64.730 chicos y se realizaron 165.289 prestaciones.<br \/>\nEste nuevo proyecto es posible tambi\u00e9n gracias a la ayuda de profesionales solidarios que comprenden la tarea y est\u00e1n involucrados con la obra de la fundaci\u00f3n.<br \/>\nPara m\u00e1s informaci\u00f3n ingresar a <a href=\"http:\/\/www.amigosdelpilar.org.ar\/\"> http:\/\/www.amigosdelpilar.org.ar\/<\/a><\/p>\n<p><span style=\"font-family: Verdana; font-size: xx-small;\"><br \/>\nPara m\u00e1s informaci\u00f3n ingresar a <a href=\"http:\/\/www.amigosdelpilar.org.ar\/\"> http:\/\/www.amigosdelpilar.org.ar\/<\/a><\/span><\/p>\n<p align=\"left\"><span style=\"font-size: small;\"><b><i><span style=\"font-family: Arial;\">Por otras im\u00e1genes, audios o entrevistas no dude en contactarse<\/span><\/i><\/b><\/span><\/p>\n<p align=\"left\">Toda la informaci\u00f3n en <a href=\"http:\/\/www.quasarcomunicacion.com.ar\/web\/estilopilar19\"> www.quasarcomunicacion.com.ar\/web\/estilopilar19<\/a><a href=\"http:\/\/www.quasarcomunicacion.com.ar\/web\/estilopilar18\">\u00a0 <\/a><\/p>\n<table width=\"100%\" border=\"1\">\n<tbody>\n<tr>\n<td><a href=\"https:\/\/www.dropbox.com\/sh\/xwkxr3lflh4bayz\/AACFVDxbSxURGBqDgIY9zV_la?dl=0\" target=\"_blank\" rel=\"noopener noreferrer\"> PRESS KIT ESTILO PILAR 201<\/a>9 (videos, im\u00e1genes,\u00a0 masterplan, logo, c\u00f3mo llegar, etc)<a href=\"https:\/\/quasarcomunicacion.com.ar\/web\/fichatecnica19\/\" target=\"_blank\" rel=\"noopener noreferrer\"> FICHA T\u00c9CNICA DE LA EXPO<\/a><\/p>\n<p><a href=\"https:\/\/quasarcomunicacion.com.ar\/web\/como-llegar-a-estilo-pilar-2019\/\" target=\"_blank\" rel=\"noopener noreferrer\"> C\u00d3MO LLEGAR<\/a><\/p>\n<p><a href=\"https:\/\/drive.google.com\/drive\/folders\/1wyk7yR90rt9XRBj0GJxADRT-Kb1cL4fS\" target=\"_blank\" rel=\"noopener noreferrer\"> IM\u00c1GENES ESPACIOS\u00a0<\/a>(Deco, Paisajismo, Arte, Garden Walk, Paseo de Compras, etc)<\/p>\n<p><a href=\"https:\/\/drive.google.com\/drive\/folders\/1wyk7yR90rt9XRBj0GJxADRT-Kb1cL4fS?usp=sharing_eil&amp;ts=5c9b40f0\" target=\"_blank\" rel=\"noopener noreferrer\"> FOTOS JURA 25\/3<\/a><\/p>\n<p><a href=\"https:\/\/drive.google.com\/open?id=1CJOj8m_o_2GZfkDRwUHVQY-pDBidV9GY\" target=\"_blank\" rel=\"noopener noreferrer\"> FOTOS ENTREGA DE PREMIOS 26\/3<\/a><\/p>\n<p><a href=\"https:\/\/www.dropbox.com\/sh\/3z16xu806zx8dnj\/AAC0oUY39DcEjnnhP6YCGtaMa?dl=0\" target=\"_blank\" rel=\"noopener noreferrer\"> MEMORIAS DESCRIPTIVAS<\/a><\/p>\n<p><a href=\"https:\/\/www.dropbox.com\/s\/6guh36c7envmh6d\/PREMIOS.xlsx?dl=0\" target=\"_blank\" rel=\"noopener noreferrer\"> GANADORES PREMIOS<\/a><\/p>\n<p><a href=\"https:\/\/drive.google.com\/drive\/folders\/14cnFZaVJUdsqfy4GhbY1yvNpEO7CgH1c\" target=\"_blank\" rel=\"noopener noreferrer\"> FOTOS INAUGURACION<\/a><\/p>\n<p><a href=\"https:\/\/goo.gl\/maps\/hwJejwGAvWH2\" target=\"_blank\" rel=\"noopener noreferrer\"> UBICACI\u00d3N\u00a0Alejandro Korn 3160, B1667 Manuel Alberti, Buenos Aires, Argentina<\/a><\/p>\n<p><strong> <a href=\"https:\/\/goo.gl\/forms\/5w3leo9jfvo4pMj63\" target=\"_blank\" rel=\"noopener noreferrer\"> ACREDITACIONES DE PRENSA 2019<\/a>\u00a0(una vez completada la acreditaci\u00f3n deber\u00e1s presentarte con tu DNI en la boleter\u00eda)<\/strong><\/td>\n<\/tr>\n<\/tbody>\n<\/table>\n<p align=\"center\"><span style=\"font-size: small;\"><b><i> Contactos de Prensa<\/i><\/b><\/span><\/p>\n<div align=\"left\">\n<table width=\"100%\" border=\"1\" cellpadding=\"2\" align=\"left\">\n<tbody>\n<tr>\n<td align=\"center\" valign=\"top\" width=\"54%\">\n<p align=\"left\"><strong> <span style=\"color: #ff0000; font-family: Arial; font-size: small;\">Francesca Lisanti<\/span><\/strong><\/p>\n<p><span style=\"font-size: xx-small;\"><span style=\"color: #ff0000;\"> Directo<\/span><b>: <\/b> 0230<\/span><span style=\"font-size: xx-small;\">-4664772<br \/>\n<\/span><span style=\"font-size: xx-small;\"><span style=\"color: #ff0000;\"> Whatsapp<\/span><span style=\"color: #ff0000;\">:<\/span><a href=\"https:\/\/bit.ly\/2J4cUvm\"> 11 5312 6795<\/a><\/span><br \/>\n<span style=\"font-size: small;\"> <a href=\"https:\/\/bit.ly\/2Sn1zLP\">Enviar whatsapp aqu\u00ed<\/a><\/span><span style=\"font-size: xx-small;\"><br \/>\n<\/span><span style=\"color: #ff0000; font-size: xx-small;\"> Skype:<\/span><span style=\"font-size: xx-small;\"> quasarcomunicacion<br \/>\n<\/span><span style=\"color: #ff0000; font-size: xx-small;\"> Twitter:<\/span><span style=\"font-size: xx-small;\"> @quasarpilar<br \/>\n<span style=\"color: #ff0000;\">Instagram y Facebook:<\/span> @quasarcomunicacion<br \/>\n<\/span><span style=\"color: #ff0000; font-size: xx-small;\"> Web:<\/span><b><\/b> <a href=\"http:\/\/www.quasarcomunicacion.com.ar\/\"> <span style=\"font-size: xx-small;\">www.quasarcomunicacion.com.ar<\/span><\/a><span style=\"font-size: xx-small;\"><span style=\"color: #ff0000;\"><br \/>\nMail<\/span><b>:<\/b><\/span><span style=\"font-size: xx-small;\"> <a href=\"mailto:fernanda@quasarcomunicacion.com.ar\"> quasar@quasarcomunicacion.com.ar<\/a><\/span><\/td>\n<td align=\"center\" valign=\"top\" width=\"44%\">\n<p align=\"left\"><span style=\"font-size: medium;\"><strong> <span style=\"color: #808080; font-family: Arial; font-size: small;\"> Mariela Porrini &#8211; Asistente de Cuentas<\/span><\/strong><\/span><\/p>\n<p><span style=\"font-size: xx-small;\"><span style=\"color: #ff0000;\"> Directo<\/span><b>: <\/b> 0230<\/span><span style=\"font-size: xx-small;\">-4664772<br \/>\n<\/span><span style=\"font-size: xx-small;\"><span style=\"color: #ff0000;\"> Whatsapp<\/span><span style=\"color: #ff0000;\">:<\/span><a href=\"https:\/\/bit.ly\/2J4cUvm\"> 11 5312 6795<\/a><\/span><br \/>\n<span style=\"font-size: small;\"> <a href=\"https:\/\/bit.ly\/2Sn1zLP\">Enviar whatsapp aqu\u00ed<\/a><\/span><span style=\"font-size: xx-small;\"><br \/>\n<\/span><span style=\"color: #ff0000; font-size: xx-small;\"> Skype:<\/span><span style=\"font-size: xx-small;\"> quasarcomunicacion<br \/>\n<\/span><span style=\"color: #ff0000; font-size: xx-small;\"> Twitter:<\/span><span style=\"font-size: xx-small;\"> @quasarpilar<br \/>\n<span style=\"color: #ff0000;\">Instagram y Facebook:<\/span> @quasarcomunicacion<br \/>\n<\/span><span style=\"color: #ff0000; font-size: xx-small;\"> Web:<\/span><b><\/b> <a href=\"http:\/\/www.quasarcomunicacion.com.ar\/\"> <span style=\"font-size: xx-small;\">www.quasarcomunicacion.com.ar<\/span><\/a><span style=\"font-size: xx-small;\"><span style=\"color: #ff0000;\"><br \/>\nMail<\/span><b>:<\/b><\/span><span style=\"font-size: xx-small;\"> <a href=\"mailto:fernanda@quasarcomunicacion.com.ar\"> quasar@quasarcomunicacion.com.ar<\/a><\/span><\/td>\n<\/tr>\n<\/tbody>\n<\/table>\n<\/div>\n","protected":false},"excerpt":{"rendered":"<p>Festejando sus 20 a\u00f1os, Estilo Pilar vuelve una vez m\u00e1s a la ciudad que lo vio nacer y podr\u00e1 visitarse [&hellip;]<\/p>\n","protected":false},"author":2,"featured_media":9272,"comment_status":"open","ping_status":"open","sticky":false,"template":"","format":"standard","meta":[],"categories":[2],"tags":[],"_links":{"self":[{"href":"https:\/\/quasarcomunicacion.com.ar\/web\/wp-json\/wp\/v2\/posts\/9279"}],"collection":[{"href":"https:\/\/quasarcomunicacion.com.ar\/web\/wp-json\/wp\/v2\/posts"}],"about":[{"href":"https:\/\/quasarcomunicacion.com.ar\/web\/wp-json\/wp\/v2\/types\/post"}],"author":[{"embeddable":true,"href":"https:\/\/quasarcomunicacion.com.ar\/web\/wp-json\/wp\/v2\/users\/2"}],"replies":[{"embeddable":true,"href":"https:\/\/quasarcomunicacion.com.ar\/web\/wp-json\/wp\/v2\/comments?post=9279"}],"version-history":[{"count":0,"href":"https:\/\/quasarcomunicacion.com.ar\/web\/wp-json\/wp\/v2\/posts\/9279\/revisions"}],"wp:featuredmedia":[{"embeddable":true,"href":"https:\/\/quasarcomunicacion.com.ar\/web\/wp-json\/wp\/v2\/media\/9272"}],"wp:attachment":[{"href":"https:\/\/quasarcomunicacion.com.ar\/web\/wp-json\/wp\/v2\/media?parent=9279"}],"wp:term":[{"taxonomy":"category","embeddable":true,"href":"https:\/\/quasarcomunicacion.com.ar\/web\/wp-json\/wp\/v2\/categories?post=9279"},{"taxonomy":"post_tag","embeddable":true,"href":"https:\/\/quasarcomunicacion.com.ar\/web\/wp-json\/wp\/v2\/tags?post=9279"}],"curies":[{"name":"wp","href":"https:\/\/api.w.org\/{rel}","templated":true}]}}