{"id":9263,"date":"2019-04-02T21:48:16","date_gmt":"2019-04-03T00:48:16","guid":{"rendered":"https:\/\/quasarcomunicacion.com.ar\/web\/?p=9263"},"modified":"2019-04-02T21:48:16","modified_gmt":"2019-04-03T00:48:16","slug":"roca-presente-en-estilo-pilar-2019","status":"publish","type":"post","link":"https:\/\/quasarcomunicacion.com.ar\/web\/roca-presente-en-estilo-pilar-2019\/","title":{"rendered":"ROCA presente en Estilo Pilar 2019"},"content":{"rendered":"<p style=\"text-align: left;\" align=\"center\"><span style=\"font-family: Verdana;\">Hasta el<\/span><span style=\"font-size: small;\"> 28 de abril de 2019 se realizar\u00e1 la 17\u00ba Edici\u00f3n de <b>Estilo Pilar<\/b>, la exposici\u00f3n de decoraci\u00f3n, paisajismo y arte que se realiza a beneficio de los consultorios odontol\u00f3gicos de la instituci\u00f3n. Nuevamente en Pilar, se realizar\u00e1 en AZZURRA, emprendimiento del Grupo Monarca, un exclusivo desarrollo de 69 hect\u00e1reas de riqueza natural atravesada por un arroyo a lo largo de toda su extensi\u00f3n. En esta ocasi\u00f3n, <b>ROCA<\/b>,\u00a0 el productor integral del cuarto de ba\u00f1o se suma como sponsor.<!--more--><\/span><\/p>\n<p align=\"left\"><span style=\"font-family: Verdana; font-size: small;\"><b>ROCA<\/b> estar\u00e1 presente ofreciendo una propuesta de valor para el arquitecto y consumidor final que quiere renovar o construir su ba\u00f1o bajo una misma marca. La empresa se destaca por satisfacer las exigencias del mercado, produciendo el 95% de la oferta que se vende en el pa\u00eds, logrando productos nacionales con los mismos est\u00e1ndares de calidad, dise\u00f1o y tecnolog\u00eda que en el mercado europeo.<\/span><\/p>\n<p align=\"left\">\u00a0<a href=\"https:\/\/quasarcomunicacion.com.ar\/web\/wp-content\/uploads\/2019\/03\/rocalogo.gif\"><img class=\"alignnone\" alt=\"rocalogo\" src=\"https:\/\/quasarcomunicacion.com.ar\/web\/wp-content\/uploads\/2019\/03\/rocalogo.gif\" \/><\/a><\/p>\n<p align=\"left\"><span style=\"font-family: Verdana; font-size: small;\">\u00abLlevamos a\u00f1os de trabajo con el medio ambiente porque en <b>ROCA<\/b> somos conscientes de que el compromiso de todos es lo que nos ayudara a construir un mundo mejor\u00bb, aseguran.<\/span><\/p>\n<p align=\"left\"><span style=\"font-family: Verdana; font-size: small;\">Sponsor oficial de <b>Estilo Pilar 2019<\/b>, <b>ROCA<\/b> presentar\u00e1 en esta edici\u00f3n las nuevas grifer\u00edas monomando (Iconia, Escuadra, Naia, Atlas, L20, Victoria, Coral), recientemente lanzadas al mercado y una nueva serie de porcelana sanitaria, Inspira, para seguir acompa\u00f1ando al cliente a cumplir el sue\u00f1o de vivir en un espacio ameno para disfrutar.<\/span><\/p>\n<p align=\"left\"><span style=\"font-family: Verdana; font-size: small;\">Tambi\u00e9n se podr\u00e1n apreciar las reconocidas l\u00edneas Dama Senso, The Gap y Hall en sus distintas versiones (largo corto, suspendido)<\/span><\/p>\n<p align=\"left\"><span style=\"font-family: Verdana; font-size: small;\"><b>Showroom<\/b>: Av. Del Libertador 7536, CABA<br \/>\n<b>Tel<\/b>: 11 4703-4390<br \/>\n<b>Web<\/b>: www.roca.com.ar<br \/>\n<b>Facebook<\/b>: RocaShowroomArgentina<\/span><\/p>\n<p>&nbsp;<\/p>\n<p><b><span style=\"text-decoration: underline;\"> Ficha T\u00e9cnica:<\/span><\/b><\/p>\n<p><b> Lugar<\/b>: Azzurra Tortugas &#8211; Alejandro Korn 3160, Manuel Alberti.<br \/>\n<b>Fecha<\/b>: Desde el Jueves 28 de Marzo hasta el Domingo 28 de Abril de 2019 inclusive.<\/p>\n<p><b>Horarios de apertura:<\/b> Jueves, Viernes, S\u00e1bados y Domingos de 11 hs. a 19 hs.<br \/>\nDomingo de Pascuas Cerrado.<br \/>\nLunes, Martes y Mi\u00e9rcoles Cerrado.<\/p>\n<p>ENTRADAS: general $ 300; comprando 2 entradas $ 480; jubilados $ 240. Jueves 2&#215;1 a valor de la entrada general. Grupo familiar a partir de 4 personas $ 240 por cada mayor de 12 a\u00f1os. Menor de 12 a\u00f1os, gratis.<\/p>\n<p>Club La Naci\u00f3n 2&#215;1 (por tarjeta) jueves y domingos (a valor de la entrada general).<\/p>\n<p>Club Personal (mostrando app) viernes y s\u00e1bado $ 240<\/p>\n<p>Club Personal (mostrando app) 2&#215;1 domingo (a valor de la entrada general)<\/p>\n<p>Con la entrada valorizada SELLADA y mostrando DNI se puede volver sin cargo los Jueves y Viernes (excepto Viernes Santo). Entada sin cargo no v\u00e1lida para segunda visita.<\/p>\n<p><b>Arte<\/b>: 21 espacios<br \/>\n<b>Decoraci\u00f3n y Showrooms:<\/b> 34 espacios<br \/>\n<b>Paisajismo<\/b>: 11 espacios<br \/>\n<b>Paseo de Compras y Garden Walk:<\/b> 42 espacios<br \/>\n<b>Gastronom\u00eda<\/b>: 6 espacios + el caf\u00e9<\/p>\n<p><b>Predio<\/b>: 2 has<\/p>\n<p><b> Contacto<\/b><br \/>\n<a href=\"https:\/\/www.facebook.com\/estilopilar\"> https:\/\/www.facebook.com\/estilopilar<\/a><br \/>\n<a href=\"http:\/\/www.estilopilar.com.ar\/\"> http:\/\/www.estilopilar.com.ar\/<\/a><\/p>\n<p><b> Sobre de Amigos del Pilar<\/b><\/p>\n<p>Como todos los a\u00f1os anteriores, Estilo Pilar es organizado por Amigos del Pilar, una Asociaci\u00f3n Civil que surgi\u00f3 de la inquietud de un grupo de mujeres con esp\u00edritu solidario que deseaban colaborar y comprometerse con su comunidad. Desde el a\u00f1o 1996 trabajan en el partido de Pilar con la misi\u00f3n de brindar ayuda a ni\u00f1os de escasos recursos en materia de salud odontol\u00f3gica: \u201cUn Pilar con atenci\u00f3n digna para aquellos de bajos recursos\u201d.<br \/>\nPara llevar a cabo esta tarea, en el a\u00f1o 2004 crearon los consultorios odontol\u00f3gicos propios, que funcionaron ininterrumpidamente hasta Octubre del 2014. A partir del 1 de Octubre de ese a\u00f1o iniciaron un nuevo camino. Formularon un nuevo sistema de becas que hace posible que tanto antiguos pacientes, como aquellos nuevos que soliciten atenci\u00f3n, puedan ser atendidos con la financiaci\u00f3n de Amigos del Pilar. Hasta Diciembre de 2017 se atendieron 64.730 chicos y se realizaron 165.289 prestaciones.<br \/>\nEste nuevo proyecto es posible tambi\u00e9n gracias a la ayuda de profesionales solidarios que comprenden la tarea y est\u00e1n involucrados con la obra de la fundaci\u00f3n.<br \/>\nPara m\u00e1s informaci\u00f3n ingresar a <a href=\"http:\/\/www.amigosdelpilar.org.ar\/\"> http:\/\/www.amigosdelpilar.org.ar\/<\/a><\/p>\n<p><span style=\"font-family: Verdana; font-size: xx-small;\"><br \/>\nPara m\u00e1s informaci\u00f3n ingresar a <a href=\"http:\/\/www.amigosdelpilar.org.ar\/\"> http:\/\/www.amigosdelpilar.org.ar\/<\/a><\/span><\/p>\n<p align=\"left\"><span style=\"font-size: small;\"><b><i><span style=\"font-family: Arial;\">Por otras im\u00e1genes, audios o entrevistas no dude en contactarse<\/span><\/i><\/b><\/span><\/p>\n<p align=\"left\">Toda la informaci\u00f3n en <a href=\"http:\/\/www.quasarcomunicacion.com.ar\/web\/estilopilar19\"> www.quasarcomunicacion.com.ar\/web\/estilopilar19<\/a><a href=\"http:\/\/www.quasarcomunicacion.com.ar\/web\/estilopilar18\">\u00a0<\/a><b style=\"font-size: small;\"><i>Contactos de Prensa<\/i><\/b><\/p>\n<div align=\"left\">\n<table width=\"100%\" border=\"1\" cellpadding=\"2\" align=\"left\">\n<tbody>\n<tr>\n<td align=\"center\" valign=\"top\" width=\"54%\">\n<p align=\"left\"><span style=\"font-size: medium;\"><strong> <span style=\"color: #808080; font-family: Arial; font-size: small;\"> Mariela Porrini &#8211; Asistente de Cuentas<\/p>\n<p><\/span> <\/strong><\/span> <span style=\"font-size: xx-small;\"><span style=\"color: #ff0000;\"> Directo<\/span><b>: <\/b> 0230<\/span><span style=\"font-size: xx-small;\">-4664772<br \/>\n<\/span><span style=\"font-size: xx-small;\"><span style=\"color: #ff0000;\"> Whatsapp<\/span><span style=\"color: #ff0000;\">:<\/span><a href=\"https:\/\/bit.ly\/2J4cUvm\"> 11 5312 6795<\/a><\/span><br \/>\n<span style=\"font-size: small;\"> <a href=\"https:\/\/bit.ly\/2Sn1zLP\">Enviar whatsapp aqu\u00ed<\/a><\/span><span style=\"font-size: xx-small;\"><br \/>\n<\/span><span style=\"color: #ff0000; font-size: xx-small;\"> Skype:<\/span><span style=\"font-size: xx-small;\"> quasarcomunicacion<br \/>\n<\/span><span style=\"color: #ff0000; font-size: xx-small;\"> Twitter:<\/span><span style=\"font-size: xx-small;\"> @quasarpilar<br \/>\n<span style=\"color: #ff0000;\">Instagram y Facebook:<\/span> @quasarcomunicacion<br \/>\n<\/span><span style=\"color: #ff0000; font-size: xx-small;\"> Web:<\/span><b><\/b> <a href=\"http:\/\/www.quasarcomunicacion.com.ar\/\"> <span style=\"font-size: xx-small;\">www.quasarcomunicacion.com.ar<\/span><\/a><span style=\"font-size: xx-small;\"><span style=\"color: #ff0000;\"><br \/>\nMail<\/span><b>:<\/b><\/span><span style=\"font-size: xx-small;\"> <a href=\"mailto:fernanda@quasarcomunicacion.com.ar\"> quasar@quasarcomunicacion.com.ar<\/a><\/span><\/p>\n<\/td>\n<td align=\"center\" valign=\"top\" width=\"44%\">\n<p align=\"right\"><span style=\"font-size: medium;\"><strong> <span style=\"color: #808080; font-family: Arial; font-size: small;\"> Lic. Mar\u00eda Fernanda Ipata &#8211; Directora<br \/>\n<\/span> <\/strong><\/span> <span style=\"font-size: xx-small;\"><span style=\"color: #ff0000;\"><br \/>\n<\/span> <span style=\"color: #ff0000;\">M\u00f3vil:<\/span><b> <\/b> 0230<\/span><span style=\"font-size: xx-small;\">-15-4584535<br \/>\n<\/span><span style=\"font-size: xx-small;\"><span style=\"color: #ff0000;\"> Whatsapp<\/span><span style=\"color: #ff0000;\">:<\/span> <a href=\"https:\/\/bit.ly\/2J4cUvm\"> 0230<\/a><\/span><span style=\"font-size: xx-small;\"><a href=\"https:\/\/bit.ly\/2J4cUvm\">-15-4584535<\/a><\/span><br \/>\n<a href=\"https:\/\/bit.ly\/2J4cUvm\"> <span style=\"font-size: small;\">Enviar whatsapp aqu\u00ed<\/span><\/a><span style=\"font-size: small;\"><br \/>\n<\/span><span style=\"color: #ff0000; font-size: xx-small;\"> Skype:<\/span><span style=\"font-size: xx-small;\"> quasarcomunicacion<br \/>\n<\/span><span style=\"font-size: xx-small;\"> <span style=\"color: #ff0000;\">LinkedIn<\/span><b>:\u00a0 <\/b><\/span> <span style=\"font-size: xx-small;\"><b> <a href=\"http:\/\/www.linkedin.com\/in\/mfipata\"> http:\/\/www.linkedin.com\/in\/mfipata<\/a><\/b><\/span><br \/>\n<span style=\"font-size: xx-small;\"> <a href=\"https:\/\/www.linkedin.com\/company\/quasarcomunicacion\"> https:\/\/www.linkedin.com\/company\/quasarcomunicacion<\/a><br \/>\n<\/span><span style=\"color: #ff0000; font-size: xx-small;\"> Web:<\/span><b><\/b> <a href=\"http:\/\/www.quasarcomunicacion.com.ar\/\"> <span style=\"font-size: xx-small;\">www.quasarcomunicacion.com.ar<\/span><\/a><span style=\"font-size: xx-small;\"><br \/>\n<\/span><span style=\"font-size: xx-small;\"> <span style=\"color: #ff0000;\"> Mail<\/span><b>:<\/b><\/span><span style=\"font-size: xx-small;\"><a href=\"mailto:fernanda@quasarcomunicacion.com.ar\"> fernanda@quasarcomunicacion.com.ar<\/a><\/span><span style=\"color: #808080; font-size: xx-small;\">\u00a0 <\/span><\/p>\n<\/td>\n<\/tr>\n<\/tbody>\n<\/table>\n<\/div>\n","protected":false},"excerpt":{"rendered":"<p>Hasta el 28 de abril de 2019 se realizar\u00e1 la 17\u00ba Edici\u00f3n de Estilo Pilar, la exposici\u00f3n de decoraci\u00f3n, paisajismo [&hellip;]<\/p>\n","protected":false},"author":2,"featured_media":9129,"comment_status":"open","ping_status":"open","sticky":false,"template":"","format":"standard","meta":[],"categories":[2],"tags":[],"_links":{"self":[{"href":"https:\/\/quasarcomunicacion.com.ar\/web\/wp-json\/wp\/v2\/posts\/9263"}],"collection":[{"href":"https:\/\/quasarcomunicacion.com.ar\/web\/wp-json\/wp\/v2\/posts"}],"about":[{"href":"https:\/\/quasarcomunicacion.com.ar\/web\/wp-json\/wp\/v2\/types\/post"}],"author":[{"embeddable":true,"href":"https:\/\/quasarcomunicacion.com.ar\/web\/wp-json\/wp\/v2\/users\/2"}],"replies":[{"embeddable":true,"href":"https:\/\/quasarcomunicacion.com.ar\/web\/wp-json\/wp\/v2\/comments?post=9263"}],"version-history":[{"count":0,"href":"https:\/\/quasarcomunicacion.com.ar\/web\/wp-json\/wp\/v2\/posts\/9263\/revisions"}],"wp:featuredmedia":[{"embeddable":true,"href":"https:\/\/quasarcomunicacion.com.ar\/web\/wp-json\/wp\/v2\/media\/9129"}],"wp:attachment":[{"href":"https:\/\/quasarcomunicacion.com.ar\/web\/wp-json\/wp\/v2\/media?parent=9263"}],"wp:term":[{"taxonomy":"category","embeddable":true,"href":"https:\/\/quasarcomunicacion.com.ar\/web\/wp-json\/wp\/v2\/categories?post=9263"},{"taxonomy":"post_tag","embeddable":true,"href":"https:\/\/quasarcomunicacion.com.ar\/web\/wp-json\/wp\/v2\/tags?post=9263"}],"curies":[{"name":"wp","href":"https:\/\/api.w.org\/{rel}","templated":true}]}}