{"id":9260,"date":"2019-04-04T21:43:37","date_gmt":"2019-04-05T00:43:37","guid":{"rendered":"https:\/\/quasarcomunicacion.com.ar\/web\/?p=9260"},"modified":"2019-04-04T21:43:37","modified_gmt":"2019-04-05T00:43:37","slug":"estilo-pilar-2019-premio-a-los-mejores-decoradores","status":"publish","type":"post","link":"https:\/\/quasarcomunicacion.com.ar\/web\/estilo-pilar-2019-premio-a-los-mejores-decoradores\/","title":{"rendered":"Estilo Pilar 2019 premi\u00f3 a los mejores decoradores"},"content":{"rendered":"<p style=\"text-align: left;\" align=\"center\">\u00a0<span style=\"font-family: Verdana; font-size: small;\">En esta 17\u00b0 edici\u00f3n, <b> Estilo Pilar <\/b>vuelve a sus ra\u00edces y presenta su muestra en el partido de Pilar. Se podr\u00e1 visitar hasta el 28 de abril en Azzurra Tortugas (Alejandro Korn 3160, Pilar), un nuevo emprendimiento inmobiliario del Grupo Monarca. Donde, teniendo en cuenta las extensas hect\u00e1reas con \u00e1rboles de hasta 50 a\u00f1os, los decoradores crearon sus propios espacios reflejando todo aquello relacionado a la tierra y la naturaleza.<!--more--><\/span><\/p>\n<p><a href=\"https:\/\/quasarcomunicacion.com.ar\/web\/wp-content\/uploads\/2019\/04\/matera.gif\"><img class=\"alignnone\" alt=\"matera\" src=\"https:\/\/quasarcomunicacion.com.ar\/web\/wp-content\/uploads\/2019\/04\/matera.gif\" \/><\/a><br \/>\n<b><span style=\"font-family: Verdana; font-size: xx-small;\">Loly Albasini- \u201cNuestra Matera\u201d <\/span><\/b><\/p>\n<p><span style=\"font-family: Verdana; font-size: small;\">Se utiliza el arte org\u00e1nico como hilo conductor y nos encontramos con colores claros, as\u00ed como los colores tierra para las bases elegidas por los dise\u00f1adores para ambientar el segmento de decoraci\u00f3n, estrategia que ha colmado ampliamente las expectativas all\u00ed depositadas.<\/span><\/p>\n<p><span style=\"font-family: Verdana; font-size: small;\">El espacio destinado a las muestras de decoraci\u00f3n de interiores es sin dudas uno de los principales atractivos que presenta la muestra en este 2019. En este nuevo a\u00f1o, la estructura del sector permite a los visitantes disfrutar de amplios y modernos ambientes donde, si bien la distribuci\u00f3n de cada uno fue elaborada por una personalidad diferente, la trama naturalista se mantiene.<\/span><\/p>\n<p><a href=\"https:\/\/quasarcomunicacion.com.ar\/web\/wp-content\/uploads\/2019\/04\/frola.gif\"><img class=\"alignnone\" alt=\"frola\" src=\"https:\/\/quasarcomunicacion.com.ar\/web\/wp-content\/uploads\/2019\/04\/frola.gif\" \/><\/a><br \/>\n<b><span style=\"font-family: Verdana; font-size: xx-small;\">Nadal\/Frola- \u201cUn Instante\u201d<\/span><\/b><\/p>\n<p><span style=\"font-family: Verdana; font-size: small;\">Los colores claros y tonalidades suaves son las variables que se repiten en cada uno de estos sectores, nunca saliendo de la gama de marrones y verdes. Estos ayudan a generar una sensaci\u00f3n de amplitud dentro de los ambientes decorados. Se han tenido en cuenta tambi\u00e9n el uso de todos aquellos colores m\u00e1s oscuros, que complementan la misma naturaleza y la tierra de la cual surgen las ideas para los galpones decorados. <\/span><\/p>\n<p><span style=\"font-family: Verdana; font-size: small;\">Adem\u00e1s, los mismos expositores han comentado al pasar que en esta edici\u00f3n se ha tenido una especial atenci\u00f3n a los detalles, principalmente a aquellos singulares que hacen al d\u00eda a d\u00eda y fomentan la espontaneidad y comodidad del individuo promedio.<\/span><\/p>\n<p><span style=\"font-family: Verdana; font-size: small;\">Loly Albasini, ganadora del primer premio <b>ESTILO PILAR<\/b> por su espacio \u201cNuestra Matera\u201d, cuenta que su inspiraci\u00f3n fue \u00abla resemantizaci\u00f3n de una t\u00edpica matera argentina. No quer\u00eda caer en la tem\u00e1tica reiterada de los cueros, la madera y el hierro, por lo que se seleccionaron materiales de aspecto natural y c\u00e1lido, utilizando la paleta de los verdes\u00bb.<\/span><\/p>\n<p><span style=\"font-family: Verdana; font-size: small;\">De esta forma gener\u00f3 un lugar de encuentro distendido, revalorizando s\u00edmbolos propios argentinos como la imagen de la virgen y las estrofas del Himno y con ello logrando una atm\u00f3sfera muy nuestra sin caer en el t\u00edpico ambiente campestre. Perfecto para el disfrute tanto por hombres como mujeres. <\/span><\/p>\n<p><a href=\"https:\/\/quasarcomunicacion.com.ar\/web\/wp-content\/uploads\/2019\/04\/calamante.gif\"><img class=\"alignnone\" alt=\"calamante\" src=\"https:\/\/quasarcomunicacion.com.ar\/web\/wp-content\/uploads\/2019\/04\/calamante.gif\" \/><\/a><br \/>\n<b><span style=\"font-family: Verdana; font-size: xx-small;\">In\u00e9s Calamante- \u201cECO Working\u201d <\/span><\/b><\/p>\n<p><span style=\"font-family: Verdana; font-size: small;\">En el evento de apertura se premi\u00f3 a los mejores (ver listado debajo)<\/span><\/p>\n<p><b><span style=\"font-family: Verdana; font-size: small;\">El jurado <\/span><\/b><\/p>\n<p><span style=\"font-family: Verdana; font-size: small;\">El jurado de Decoraci\u00f3n estuvo integrado por Laura Ocampo, Veronica Stegmann y Clara Traverso. Adem\u00e1s de representantes de los sponsors: Ignacio Boero (VITE ),\u00a0 Gustavo Molinero, Jorgelina Carri\u00f3 y Camila Iturriaga (FAPLAC), Cristina Ciancio (CANTERAS), Viviana Morgante<br \/>\ny Silvina Bonisolo (ROCA), Mar\u00eda Fernanda Domato y Natalia Colosina (TERSUAVE ),<br \/>\nClaudia Collado (PATAGONIA ) y Leila Hernandez (MOLDUMET).<\/span><\/p>\n<p><b><span style=\"font-family: Verdana; font-size: small;\">Todos los premiados<\/span><\/b><\/p>\n<p><span style=\"font-family: Verdana; font-size: small;\">&#8211; Primer Premio Estilo Pilar: Loly Albasini- \u201cNuestra Matera\u201d <\/span><\/p>\n<p><span style=\"font-family: Verdana; font-size: small;\">&#8211; Menci\u00f3n Estilo Pilar: BELTRAMO\/COIRINI: \u201cJAPANDI CHILL OUT\u201d <\/span><\/p>\n<p><span style=\"font-family: Verdana; font-size: small;\">&#8211; Primer Premio Dara: Nadal\/Frola- \u201cUn Instante\u201d <\/span><\/p>\n<p><span style=\"font-family: Verdana; font-size: small;\">&#8211; Menci\u00f3n Dara: Johan Deco-\u201cLiving de artista\u201d <\/span><\/p>\n<p><span style=\"font-family: Verdana; font-size: small;\">&#8211; Premio Living a la mejor idea: Familia Echaide- \u201cCocina Org\u00e1nica\u201d <\/span><\/p>\n<p><span style=\"font-family: Verdana; font-size: small;\">&#8211; Primer Premio FAPLAC: In\u00e9s Calamante- \u201cECO Working\u201d <\/span><\/p>\n<p><span style=\"font-family: Verdana; font-size: small;\">&#8211; Menci\u00f3n FAPLAC: Modulus- \u201cHouse of Chef\u201d <\/span><\/p>\n<p><span style=\"font-family: Verdana; font-size: small;\">&#8211; Primer Premio MOLDUMET (mejor aplicaci\u00f3n t\u00e9cnica de producto):Carmela Carey- \u201cParecido pero no iguales\u201d <\/span><\/p>\n<p><span style=\"font-family: Verdana; font-size: small;\">&#8211; Menci\u00f3n MOLDUMET: Johan Deco- \u201cLiving de artista\u201d <\/span><\/p>\n<p><span style=\"font-family: Verdana; font-size: small;\">&#8211; Mejor aplicaci\u00f3n Canteras del Mundo: Modulus- \u201cHouse of Chef\u201d <\/span><\/p>\n<p><span style=\"font-family: Verdana; font-size: small;\">&#8211; Primer Premio Roca (mejor dise\u00f1o de ba\u00f1o):Horacio Zucker y Mora Kestelman- \u201cPerludio\u201d <\/span><\/p>\n<p><span style=\"font-family: Verdana; font-size: small;\">&#8211; Menci\u00f3n Especial Roca: Carmela Carey- \u201cParecido pero no iguales\u201d <\/span><\/p>\n<p><span style=\"font-family: Verdana; font-size: small;\">&#8211; Primer Premio Tersuave: Johan Deco- \u201cLiving de artista\u201d <\/span><\/p>\n<p><span style=\"font-family: Verdana; font-size: small;\">&#8211; Menci\u00f3n Tersuave: Loly Albasini \u201cNuestra Matera\u201d <\/span><\/p>\n<p><span style=\"font-family: Verdana; font-size: small;\">&#8211; Primer Premio Patagonia: Loly Albasini \u201cNuestra Matera\u201d <\/span><\/p>\n<p><span style=\"font-family: Verdana; font-size: small;\">&#8211; Menci\u00f3n Patagonia (honor a la creatividad): Johan Deco- \u201cLiving de artista <\/span><\/p>\n<p><span style=\"font-family: Verdana; font-size: small;\">&#8211; Primer Premio Vite Porcellanato (mejor aplicaci\u00f3n de producto): Carmela Carey- \u201cParecido pero no iguales\u201d <\/span><\/p>\n<p><span style=\"font-family: Verdana; font-size: small;\">&#8211; Menci\u00f3n Vite Porcellanato: Modulus- \u201cHouse of Chef\u201d<\/span><\/p>\n<p><span style=\"font-family: Verdana; font-size: small;\">Tambi\u00e9n se premiaron los mejores showrooms:<\/span><\/p>\n<p><span style=\"font-family: Verdana; font-size: small;\">Carpinter\u00eda Barrag\u00e1n con su espacio \u00abLLEGAR A CASA\u00bb recibi\u00f3 la Menci\u00f3n Estilo Pilar, lo mismo que Estudio V con el espacio \u00abALMACEN DE RAMOS GENERALES\u00bb\u00a0 <\/span><\/p>\n<p><b><span style=\"text-decoration: underline;\"> Ficha T\u00e9cnica:<\/span><\/b><\/p>\n<p><b> Lugar<\/b>: Azzurra Tortugas &#8211; Alejandro Korn 3160, Manuel Alberti.<br \/>\n<b>Fecha<\/b>: Desde el Jueves 28 de Marzo hasta el Domingo 28 de Abril de 2019 inclusive.<\/p>\n<p><b>Horarios de apertura:<\/b> Jueves, Viernes, S\u00e1bados y Domingos de 11 hs. a 19 hs.<br \/>\nDomingo de Pascuas Cerrado.<br \/>\nLunes, Martes y Mi\u00e9rcoles Cerrado.<\/p>\n<p>ENTRADAS: general $ 300; comprando 2 entradas $ 480; jubilados $ 240. Jueves 2&#215;1 a valor de la entrada general. Grupo familiar a partir de 4 personas $ 240 por cada mayor de 12 a\u00f1os. Menor de 12 a\u00f1os, gratis.<\/p>\n<p>Club La Naci\u00f3n 2&#215;1 (por tarjeta) jueves y domingos (a valor de la entrada general).<\/p>\n<p>Club Personal (mostrando app) viernes y s\u00e1bado $ 240<\/p>\n<p>Club Personal (mostrando app) 2&#215;1 domingo (a valor de la entrada general)<\/p>\n<p>Con la entrada valorizada SELLADA y mostrando DNI se puede volver sin cargo los Jueves y Viernes (excepto Viernes Santo). Entada sin cargo no v\u00e1lida para segunda visita.<\/p>\n<p><b>Arte<\/b>: 21 espacios<br \/>\n<b>Decoraci\u00f3n y Showrooms:<\/b> 34 espacios<br \/>\n<b>Paisajismo<\/b>: 11 espacios<br \/>\n<b>Paseo de Compras y Garden Walk:<\/b> 42 espacios<br \/>\n<b>Gastronom\u00eda<\/b>: 6 espacios + el caf\u00e9<\/p>\n<p><b>Predio<\/b>: 2 has<\/p>\n<p><b> Contacto<\/b><br \/>\n<a href=\"https:\/\/www.facebook.com\/estilopilar\"> https:\/\/www.facebook.com\/estilopilar<\/a><br \/>\n<a href=\"http:\/\/www.estilopilar.com.ar\/\"> http:\/\/www.estilopilar.com.ar\/<\/a><\/p>\n<p><b> Sobre de Amigos del Pilar<\/b><\/p>\n<p>Como todos los a\u00f1os anteriores, Estilo Pilar es organizado por Amigos del Pilar, una Asociaci\u00f3n Civil que surgi\u00f3 de la inquietud de un grupo de mujeres con esp\u00edritu solidario que deseaban colaborar y comprometerse con su comunidad. Desde el a\u00f1o 1996 trabajan en el partido de Pilar con la misi\u00f3n de brindar ayuda a ni\u00f1os de escasos recursos en materia de salud odontol\u00f3gica: \u201cUn Pilar con atenci\u00f3n digna para aquellos de bajos recursos\u201d.<br \/>\nPara llevar a cabo esta tarea, en el a\u00f1o 2004 crearon los consultorios odontol\u00f3gicos propios, que funcionaron ininterrumpidamente hasta Octubre del 2014. A partir del 1 de Octubre de ese a\u00f1o iniciaron un nuevo camino. Formularon un nuevo sistema de becas que hace posible que tanto antiguos pacientes, como aquellos nuevos que soliciten atenci\u00f3n, puedan ser atendidos con la financiaci\u00f3n de Amigos del Pilar. Hasta Diciembre de 2017 se atendieron 64.730 chicos y se realizaron 165.289 prestaciones.<br \/>\nEste nuevo proyecto es posible tambi\u00e9n gracias a la ayuda de profesionales solidarios que comprenden la tarea y est\u00e1n involucrados con la obra de la fundaci\u00f3n.<br \/>\nPara m\u00e1s informaci\u00f3n ingresar a <a href=\"http:\/\/www.amigosdelpilar.org.ar\/\"> http:\/\/www.amigosdelpilar.org.ar\/<\/a><\/p>\n<p><span style=\"font-family: Verdana; font-size: xx-small;\"><br \/>\nPara m\u00e1s informaci\u00f3n ingresar a <a href=\"http:\/\/www.amigosdelpilar.org.ar\/\"> http:\/\/www.amigosdelpilar.org.ar\/<\/a><\/span><\/p>\n<p align=\"left\"><span style=\"font-size: small;\"><b><i><span style=\"font-family: Arial;\">Por otras im\u00e1genes, audios o entrevistas no dude en contactarse<\/span><\/i><\/b><\/span><\/p>\n<p align=\"left\">Toda la informaci\u00f3n en <a href=\"http:\/\/www.quasarcomunicacion.com.ar\/web\/estilopilar19\"> www.quasarcomunicacion.com.ar\/web\/estilopilar19<\/a><a href=\"http:\/\/www.quasarcomunicacion.com.ar\/web\/estilopilar18\">\u00a0 <\/a><\/p>\n<table width=\"100%\" border=\"1\">\n<tbody>\n<tr>\n<td><a href=\"https:\/\/www.dropbox.com\/sh\/xwkxr3lflh4bayz\/AACFVDxbSxURGBqDgIY9zV_la?dl=0\" target=\"_blank\" rel=\"noopener noreferrer\"> PRESS KIT ESTILO PILAR 201<\/a>9 (videos, im\u00e1genes,\u00a0 masterplan, logo, c\u00f3mo llegar, etc)<a href=\"https:\/\/quasarcomunicacion.com.ar\/web\/fichatecnica19\/\" target=\"_blank\" rel=\"noopener noreferrer\"> FICHA T\u00c9CNICA DE LA EXPO<\/a><\/p>\n<p><a href=\"https:\/\/quasarcomunicacion.com.ar\/web\/como-llegar-a-estilo-pilar-2019\/\" target=\"_blank\" rel=\"noopener noreferrer\"> C\u00d3MO LLEGAR<\/a><\/p>\n<p><a href=\"https:\/\/drive.google.com\/drive\/folders\/1wyk7yR90rt9XRBj0GJxADRT-Kb1cL4fS\" target=\"_blank\" rel=\"noopener noreferrer\"> IM\u00c1GENES ESPACIOS\u00a0<\/a>(Deco, Paisajismo, Arte, Garden Walk, Paseo de Compras, etc)<\/p>\n<p><a href=\"https:\/\/drive.google.com\/drive\/folders\/1wyk7yR90rt9XRBj0GJxADRT-Kb1cL4fS?usp=sharing_eil&amp;ts=5c9b40f0\" target=\"_blank\" rel=\"noopener noreferrer\"> FOTOS JURA 25\/3<\/a><\/p>\n<p><a href=\"https:\/\/drive.google.com\/open?id=1CJOj8m_o_2GZfkDRwUHVQY-pDBidV9GY\" target=\"_blank\" rel=\"noopener noreferrer\"> FOTOS ENTREGA DE PREMIOS 26\/3<\/a><\/p>\n<p><a href=\"https:\/\/www.dropbox.com\/sh\/3z16xu806zx8dnj\/AAC0oUY39DcEjnnhP6YCGtaMa?dl=0\" target=\"_blank\" rel=\"noopener noreferrer\"> MEMORIAS DESCRIPTIVAS<\/a><\/p>\n<p><a href=\"https:\/\/www.dropbox.com\/s\/6guh36c7envmh6d\/PREMIOS.xlsx?dl=0\" target=\"_blank\" rel=\"noopener noreferrer\"> GANADORES PREMIOS<\/a><\/p>\n<p><a href=\"https:\/\/drive.google.com\/drive\/folders\/14cnFZaVJUdsqfy4GhbY1yvNpEO7CgH1c\" target=\"_blank\" rel=\"noopener noreferrer\"> FOTOS INAUGURACION<\/a><\/p>\n<p><a href=\"https:\/\/goo.gl\/maps\/hwJejwGAvWH2\" target=\"_blank\" rel=\"noopener noreferrer\"> UBICACI\u00d3N\u00a0Alejandro Korn 3160, B1667 Manuel Alberti, Buenos Aires, Argentina<\/a><\/p>\n<p><strong> <a href=\"https:\/\/goo.gl\/forms\/5w3leo9jfvo4pMj63\" target=\"_blank\" rel=\"noopener noreferrer\"> ACREDITACIONES DE PRENSA 2019<\/a>\u00a0(una vez completada la acreditaci\u00f3n deber\u00e1s presentarte con tu DNI en la boleter\u00eda)<\/strong><\/td>\n<\/tr>\n<\/tbody>\n<\/table>\n<p align=\"center\"><span style=\"font-size: small;\"><b><i> Contactos de Prensa<\/i><\/b><\/span><\/p>\n<div align=\"left\">\n<table width=\"100%\" border=\"1\" cellpadding=\"2\" align=\"left\">\n<tbody>\n<tr>\n<td align=\"center\" valign=\"top\" width=\"54%\">\n<p align=\"left\"><strong> <span style=\"color: #ff0000; font-family: Arial; font-size: small;\">Francesca Lisanti<\/span><\/strong><\/p>\n<p><span style=\"font-size: xx-small;\"><span style=\"color: #ff0000;\"> Directo<\/span><b>: <\/b> 0230<\/span><span style=\"font-size: xx-small;\">-4664772<br \/>\n<\/span><span style=\"font-size: xx-small;\"><span style=\"color: #ff0000;\"> Whatsapp<\/span><span style=\"color: #ff0000;\">:<\/span><a href=\"https:\/\/bit.ly\/2J4cUvm\"> 11 5312 6795<\/a><\/span><br \/>\n<span style=\"font-size: small;\"> <a href=\"https:\/\/bit.ly\/2Sn1zLP\">Enviar whatsapp aqu\u00ed<\/a><\/span><span style=\"font-size: xx-small;\"><br \/>\n<\/span><span style=\"color: #ff0000; font-size: xx-small;\"> Skype:<\/span><span style=\"font-size: xx-small;\"> quasarcomunicacion<br \/>\n<\/span><span style=\"color: #ff0000; font-size: xx-small;\"> Twitter:<\/span><span style=\"font-size: xx-small;\"> @quasarpilar<br \/>\n<span style=\"color: #ff0000;\">Instagram y Facebook:<\/span> @quasarcomunicacion<br \/>\n<\/span><span style=\"color: #ff0000; font-size: xx-small;\"> Web:<\/span><b><\/b> <a href=\"http:\/\/www.quasarcomunicacion.com.ar\/\"> <span style=\"font-size: xx-small;\">www.quasarcomunicacion.com.ar<\/span><\/a><span style=\"font-size: xx-small;\"><span style=\"color: #ff0000;\"><br \/>\nMail<\/span><b>:<\/b><\/span><span style=\"font-size: xx-small;\"> <a href=\"mailto:fernanda@quasarcomunicacion.com.ar\"> quasar@quasarcomunicacion.com.ar<\/a><\/span><\/td>\n<td align=\"center\" valign=\"top\" width=\"44%\">\n<p align=\"left\"><span style=\"font-size: medium;\"><strong> <span style=\"color: #808080; font-family: Arial; font-size: small;\"> Mariela Porrini &#8211; Asistente de Cuentas<\/span><\/strong><\/span><\/p>\n<p><span style=\"font-size: xx-small;\"><span style=\"color: #ff0000;\"> Directo<\/span><b>: <\/b> 0230<\/span><span style=\"font-size: xx-small;\">-4664772<br \/>\n<\/span><span style=\"font-size: xx-small;\"><span style=\"color: #ff0000;\"> Whatsapp<\/span><span style=\"color: #ff0000;\">:<\/span><a href=\"https:\/\/bit.ly\/2J4cUvm\"> 11 5312 6795<\/a><\/span><br \/>\n<span style=\"font-size: small;\"> <a href=\"https:\/\/bit.ly\/2Sn1zLP\">Enviar whatsapp aqu\u00ed<\/a><\/span><span style=\"font-size: xx-small;\"><br \/>\n<\/span><span style=\"color: #ff0000; font-size: xx-small;\"> Skype:<\/span><span style=\"font-size: xx-small;\"> quasarcomunicacion<br \/>\n<\/span><span style=\"color: #ff0000; font-size: xx-small;\"> Twitter:<\/span><span style=\"font-size: xx-small;\"> @quasarpilar<br \/>\n<span style=\"color: #ff0000;\">Instagram y Facebook:<\/span> @quasarcomunicacion<br \/>\n<\/span><span style=\"color: #ff0000; font-size: xx-small;\"> Web:<\/span><b><\/b> <a href=\"http:\/\/www.quasarcomunicacion.com.ar\/\"> <span style=\"font-size: xx-small;\">www.quasarcomunicacion.com.ar<\/span><\/a><span style=\"font-size: xx-small;\"><span style=\"color: #ff0000;\"><br \/>\nMail<\/span><b>:<\/b><\/span><span style=\"font-size: xx-small;\"> <a href=\"mailto:fernanda@quasarcomunicacion.com.ar\"> quasar@quasarcomunicacion.com.ar<\/a><\/span><\/td>\n<\/tr>\n<\/tbody>\n<\/table>\n<\/div>\n","protected":false},"excerpt":{"rendered":"<p>\u00a0En esta 17\u00b0 edici\u00f3n, Estilo Pilar vuelve a sus ra\u00edces y presenta su muestra en el partido de Pilar. Se [&hellip;]<\/p>\n","protected":false},"author":2,"featured_media":9252,"comment_status":"open","ping_status":"open","sticky":false,"template":"","format":"standard","meta":[],"categories":[2],"tags":[],"_links":{"self":[{"href":"https:\/\/quasarcomunicacion.com.ar\/web\/wp-json\/wp\/v2\/posts\/9260"}],"collection":[{"href":"https:\/\/quasarcomunicacion.com.ar\/web\/wp-json\/wp\/v2\/posts"}],"about":[{"href":"https:\/\/quasarcomunicacion.com.ar\/web\/wp-json\/wp\/v2\/types\/post"}],"author":[{"embeddable":true,"href":"https:\/\/quasarcomunicacion.com.ar\/web\/wp-json\/wp\/v2\/users\/2"}],"replies":[{"embeddable":true,"href":"https:\/\/quasarcomunicacion.com.ar\/web\/wp-json\/wp\/v2\/comments?post=9260"}],"version-history":[{"count":0,"href":"https:\/\/quasarcomunicacion.com.ar\/web\/wp-json\/wp\/v2\/posts\/9260\/revisions"}],"wp:featuredmedia":[{"embeddable":true,"href":"https:\/\/quasarcomunicacion.com.ar\/web\/wp-json\/wp\/v2\/media\/9252"}],"wp:attachment":[{"href":"https:\/\/quasarcomunicacion.com.ar\/web\/wp-json\/wp\/v2\/media?parent=9260"}],"wp:term":[{"taxonomy":"category","embeddable":true,"href":"https:\/\/quasarcomunicacion.com.ar\/web\/wp-json\/wp\/v2\/categories?post=9260"},{"taxonomy":"post_tag","embeddable":true,"href":"https:\/\/quasarcomunicacion.com.ar\/web\/wp-json\/wp\/v2\/tags?post=9260"}],"curies":[{"name":"wp","href":"https:\/\/api.w.org\/{rel}","templated":true}]}}