{"id":9159,"date":"2019-03-18T17:44:34","date_gmt":"2019-03-18T20:44:34","guid":{"rendered":"https:\/\/quasarcomunicacion.com.ar\/web\/?p=9159"},"modified":"2019-03-18T17:44:34","modified_gmt":"2019-03-18T20:44:34","slug":"contra-el-estres-y-la-ansiedad-mindfulness-en-pilar-belgrano-y-avellaneda","status":"publish","type":"post","link":"https:\/\/quasarcomunicacion.com.ar\/web\/contra-el-estres-y-la-ansiedad-mindfulness-en-pilar-belgrano-y-avellaneda\/","title":{"rendered":"Contra el estr\u00e9s y la ansiedad: Mindfulness en Pilar, Belgrano y Avellaneda"},"content":{"rendered":"<p style=\"text-align: left;\" align=\"center\"><span style=\"font-family: Verdana; font-size: small;\">\u00a0<\/span>El<b> Centro de Estudios Especializados en Trastornos de Ansiedad (CEETA)<\/b><span style=\"font-family: Verdana;\"> ya abri\u00f3 la inscripci\u00f3n para el <b>Curso de Mindfulness y Regulaci\u00f3n Emocional <\/b>que se realizar\u00e1 en las sedes de Pilar, Belgrano y Avellaneda en el mes de abril.\u00a0 Por m\u00e1s informaci\u00f3n comunicarse escribiendo a info@ceeta.org \/ (011)47886245 \/ (0230) 4667175 de lunes a viernes de 13 a 19 hs. M\u00e1s info en www.ceeta.org\/especialidades\/mindfulness\/ Consultas por WHATSAPP: +54 9 11 4402 7733<!--more--><\/span><\/p>\n<p><span style=\"font-family: Verdana;\"><b> EN\u00a0PILAR<\/b><br \/>\n8 encuentros, de 2 hs de duraci\u00f3n cada uno. Instructores a cargo Alan Hecker y Maggie Singermann<br \/>\nComienza el jueves 25\/4\/19, a las 18.30 hasta las 20.30 hs.<br \/>\nInversi\u00f3n: $5.000 por mes CONTADO EFECTIVO<br \/>\nDirecci\u00f3n: Quintaesencia Hotel &amp; Spa\u00a0(J. Manfredi 1455 a metros de ruta 8) <\/span><\/p>\n<p><span style=\"font-family: Verdana;\"><b> EN\u00a0BELGRANO<\/b><br \/>\nInicia el lunes 8 de abril a las 18hs. Son 8 encuentros, una vez por semana de 75 minutos, a cargo de la licenciada Andrea Juri, especialista en Mindfulness.<br \/>\nInversi\u00f3n: $5.000 mensual.<br \/>\nDirecci\u00f3n: Virrey del Pino 2428, 4to piso oficina 27. Belgrano, CABA. <\/span><\/p>\n<p><span style=\"font-family: Verdana;\"><b> EN AVELLANEDA<\/b><br \/>\nInicia el martes 9 de abril a las 18:30 hs. Son 8 encuentros, una vez por semana de 75 minutos, a cargo de la licenciada Andrea Juri, especialista en Mindfulness.<br \/>\nInversi\u00f3n: $4.800 mensual.<br \/>\nDirecci\u00f3n: Comodoro Rivadavia 4625. Villa Dom\u00e9nico. Avellaneda.<\/span><\/p>\n<p><span style=\"font-family: Verdana;\">La propuesta consiste en un taller te\u00f3rico-pr\u00e1ctico introductorio, a trav\u00e9s del cual los participantes puedan acceder a los conceptos centrales de la pr\u00e1ctica de\u00a0Mindfulness\u00a0junto con ejercicios experienciales introductorios, los cuales permitir\u00e1n la vivencia de los beneficios inmediatos de la pr\u00e1ctica meditativa. <\/span><\/p>\n<p><span style=\"font-family: Verdana;\">Para los que no est\u00e1n familiarizados con la disciplina, vale aclarar que M<\/span><span style=\"font-size: small;\">indfulness no tiene una palabra \u00fanica como traducci\u00f3n del ingl\u00e9s. Es un t\u00e9rmino que viene del Sati y es llamado as\u00ed por Jhon Kabat Zinn, cuyas mejores traducciones son atenci\u00f3n plena o la recta atenci\u00f3n o conciencia plena. <\/span><\/p>\n<p><span style=\"font-size: small;\">Entonces, Mindfulness o atenci\u00f3n plena al momento presente (aqu\u00ed y ahora) consiste en entrenar nuestra mente a focalizarse en el momento presente tal cual es. Atendiendo y diferencian<\/span><span style=\"font-size: small;\">do todos los est\u00edmulos que provienen tanto de lo interno (sensaciones f\u00edsicas, emociones -con sus sensaciones f\u00edsicas, impulsos de acci\u00f3n, eventos que las disparan, pensamientos o creencias que las acompa\u00f1an, para su etiquetado y gesti\u00f3n &#8211; y pensamientos en sus diferentes formas (cr\u00edticas, autocr\u00edticas, recuerdos, anticipatorios, categorizaci\u00f3n o juicios, creencias, conceptos &#8230;) Como as\u00ed tambi\u00e9n de los est\u00edmulos externos (captados por los 8 sentidos). <\/span><\/p>\n<p><span style=\"font-size: small;\"> \u00abMindfulness es un entrenamiento de la \u00fanica funci\u00f3n cognitiva que es posible entrenar y a la vez es la puerta de entrada para que funcionen las dem\u00e1s funciones corticales y especialmente las funciones que se localizan verbalmente en la corteza frontal\u00bb, afirman desde el CEETA. <\/span><\/p>\n<p><span style=\"font-size: small;\">Esa funci\u00f3n que se entrena en el curso es la \u00abatenci\u00f3n\u00bb. Ese aprendizaje, de una nueva habilidad, para el que se inicia, lo comienzan a partir de incorporarla con ejercicios simples, y sobre todo aplic\u00e1ndola en las actividades cotidianas.<\/span><\/p>\n<p><span style=\"font-size: small;\"> Durante el curso se emplean dos formas de pr\u00e1ctica: una formal y otra informal.<br \/>\nPara la mayor\u00eda de las personas comenzar un ejercicio de varios minutos es muy costoso, y muchas veces se asocia la idea de pr\u00e1ctica con esta forma \u00fanicamente. <\/span><\/p>\n<p><span style=\"font-size: small;\"> El inconveniente (seg\u00fan los maestros como Mathieu Ricard) es que es muy dif\u00edcil disponer de una hora o m\u00e1s por d\u00eda &#8230; pero si tal vez dispongamos de unos minutos por hora para entrenar la atenci\u00f3n de forma amorosa hacia el momento presente. Y est\u00e1 forma de pr\u00e1ctica puede constituir la base para una \u00abvida min\u00fascula\u00bb junto a las pr\u00e1cticas formales. <\/span><\/p>\n<p><span style=\"font-size: small;\"> El maestro sostiene que es preferible pocos minutos de respiraci\u00f3n consciente (que es un modo de entrenar la conciencia) a una sola vez de pr\u00e1ctica formal de una hora pero cada dos o tres semanas por falta de tiempo para hacerlo en lo cotidiano. <\/span><\/p>\n<p><span style=\"font-size: small;\"> Los cuadros en los que est\u00e1 recomendado el mindfulness van desde cuadros de estr\u00e9s, ansiedad, inconvenientes de regulaci\u00f3n emocional, efectividad interpersonal, dolor f\u00edsico y dolor emocional, entrenamiento en disciplinas de alto rendimiento y resulta muy \u00fatil en el trastorno de estr\u00e9s postraum\u00e1tico en trauma simple y trauma complejo. Se recomienda terapia para la depresi\u00f3n basada en mindfulness, terapia de pareja basado en municiones, as\u00ed como tambi\u00e9n en el entrenamiento en autocompasi\u00f3n y compasi\u00f3n que son frutos de la para pr\u00e1ctica de mindfulness como as\u00ed tambi\u00e9n la ecuanimidad y la benevolencia. <\/span><\/p>\n<p><span style=\"font-size: small;\"> Entre los beneficios de esta pr\u00e1ctica se destacan: aumenta y optimiza las funciones cognitivas, mayor conexi\u00f3n con la realidad, m\u00e1s conexi\u00f3n interna, aumenta y optimiza la capacidad de tomar decisiones que tienen que ver con lo que uno realmente quiere para su vida de acuerdo a sus propios valores, aumenta la empat\u00eda y compasi\u00f3n con uno mismo y con el resto del universo, y algo muy poderoso aumenta la capacidad de \u00abconformarme\u00bb en el momento presente para construir una vida con significado y es El ant\u00eddoto de la sensaci\u00f3n de vac\u00edo, aumenta la capacidad de abundancia o plenitud, aumenta la conciencia de bienestar y con esto la capacidad de sentirnos felices, aumenta el mejor manejo y gesti\u00f3n de las emociones, optimiza la capacidad de relacionarme con otros obteniendo lo que necesito de los dem\u00e1s y al mismo tiempo aumenta la capacidad de ser m\u00e1s efectivos en los v\u00ednculos<\/span><\/p>\n<p><span style=\"font-size: small;\"> Si tenemos que sintetizar, Mindfulness es conciencia plena en el momento presente que es OBSERVAR: notar la experiencia; DESCRIBIR: etiquetar las experiencias y PARTICIPAR: de la experiencia presente.<\/span><\/p>\n<p><span style=\"font-size: small;\"> <b>\u00bfComo hacemos mindfulness?<\/b><br \/>\nCon actitud de no juzgar, con la mente en una sola cosa por vez, y efectivamente es decir centrados en lo que funciona. <\/span><\/p>\n<p><span style=\"font-size: small;\"> Seg\u00fan la psicolog\u00eda de la conducta se necesitan repetir durante 21 d\u00edas un acto para convertirlo en h\u00e1bito &#8230;. Es esperable que empiece a incorporarse en la vida de los participantes el mindfulness a partir de ese tiempo de participaci\u00f3n del taller haciendo las tareas que se piden (o sea tres semanas). <\/span><\/p>\n<p><span style=\"font-size: small;\"> Los efectos de mindfulness se consiguen ya con las primeras ejercicios. Dice la literatura que una sola meditaci\u00f3n o pr\u00e1ctica produce cambios a nivel cerebral en la mayor interconectividad neuronal. <\/span><\/p>\n<p><span style=\"font-size: small;\"> Los destinatarios de este taller son todo aquella persona que quiere conocerse m\u00e1s y sentirse mejor consigo misma y con los dem\u00e1s. Especialmente j\u00f3venes y adultos. <\/span><\/p>\n<p><span style=\"font-size: small;\"> Es importante destacar que EL CURSO NO SUPLE LA TERAPIA. <\/span><\/p>\n<p><span style=\"font-size: small;\"> El curso en toda su extensi\u00f3n tiene la impronta de los principios de la psicolog\u00eda cognitiva conductual de tercera ola.\u00a0 En el curso se practica formalmente con ejercicios de pocos segundos (al inicio) hasta de 25\/30 minutos (hacia el final del entrenamiento). <\/span><\/p>\n<p><span style=\"font-size: small;\"> Los ejercicios se mindfulness de las sensaciones f\u00edsicas, de los pensamientos, de las emociones, usamos los momentos de recreo para continuar el entrenamiento en el \u00absaborear\u00bb y ejercitarnos en la conciencia de los 8 sentidos. <\/span><\/p>\n<p><span style=\"font-size: small;\"> A modo de ejemplo, es una pauta clara desde el inicio hablar \u00bbpausado\u00ab\u00a0 Se trata de no dejar espacio para distraernos del momento presente. En general en cada encuentro se repasa la tarea y todos escuchamos atentamente sin juzgar ni criticar lo que el otro experimenta. NO se alienta relatar historias personales ni conductas problemas. <\/span><\/p>\n<p><span style=\"font-size: small;\"> Durante el entrenamiento se ven algunos v\u00eddeos cortos, se repasan aplicaciones del tel\u00e9fono en ingl\u00e9s castellano, se repasa y se recomiendan canales de Youtube con meditaciones guiadas, se estimula la b\u00fasqueda de material y bibliograf\u00eda. <\/span><\/p>\n<p>El <b>Centro de Estudios Especializados en Trastornos de Ansiedad (CEETA)<\/b> tiene su sede central en 46 Plaza, Edificio Agora 3, 1\u00ba piso oficina 109 (Ramal Pilar Km 46). Tel\u00e9fono: \u00a00230-4667175 o al 011-4788-6245 \/ <a href=\"http:\/\/www.ceeta.org\/\"> www.ceeta.org<\/a>\u00a0 Tambi\u00e9n tiene sedes en\u00a0 Parque Patricios, Barrio Norte, Belgrano, San Isidro, Mor\u00f3n, Lomas de Zamora, Avellaneda y Quilmes, entre otras. En <b>facebook<\/b>, la fan page es <a href=\"https:\/\/www.facebook.com\/ansiedad.ceeta\"> https:\/\/www.facebook.com\/ansiedad.ceeta<\/a>\u00a0 <span style=\"font-family: Verdana; font-size: small;\">Consultas por <b>WHATSAPP<\/b>: +54 9 11 4402 7733<\/span><\/p>\n<div align=\"center\"><center><\/p>\n<table width=\"90%\" border=\"0\" cellspacing=\"4\" cellpadding=\"4\">\n<tbody>\n<tr>\n<td bgcolor=\"#ECFFF9\" width=\"100%\"><i> <span style=\"font-family: Verdana; font-size: xx-small;\">El equipo de profesionales del <b>CEETA<\/b><\/span><\/i><span style=\"font-family: Verdana; font-size: xx-small;\"><i> est\u00e1 disponible para consultas o entrevistas sobre el tema. Comunicarse al 0230-4664772 \u00f3 <\/i><\/span><span style=\"font-size: small;\"> <a href=\"https:\/\/bit.ly\/2Sn1zLP\">Enviar whatsapp aqu\u00ed<\/a> <\/span> <span style=\"font-family: Verdana; font-size: xx-small;\"><i> \u00a0<\/i><\/span><span style=\"font-size: xx-small;\"><a href=\"https:\/\/bit.ly\/2J4cUvm\">11 5312 6795<\/a><\/span><span style=\"font-family: Verdana; font-size: xx-small;\"><i> para concretarlas o enviar un mail a <a href=\"mailto:gabriela@quasarcomunicacion.com.ar\"> fernanda@quasarcomunicacion.com.ar <\/a>\u00a0<\/i><\/span><\/td>\n<\/tr>\n<\/tbody>\n<\/table>\n<p>&nbsp;<\/p>\n<p>&nbsp;<\/p>\n<p>&nbsp;<\/p>\n<p><\/center><\/div>\n<p align=\"center\"><span style=\"font-family: Verdana; font-size: small;\">Acceso a toda la informaci\u00f3n ingresando en <a href=\"http:\/\/www.quasarcomunicacion.com.ar\/ceeta\"> www.quasarcomunicacion.com.ar\/web\/ceeta<\/a> <\/span><\/p>\n<p align=\"center\"><span style=\"font-size: small;\"><b><i> Contactos de Prensa<\/i><\/b><\/span><\/p>\n<div align=\"left\">\n<table width=\"100%\" border=\"1\" cellpadding=\"2\" align=\"left\">\n<tbody>\n<tr>\n<td align=\"center\" width=\"50%\">\n<p align=\"left\"><span style=\"font-size: medium;\"><strong><span style=\"color: #808080; font-family: Arial; font-size: small;\"> Candela Villanueva &#8211; Asistente de Cuentas<\/span><\/strong><\/span><\/p>\n<p><span style=\"font-size: xx-small;\"><span style=\"color: #ff0000;\"> Directo<\/span><b>: <\/b> 0230<\/span><span style=\"font-size: xx-small;\">-4664772<br \/>\n<\/span><span style=\"color: #ff0000; font-size: xx-small;\"> Skype:<\/span><span style=\"font-size: xx-small;\"> quasarcomunicacion<br \/>\n<\/span><span style=\"color: #ff0000; font-size: xx-small;\"> Twitter:<\/span><span style=\"font-size: xx-small;\"> @quasarpilar<br \/>\n<\/span><span style=\"color: #ff0000; font-size: xx-small;\"> Gr<\/span><span style=\"color: #ff0000; font-size: xx-small;\">upo y p\u00e1gina en Facebook: <\/span> <span style=\"color: #808080; font-size: xx-small;\">www.facebook.com\/<\/span><a href=\"mailto:mfipata@gmail.com\"><span style=\"font-size: xx-small;\">Quasar<\/span><\/a><span style=\"font-size: xx-small;\">Comunicacion<br \/>\n<\/span><span style=\"color: #ff0000; font-size: xx-small;\"> Web:<\/span><b><\/b> <a href=\"http:\/\/www.quasarcomunicacion.com.ar\/\"> <span style=\"font-size: xx-small;\">www.quasarcomunicacion.com.ar<\/span><\/a><br \/>\n<span style=\"color: #ff0000; font-size: xx-small;\"> LinkedIn:<\/span><span style=\"font-size: xx-small;\"> <a href=\"https:\/\/www.linkedin.com\/company\/quasarcomunicacion\/\"> https:\/\/www.linkedin.com\/company\/quasarcomunicacion\/<\/a><\/span> <span style=\"font-size: xx-small;\"> <span style=\"color: #ff0000;\"><br \/>\nMail<\/span><b>:<\/b><\/span><span style=\"font-size: xx-small;\"> <a href=\"mailto:fernanda@quasarcomunicacion.com.ar\"> candela<\/a><a href=\"mailto:fernanda@quasarcomunicacion.com.ar\">@quasarcomunicacion.com.ar<\/a><\/span><\/td>\n<td align=\"center\" width=\"50%\">\n<p align=\"right\"><span style=\"font-size: medium;\"><strong> <span style=\"color: #808080; font-family: Arial; font-size: small;\"> Lic. Mar\u00eda Fernanda Ipata &#8211; Directora<br \/>\n<\/span> <\/strong><\/span> <span style=\"font-size: xx-small;\"><span style=\"color: #ff0000;\"><br \/>\nDirecto<\/span><b>: <\/b> 0230<\/span><span style=\"font-size: xx-small;\">-4664772<\/span><span style=\"font-size: xx-small;\"><br \/>\n<\/span><span style=\"font-size: xx-small;\"> <span style=\"color: #ff0000;\">M\u00f3vil:<\/span><b> <\/b> 0230<\/span><span style=\"font-size: xx-small;\">-15-4584535<br \/>\n<\/span><span style=\"font-size: xx-small;\"><span style=\"color: #ff0000;\"> Whatsapp<\/span><span style=\"color: #ff0000;\">:<\/span> <a href=\"https:\/\/bit.ly\/2J4cUvm\"> 0230<\/a><\/span><span style=\"font-size: xx-small;\"><a href=\"https:\/\/bit.ly\/2J4cUvm\">-15-4584535<\/a><\/span><br \/>\n<a href=\"https:\/\/bit.ly\/2J4cUvm\"> Enviar whatsapp aqu\u00ed<\/a><span style=\"font-size: xx-small;\"><br \/>\n<\/span><span style=\"color: #ff0000; font-size: xx-small;\"> Skype:<\/span><span style=\"font-size: xx-small;\"> quasarcomunicacion<br \/>\n<\/span><span style=\"color: #ff0000; font-size: xx-small;\"> Twitter:<\/span><span style=\"font-size: xx-small;\"> @quasarpilar<br \/>\n<\/span><span style=\"color: #ff0000; font-size: xx-small;\"> Gr<\/span><span style=\"color: #ff0000; font-size: xx-small;\">upo y p\u00e1gina en Facebook: <\/span> <span style=\"color: #808080; font-size: xx-small;\">www.facebook.com\/<\/span><a href=\"mailto:mfipata@gmail.com\"><span style=\"font-size: xx-small;\">Quasar<\/span><\/a><span style=\"font-size: xx-small;\">Comunicacion<br \/>\n<\/span><span style=\"font-size: xx-small;\"> <span style=\"color: #ff0000;\">LinkedIn<\/span><b>:\u00a0 <\/b><\/span> <span style=\"font-size: xx-small;\"><b> <a href=\"http:\/\/www.linkedin.com\/in\/mfipata\"> http:\/\/www.linkedin.com\/in\/mfipata<\/a><\/b><\/span><br \/>\n<span style=\"font-size: xx-small;\"> <a href=\"https:\/\/www.linkedin.com\/company\/quasarcomunicacion\/\"> https:\/\/www.linkedin.com\/company\/quasarcomunicacion<\/a><\/span><span style=\"font-size: xx-small;\"><br \/>\n<\/span><span style=\"color: #ff0000; font-size: xx-small;\"> Web:<\/span><b><\/b> <a href=\"http:\/\/www.quasarcomunicacion.com.ar\/\"> <span style=\"font-size: xx-small;\">www.quasarcomunicacion.com.ar<\/span><\/a><span style=\"font-size: xx-small;\"><br \/>\n<\/span><span style=\"font-size: xx-small;\"> <span style=\"color: #ff0000;\"> Mail<\/span><b>:<\/b><\/span><span style=\"font-size: xx-small;\"><a href=\"mailto:fernanda@quasarcomunicacion.com.ar\"> fernanda@quasarcomunicacion.com.ar<\/a><\/span><span style=\"font-size: xx-small;\"><a href=\"mailto:fernanda@quasarcomunicacion.com.ar\"> r<\/a><\/span><\/p>\n<\/td>\n<\/tr>\n<\/tbody>\n<\/table>\n<\/div>\n<hr \/>\n<div align=\"center\"><center><center>\u00a0<\/center><\/center><\/div>\n<p style=\"display: inline !important;\"><span style=\"font-family: Verdana; font-size: xx-small;\"><b>Acerca de la Lic. Gabriela Mart\u00ednez Castro<\/b><\/span><\/p>\n<p align=\"left\">\u00a0<i><span style=\"font-family: Verdana; font-size: xx-small;\">Gabriela Mart\u00ednez Castro es Licenciada en Psicolog\u00eda egresada de la Universidad de Belgrano en 1991. M\u00e1ster en Psicolog\u00eda Cl\u00ednica en M\u00e9xico.<\/span><\/i><\/p>\n<p>&nbsp;<\/p>\n<p align=\"left\"><i><span style=\"font-family: Verdana; font-size: xx-small;\">Post-grado en Trastornos de Ansiedad de la Asociaci\u00f3n Argentina de Trastornos de Ansiedad. Psicoterapeuta Cognitiva-Conductual, orientada al trabajo con Trastornos de Ansiedad y Trastornos de la Personalidad.<\/span><\/i><\/p>\n<p align=\"left\"><i><span style=\"font-family: Verdana; font-size: xx-small;\">Formaci\u00f3n en Terapia Cognitivo Conductual de Tercera Ola en la Fundaci\u00f3n Favaloro.<\/span><\/i><\/p>\n<p>Ex coordinadora docente de la c\u00e1tedra de Psicolog\u00eda General en la Universidad de Belgrano. Ex coordinadora del Departamento de Psicodiagn\u00f3stico del Hospital Franc\u00e9s, \u00e1rea de Consultorios Externos.<\/p>\n<p>&nbsp;<\/p>\n<p align=\"left\"><i><span style=\"font-family: Verdana; font-size: xx-small;\">Miembro de la Asociaci\u00f3n Argentina de Trastornos de Ansiedad. <\/span><\/i><\/p>\n<p>&nbsp;<\/p>\n<p align=\"left\"><i><span style=\"font-family: Verdana; font-size: xx-small;\">Directora de CEETA (Centro de Estudios Especializados en Trastornos de Ansiedad) <\/span><\/i><\/p>\n<p>&nbsp;<\/p>\n<p align=\"left\"><span style=\"font-size: xx-small;\">El <b>Centro de Estudios Especializados en Trastornos de Ansiedad (CEETA)<\/b> tiene su sede central en 46 Plaza, Edificio Agora 3, 1\u00ba piso oficina 109 (Ramal Pilar Km 46). Tel\u00e9fono: \u00a00230-4667175 o al 011-4788-6245 \/ <a href=\"http:\/\/www.ceeta.org\/\"> www.ceeta.org<\/a>\u00a0 Tambi\u00e9n tiene sedes en\u00a0 Parque Patricios, Barrio Norte, Belgrano, San Isidro, Mor\u00f3n, Lomas de Zamora, Avellaneda y Quilmes, entre otras. En <b>facebook<\/b>, la fan page es <a href=\"https:\/\/www.facebook.com\/ansiedad.ceeta\"> https:\/\/www.facebook.com\/ansiedad.ceeta<\/a>\u00a0 <\/span> <span style=\"font-family: Verdana; font-size: xx-small;\">Consultas por <b>WHATSAPP<\/b>: +54 9 11 4402 7733<\/span><\/p>\n<p align=\"left\"><b><i><span style=\"font-family: Verdana; font-size: xx-small;\">Acerca de la Terapia Cognitivo Conductual de Tercera Ola o Tercera Generaci\u00f3n<\/span><\/i><\/b><\/p>\n<p>&nbsp;<\/p>\n<p align=\"left\"><i><span style=\"font-family: Verdana; font-size: xx-small;\">Se trata de una innovadora terapia cognitivo conductual, que a diferencia de otras terapias, se aboca a modificar comportamientos y pensamientos. Est\u00e1 orientada hacia el presente, se investiga el funcionamiento actual. El \u00e9nfasis de la TCC est\u00e1 puesto m\u00e1s en el \u201cQu\u00e9 tengo que hacer para cambiar\u201d que en el \u201cPor qu\u00e9\u201d. Muchas veces, el explorar expresamente y conocer cu\u00e1les son los motivos de lo que nos ocurre no alcanza a brindar una soluci\u00f3n y no es suficiente para producir un cambio.<\/span><\/i><\/p>\n<p align=\"left\"><i><span style=\"font-family: Verdana; font-size: xx-small;\">Es una psicoterapia basada en la evidencia y con un basamento cient\u00edfico y 100% comprobado. Los resultados se ven en el cort\u00edsimo plazo. El paciente tiene un papel activo, con tareas para realizar dentro y fuera de la sesi\u00f3n a trav\u00e9s de la aplicaci\u00f3n de las herramientas que se le brindan.<\/span><\/i><\/p>\n<p align=\"left\"><i><span style=\"font-family: Verdana; font-size: xx-small;\">La terapia cognitiva conductual de tercera ola o tercera generaci\u00f3n cuenta con numerosos aportes validados cient\u00edficamente en los \u00faltimos a\u00f1os. Son las denominadas Terapias de Tercera Generaci\u00f3n o Contextuales.<br \/>\nSon modelos de intervenci\u00f3n que ponen su foco de atenci\u00f3n en el contexto y la funci\u00f3n de nuestros eventos privados como ser los pensamientos, emociones, sensaciones en lugar de su contenido, frecuencia o duraci\u00f3n. La Terapia de Aceptaci\u00f3n y Compromiso (ACT), uno de los nuevos modelos de tratamiento que ofrecen las terapias contextuales, es uno de los mas reconocidos con evidencia emp\u00edrica. El objetivo de la misma es lograr flexibilidad psicol\u00f3gica ante las situaciones dif\u00edciles de la vida y ante el sufrimiento, entender que nuestra vida es significativa y valiosa aun cuando sufrimos.<br \/>\nUtiliza diferentes t\u00e9cnicas como Mindfulness y ejercicios experienciales entre otros. <\/span><\/i><\/p>\n<p align=\"left\"><i><span style=\"font-family: Verdana; font-size: xx-small;\">Se pueden medir los progresos obtenidos desde la primera sesi\u00f3n, se administran cuestionarios y planillas en los que se eval\u00faan los s\u00edntomas espec\u00edficos, en su frecuencia, duraci\u00f3n, intensidad y caracter\u00edsticas. Esta medici\u00f3n es repetida peri\u00f3dicamente hasta la sesi\u00f3n final, para tener una idea del cambio obtenido. La relaci\u00f3n terapeuta-paciente es de colaboraci\u00f3n y activa. Paciente y terapeuta se comprometen a trabajar con un objetivo com\u00fan. Los pacientes pueden aportar sugerencias y participar en el dise\u00f1o de las tareas para el hogar. <\/span><\/i><\/p>\n<p align=\"left\"><i><span style=\"font-family: Verdana; font-size: xx-small;\">En muchos casos, se utiliza la biblioterapia, que consiste en que el terapeuta recomiende o facilite libros, folletos o apuntes acerca del problema para que el paciente se informe de lo que le sucede. Tiende a fomentar la independencia del paciente. Est\u00e1 centrada en los s\u00edntomas y su resoluci\u00f3n. Se definen objetivos concretos a lograr. La meta de la TCC es eliminar, o al menos reducir los s\u00edntomas, y postula que si desaparecen, por ejemplo, los s\u00edntomas de p\u00e1nico, inmediatamente tambi\u00e9n va a haber una mejor\u00eda en otras \u00e1reas, sin que aparezcan otros s\u00edntomas que los reemplacen. Pone \u00e9nfasis en el cambio. Se le solicita al paciente practicar nuevas conductas y cogniciones en las sesiones, y generalizarlas afuera como parte de la tarea. Desaf\u00eda la posici\u00f3n del paciente, sus conductas y sus creencias. Se centra en la resoluci\u00f3n de problemas. Utiliza planes de tratamiento. Generalmente, la terapia utiliza planes espec\u00edficos de tratamiento para cada problema, no utilizando un formato \u201c\u00fanico\u201d para las diversas consultas. Propone una continuidad tem\u00e1tica entre las sesiones. Es decir, m\u00e1s que simplemente decir que funciona, esta comprobado que funciona.<br \/>\nLos recursos disponibles en este portal, son de car\u00e1cter informativo y no constituyen ni reemplazan el asesoramiento y tratamiento profesional.<\/span><\/i><\/p>\n<p>&nbsp;<\/p>\n","protected":false},"excerpt":{"rendered":"<p>\u00a0El Centro de Estudios Especializados en Trastornos de Ansiedad (CEETA) ya abri\u00f3 la inscripci\u00f3n para el Curso de Mindfulness y [&hellip;]<\/p>\n","protected":false},"author":2,"featured_media":7045,"comment_status":"open","ping_status":"open","sticky":false,"template":"","format":"standard","meta":[],"categories":[2],"tags":[],"_links":{"self":[{"href":"https:\/\/quasarcomunicacion.com.ar\/web\/wp-json\/wp\/v2\/posts\/9159"}],"collection":[{"href":"https:\/\/quasarcomunicacion.com.ar\/web\/wp-json\/wp\/v2\/posts"}],"about":[{"href":"https:\/\/quasarcomunicacion.com.ar\/web\/wp-json\/wp\/v2\/types\/post"}],"author":[{"embeddable":true,"href":"https:\/\/quasarcomunicacion.com.ar\/web\/wp-json\/wp\/v2\/users\/2"}],"replies":[{"embeddable":true,"href":"https:\/\/quasarcomunicacion.com.ar\/web\/wp-json\/wp\/v2\/comments?post=9159"}],"version-history":[{"count":0,"href":"https:\/\/quasarcomunicacion.com.ar\/web\/wp-json\/wp\/v2\/posts\/9159\/revisions"}],"wp:featuredmedia":[{"embeddable":true,"href":"https:\/\/quasarcomunicacion.com.ar\/web\/wp-json\/wp\/v2\/media\/7045"}],"wp:attachment":[{"href":"https:\/\/quasarcomunicacion.com.ar\/web\/wp-json\/wp\/v2\/media?parent=9159"}],"wp:term":[{"taxonomy":"category","embeddable":true,"href":"https:\/\/quasarcomunicacion.com.ar\/web\/wp-json\/wp\/v2\/categories?post=9159"},{"taxonomy":"post_tag","embeddable":true,"href":"https:\/\/quasarcomunicacion.com.ar\/web\/wp-json\/wp\/v2\/tags?post=9159"}],"curies":[{"name":"wp","href":"https:\/\/api.w.org\/{rel}","templated":true}]}}