{"id":9121,"date":"2019-03-06T14:51:18","date_gmt":"2019-03-06T17:51:18","guid":{"rendered":"https:\/\/quasarcomunicacion.com.ar\/web\/?p=9121"},"modified":"2019-03-06T14:51:18","modified_gmt":"2019-03-06T17:51:18","slug":"comenzar-el-ano-sin-estres","status":"publish","type":"post","link":"https:\/\/quasarcomunicacion.com.ar\/web\/comenzar-el-ano-sin-estres\/","title":{"rendered":"Comenzar el a\u00f1o sin estr\u00e9s"},"content":{"rendered":"<p style=\"text-align: left;\" align=\"center\">\u00a0Se terminaron las vacaciones, pas\u00f3 el fin de semana XXL de Carnaval y es momento de activar e iniciar de manera definitiva el a\u00f1o. <span style=\"font-family: Verdana; font-size: small;\"> Y aqui comienzan a cenar las frases \u00abtodo lo bueno se termina\u00bb, \u00ablo malo de irse es volver\u00bb, \u00abreci\u00e9n terminan mis vacaciones y ya estoy agotado\u00bb y una lista de frases que van en el mismo sentido porque, en general, luego de este segmento de descanso, la mayor\u00eda de las personas sufren alg\u00fan tipo de angustia o a\u00f1oranza por el ocio perdido. Conocedores de este padecer, los especialistas del <\/span><b style=\"font-family: Verdana; font-size: small;\">Centro de Estudios Especializados en Trastornos de Ansiedad (CEETA)<\/b><span style=\"font-family: Verdana; font-size: small;\"> elaboran cada a\u00f1o un informe sobre el \u00abestr\u00e9s postvacacional\u00bb para evitar que sus efectos negativos alteren el descanso anhelado y que puedan iniciar el a\u00f1o de manera \u00f3ptima y sin estr\u00e9s.<!--more--><\/span><\/p>\n<p style=\"text-align: center;\">\u00a0<a href=\"https:\/\/quasarcomunicacion.com.ar\/web\/wp-content\/uploads\/2017\/01\/finvacaciones.gif\"><img class=\"alignnone\" alt=\"finvacaciones\" src=\"https:\/\/quasarcomunicacion.com.ar\/web\/wp-content\/uploads\/2017\/01\/finvacaciones.gif\" \/><\/a><\/p>\n<p><span style=\"font-family: Verdana; font-size: small;\">Es normal regresar de las vacaciones a\u00f1orando el per\u00edodo de descanso perdido, el panorama cambia cuando esa \u201ca\u00f1oranza\u201d, se transforma en algo m\u00e1s: depresi\u00f3n, nerviosismo generalizado, irritabilidad, ansiedad, y hasta a veces, sintomatolog\u00eda f\u00edsica que acompa\u00f1a estos \u00abestados de \u00e1nimo\u00bb, lo cual impide continuar con la vida normal. <\/span><\/p>\n<p><span style=\"font-family: Verdana; font-size: small;\">Seg\u00fan un informe del <b> Centro de Estudios Especializados en Trastornos de Ansiedad (CEETA) <\/b>es este el per\u00edodo en que se nota un crecimiento de las consultas de pacientes que padecen cuadros de Trastornos de Ansiedad tras volver de sus vacaciones. <\/span><\/p>\n<div align=\"center\"><center><\/p>\n<table width=\"90%\" border=\"0\" cellspacing=\"4\" cellpadding=\"4\">\n<tbody>\n<tr>\n<td bgcolor=\"#ECFFF9\" width=\"100%\"><i> <span style=\"font-family: Verdana; font-size: xx-small;\">El equipo de profesionales del <b>CEETA<\/b><\/span><\/i><span style=\"font-family: Verdana; font-size: xx-small;\"><i> est\u00e1 disponible para consultas o entrevistas sobre el tema. Comunicarse al 0230-4664772 \u00f3 11 5312 6795 para concretarlas o enviar un mail a <a href=\"mailto:gabriela@quasarcomunicacion.com.ar\"> fernanda@quasarcomunicacion.com.ar <\/a>\u00a0<\/i><\/span><\/td>\n<\/tr>\n<\/tbody>\n<\/table>\n<p>&nbsp;<\/p>\n<p><\/center><\/div>\n<p><span style=\"font-family: Verdana; font-size: small;\">\u201cHoy d\u00eda, es m\u00e1s que frecuente encontrar en nuestras consultas a lo largo del a\u00f1o a pacientes que explican que su problema comenz\u00f3 un tiempo luego de las vacaciones, que est\u00e1n nerviosos, angustiados y sobresaltados, todo les preocupa, transpiran mucho, tienen taquicardia y problemas para dormir. En ciertos casos, acompa\u00f1an del relato de una crisis de p\u00e1nico, como corolario\u201d, explica la Lic Gabriela Mart\u00ednez Castro (MN 18627), Directora del <b>CEETA <\/b> cuya sede central est\u00e1 en Pilar (Buenos Aires). <\/span><\/p>\n<p><span style=\"font-family: Verdana; font-size: small;\">Esto se da porque durante el per\u00edodo de descanso cambia nuestra rutina, nuestra alimentaci\u00f3n, nos levantamos m\u00e1s tardes, nos acostamos luego de la hora acostumbrada, etc. Luego, una vez en la rutina diaria, cuesta retomar el ritmo habitual del resto del a\u00f1o<\/span><\/p>\n<p><span style=\"font-family: Verdana; font-size: small;\">Para mitigar o evitar de la mejor manera posible el estr\u00e9s post vacacional <b>CEETA<\/b> brinda algunas recomendaciones: equilibrar en la agenda las horas de sue\u00f1o, tener una alimentaci\u00f3n balanceada, mantener tiempo de ocio y recreaci\u00f3n, fijar per\u00edodos de tiempo dedicado al trabajo, estudio o dem\u00e1s obligaciones, y hacer ejercicio al menos tres veces a la semana. En el orden de lo posible, tomar periodos cortos de descanso durante el a\u00f1o. <\/span><\/p>\n<p><span style=\"font-family: Verdana; font-size: small;\">Tambi\u00e9n es recomendable resolver los problemas de a uno, dividiendo cada uno en diversos ordenes de complejidad, proponiendo una alternativa de soluci\u00f3n para cada uno, eligiendo la opci\u00f3n m\u00e1s realista posible, o aprendiendo a aceptar que dicho problema no posee soluci\u00f3n. <\/span><\/p>\n<p><span style=\"font-family: Verdana; font-size: small;\">Es necesario cambiar la visi\u00f3n negativa o catastr\u00f3fica sobre los acontecimientos por suceder, reemplazando esa mirada, por otra m\u00e1s realista y mesurada a la hora de evaluar la realidad. <\/span><\/p>\n<p><span style=\"font-family: Verdana; font-size: small;\">Y siempre recordar que no hay que intentar controlarlo todo, de hecho, es una tarea ut\u00f3pica <\/span><\/p>\n<p><span style=\"font-family: Verdana; font-size: small;\">\u201cEn el caso no lograr manejar adecuadamente la situaci\u00f3n de estr\u00e9s, es aconsejable no perder tiempo y evitar que el cuadro avance, ya que puede resultar incapacitante para quien lo padece. Es aconsejable consultar a un experto en la materia, dado que con la terapia cognitivo-conductual (tratamiento de elecci\u00f3n), se hace posible obtener el alta en pocos meses\u201d, concluy\u00f3 la Licenciada Mart\u00ednez Castro. <\/span><\/p>\n<p><span style=\"font-family: Verdana; font-size: small;\">Los trastornos de ansiedad son variados, pero en lo que al estr\u00e9s post-vacacional se refiere, dos de ellos son los que se destacan: <\/span><\/p>\n<p><span style=\"font-family: Verdana; font-size: small;\">Por un lado est\u00e1 el Trastorno de P\u00e1nico, que consiste en padecer una crisis inesperada y repentina, que alcanza su m\u00e1xima intensidad a los 10 minutos de haber comenzado, acompa\u00f1ada de algunos s\u00edntomas f\u00edsicos como la taquicardia, temblores, sudoraci\u00f3n, visi\u00f3n borrosa mareos u sensaci\u00f3n de inestabilidad, dificultades gastrointestinales, sensaci\u00f3n de ahogo y de un intenso terror a morir, perder el control o volverse loco. <\/span><\/p>\n<p><span style=\"font-family: Verdana; font-size: small;\">\u201cEn general la persona teme volver a padecer otra crisis, y por tal motivo, va restringiendo las actividades de su vida cotidiana, hasta quedar incapacitado por el miedo, y bajo la dependencia de otros, por temor a necesitar recibir ayuda en caso de una nueva crisis\u201d, agrega la Lic. Mart\u00ednez Castro. <\/span><\/p>\n<p><span style=\"font-family: Verdana; font-size: small;\">Otro tipo, es el trastorno de ansiedad generalizada, se trata de una preocupaci\u00f3n excesiva, por diferentes tem\u00e1ticas que pueden ser o no graves, reconociendo que la magnitud de la preocupaci\u00f3n sobrepasa los motivos que la suscitan, sin lograr controlarla., adem\u00e1s de no poder jerarquizar adecuadamente el orden de importancia de los problemas que lo preocupan. Quien lo padece, vive sobresaltado, irritable, fatigado, con dificultades en el sue\u00f1o, temblores, sudoraci\u00f3n, sensaci\u00f3n de ahogo o atragantamiento, palpitaciones problemas gastrointestinales , hasta puede padecer una crisis de p\u00e1nico. <\/span><\/p>\n<p><span style=\"font-family: Verdana; font-size: small;\">\u201cEs altamente probable desencadenar un trastorno de ansiedad generalizada luego de un per\u00edodo de descanso, como lo son las vacaciones, cuando el individuo vuelve a tomar contacto con las obligaciones cotidianas, puesto que la preocupaci\u00f3n indiscriminada por todas las tem\u00e1ticas, est\u00e1 al acecho. Este tipo de trastorno podr\u00eda ser el que mayor merece el nombre de \u201cestr\u00e9s post-vacacional\u201d, asegura Mart\u00ednez Castro. <\/span><\/p>\n<p><span style=\"font-family: Verdana; font-size: small;\">Cabe destacar, que no cualquier persona puede sufrir de Trastorno de Ansiedad Generalizada, sino aquellas que tengan predisposici\u00f3n gen\u00e9tica para hacerlo, adem\u00e1s de haber crecido dentro de un entorno temeroso, sobre protector y ansioso. Tambi\u00e9n, por \u00faltimo, disponer de un elemento estresante que desencadene la enfermedad.<\/span><\/p>\n<p><span style=\"font-family: Verdana; font-size: small;\">Y para tener un a\u00f1o libre de estr\u00e9s, el CEETA difunde algunos tips para prevenirlo, eliminarlo o bajar sus niveles.<\/span><\/p>\n<p><b><span style=\"font-family: Verdana; font-size: small;\">&#8211; C\u00f3mo se previene el estr\u00e9s? <\/span><\/b><\/p>\n<p><span style=\"font-family: Verdana; font-size: small;\">\u2022 Buscando un estado f\u00edsico y emocional m\u00e1s saludable.<br \/>\n\u2022 Conociendo y manejando las situaciones que nos provocan estr\u00e9s para poder reducir y eliminar las manifestaciones del mismo.<br \/>\n\u2022 Aprendiendo a realizar entrenamiento en Relajaci\u00f3n. (Dado que la relajaci\u00f3n devuelve al organismo su estado natural de equilibrio, normaliza los procesos f\u00edsicos, mentales y emocionales).<br \/>\n<b><br \/>\nConsejos para eliminar o bajar el estr\u00e9s<\/b><\/span><\/p>\n<ul>\n<li><span style=\"font-family: Verdana; font-size: small;\">No preocuparse por aquello que no se puede controlar <\/span><\/li>\n<li><span style=\"font-family: Verdana; font-size: small;\">Hacer algo con relaci\u00f3n a lo que s\u00ed la persona puede controlar <\/span><\/li>\n<li><span style=\"font-family: Verdana; font-size: small;\">Prepararse lo mejor posible para posibles situaciones a enfrentar, que son agentes de estr\u00e9s, como ex\u00e1menes, entrevistas laborales, eventos sociales y otras <\/span><\/li>\n<li><span style=\"font-family: Verdana; font-size: small;\">Pedir ayuda Vs. el \u201cyo puedo todo solo\u201d <\/span><\/li>\n<li><span style=\"font-family: Verdana; font-size: small;\">Aprender a delegar VS. \u201cYo lo hago Mejor que los dem\u00e1s\u201d <\/span><\/li>\n<li><span style=\"font-family: Verdana; font-size: small;\">Fijarse metas cortas y realistas<\/span><\/li>\n<li><span style=\"font-family: Verdana; font-size: small;\">llevar un registro escrito de las tareas a realizar para que no ocupen lugar en nuestra mente. Jerarquizar las tareas seg\u00fan el grado de importancia<\/span><\/li>\n<li><span style=\"font-family: Verdana; font-size: small;\">Hacer actividad f\u00edsica, salir a caminar<\/span><\/li>\n<li><span style=\"font-family: Verdana; font-size: small;\">Seguir una dieta balanceada de acuerdo a las necesidades cal\u00f3ricas de cada uno <\/span><\/li>\n<li><span style=\"font-family: Verdana; font-size: small;\">Corregir pensamientos catastr\u00f3ficos<\/span><\/li>\n<li><span style=\"font-family: Verdana; font-size: small;\">Procurarse peque\u00f1as satisfacciones cotidianas<\/span><\/li>\n<li><span style=\"font-family: Verdana; font-size: small;\">Evaluar real\u00edsticamente el tiempo que nos va a llevar cada tarea para realizar una adecuada planificaci\u00f3n de nuestras tareas. Ello evitara corridas innecesarias. <\/span><\/li>\n<li><span style=\"font-family: Verdana; font-size: small;\">Reservar momentos del d\u00eda para el descanso, actividades sociales y recreativas. <\/span><\/li>\n<li><span style=\"font-family: Verdana; font-size: small;\">Tomarse un tiempo para los intereses y pasatiempos personales<\/span><\/li>\n<li><span style=\"font-family: Verdana; font-size: small;\">Rescatar los aspectos positivos de las situaciones y no s\u00f3lo centrarse en los negativos.<\/span><\/li>\n<li><span style=\"font-family: Verdana; font-size: small;\">Planear actividades divertidas.<\/span><\/li>\n<li><span style=\"font-family: Verdana; font-size: small;\">Asegurarse de dormir lo suficiente. Los buenos h\u00e1bitos de sue\u00f1o son una de las mejores maneras de manejar el estr\u00e9s.<\/span><\/li>\n<li><span style=\"font-family: Verdana; font-size: small;\">Adoptar un estilo de vida que respete nuestras necesidades biol\u00f3gicas, psicol\u00f3gicas y sociales<\/span><\/li>\n<li><span style=\"font-family: Verdana; font-size: small;\">Evitar la queja dado que la misma no nos permite definir el problema ni encontrar una soluci\u00f3n o cambio a lo que nos preocupa. <\/span><\/li>\n<li><span style=\"font-family: Verdana; font-size: small;\">Ser realistas <\/span><\/li>\n<li><span style=\"font-family: Verdana; font-size: small;\">Disfrutar sin penitencias <\/span><\/li>\n<li><span style=\"font-family: Verdana; font-size: small;\">Escuchar al cuerpo cuando nos pida que disminuyamos la velocidad o que tomemos un descanso.<\/span><\/li>\n<\/ul>\n<p><span style=\"font-family: Verdana; font-size: small;\"> <b>T\u00e9cnica para resolver problemas concretos<\/b><\/span><\/p>\n<p>Finalmente, el<b> CEETA<\/b> recomienda una t\u00e9cnica efectiva para la resoluci\u00f3n de problemas concretos, en 8 pasos.<\/p>\n<p>1- Definir el problema<\/p>\n<p><span style=\"font-family: Verdana; font-size: small;\">2- Descomponerlo en peque\u00f1as partes <\/span><\/p>\n<p><span style=\"font-family: Verdana; font-size: small;\">3- Analizar causas posibles del problema <\/span><\/p>\n<p><span style=\"font-family: Verdana; font-size: small;\">4- Identificar un conjunto de posibles soluciones <\/span><\/p>\n<p><span style=\"font-family: Verdana; font-size: small;\">5- Seleccionar una soluci\u00f3n <\/span><\/p>\n<p><span style=\"font-family: Verdana; font-size: small;\">6-Desarrollar un plan de acci\u00f3n <\/span><\/p>\n<p><span style=\"font-family: Verdana; font-size: small;\">7-Poner en pr\u00e1ctica el plan de acci\u00f3n selecto <\/span><\/p>\n<p><span style=\"font-family: Verdana; font-size: small;\">8-Evaluar el proceso<\/span><\/p>\n<p><span style=\"font-family: Verdana; font-size: small;\">Y tambi\u00e9n hay que tener en cuenta realizar meditaci\u00f3n, yoga o ejercicios de respiraci\u00f3n o relajaci\u00f3n; una m\u00fasica tranquila o los propios sonidos de la naturaleza ayudan a encontrar el punto de relajaci\u00f3n adecuado.<\/span><\/p>\n<p><span style=\"font-family: Verdana; font-size: small;\">Lograr comunicarse acertivamente para evitar \u00abmalos entendidos\u00bb y poder expresar correctamente lo que queremos decir.<\/span><\/p>\n<p><span style=\"font-family: Verdana; font-size: small;\">Organizar las tareas, no dejar pendientes porque esto queda en nuestra cabeza y no permite la relajaci\u00f3n. Organizar correctamente de acuerdo con objetivos y prioridades.<\/span><\/p>\n<p><span style=\"font-family: Verdana; font-size: small;\">Disfrutar de momentos en familia, con lo que nos gusta, caminar, hacer ejercicio f\u00edsico o simplemente \u00abnada\u00bb. <\/span><\/p>\n<p><span style=\"font-family: Verdana; font-size: small;\">Una buena alimentaci\u00f3n, saludable y balanceada, ayuda a bajar los niveles de estr\u00e9s. <\/span><\/p>\n<p><span style=\"font-family: Verdana; font-size: small;\">Intentar dejar de lado las multitareas, abocarse a un tema por vez, para destinarle a cada cosa el tiempo y la atenci\u00f3n que se merece. <\/span><\/p>\n<p><span style=\"font-family: Verdana; font-size: small;\">Es bueno tambi\u00e9n darse los gustos, ocuparse de uno, hacer lo que a uno le reconforta ayuda a nivelar la ansiedad y manejar el estr\u00e9s.<\/span><\/p>\n<p>El <b>Centro de Estudios Especializados en Trastornos de Ansiedad (CEETA)<\/b> tiene su sede central en 46 Plaza, Edificio Agora 3, 1\u00ba piso oficina 109 (Ramal Pilar Km 46). Tel\u00e9fono: \u00a00230-4667175 o al 011-4788-6245 \/ <a href=\"http:\/\/www.ceeta.org\/\"> www.ceeta.org<\/a>\u00a0 Tambi\u00e9n tiene sedes en\u00a0 Parque Patricios, Barrio Norte, Belgrano, San Isidro, Mor\u00f3n, Lomas de Zamora, Avellaneda y Quilmes, entre otras. En <b>facebook<\/b>, la fan page es <a href=\"https:\/\/www.facebook.com\/ansiedad.ceeta\"> https:\/\/www.facebook.com\/ansiedad.ceeta<\/a>\u00a0 <span style=\"font-family: Verdana; font-size: small;\">Consultas por <b>WHATSAPP<\/b>: +54 9 11 4402 7733<\/span><\/p>\n<p align=\"center\"><span style=\"font-family: Verdana; font-size: small;\">Acceso a toda la informaci\u00f3n ingresando en <a href=\"http:\/\/www.quasarcomunicacion.com.ar\/ceeta\"> www.quasarcomunicacion.com.ar\/web\/ceeta<\/a> <\/span><\/p>\n<p align=\"right\"><span style=\"font-size: small;\"><b><i><span style=\"font-family: Arial;\">Por\u00a0 im\u00e1genes, audios o entrevistas no dude en contactarse<\/span><\/i><\/b><\/span><\/p>\n<div align=\"center\"><center><\/p>\n<div align=\"center\"><center><\/p>\n<p align=\"center\"><span style=\"font-size: small;\"><b><i> Contactos de Prensa<\/i><\/b><\/span><\/p>\n<div align=\"left\">\n<table width=\"100%\" border=\"1\" cellpadding=\"2\" align=\"left\">\n<tbody>\n<tr>\n<td align=\"center\" width=\"50%\">\n<p align=\"left\"><strong> <span style=\"color: #ff0000; font-family: Arial; font-size: small;\">Mariela Porrini<\/span><\/strong><span style=\"font-size: medium;\"><strong><span style=\"color: #808080; font-family: Arial; font-size: small;\"> &#8211; Asistente de Cuentas<\/span><\/strong><\/span><\/p>\n<p><span style=\"font-size: xx-small;\"><span style=\"color: #ff0000;\"> Directo<\/span><b>: <\/b> 0230<\/span><span style=\"font-size: xx-small;\">-4664772<br \/>\n<\/span><span style=\"color: #ff0000; font-size: xx-small;\"> Skype:<\/span><span style=\"font-size: xx-small;\"> quasarcomunicacion<br \/>\n<\/span><span style=\"color: #ff0000; font-size: xx-small;\"> Twitter:<\/span><span style=\"font-size: xx-small;\"> @quasarpilar<br \/>\n<\/span><span style=\"color: #ff0000; font-size: xx-small;\"> Gr<\/span><span style=\"color: #ff0000; font-size: xx-small;\">upo y p\u00e1gina en Facebook: <\/span> <span style=\"color: #808080; font-size: xx-small;\">www.facebook.com\/<\/span><a href=\"mailto:mfipata@gmail.com\"><span style=\"font-size: xx-small;\">Quasar<\/span><\/a><span style=\"font-size: xx-small;\">Comunicacion<br \/>\n<span style=\"color: #ff0000;\">Instagram<\/span>: @quasarcomunicacion<br \/>\n<\/span><span style=\"color: #ff0000; font-size: xx-small;\"> Web:<\/span><b><\/b> <a href=\"http:\/\/www.quasarcomunicacion.com.ar\/\"> <span style=\"font-size: xx-small;\">www.quasarcomunicacion.com.ar<\/span><\/a><\/p>\n<p align=\"left\"><span style=\"font-size: xx-small;\"> <span style=\"color: #ff0000;\">Mail<\/span><b>:<\/b><\/span><span style=\"font-size: xx-small;\"> <a href=\"mailto:fernanda@quasarcomunicacion.com.ar\"> quasar<\/a><a href=\"mailto:fernanda@quasarcomunicacion.com.ar\">@quasarcomunicacion.com.ar<\/a><\/span><\/p>\n<\/td>\n<td align=\"center\" width=\"50%\">\n<p align=\"right\"><span style=\"font-size: medium;\"><strong> <span style=\"color: #808080; font-family: Arial; font-size: small;\"> Lic. Mar\u00eda Fernanda Ipata &#8211; Directora<br \/>\n<\/span> <\/strong><\/span> <span style=\"font-size: xx-small;\"><span style=\"color: #ff0000;\"><br \/>\nDirecto<\/span><b>: <\/b> 0230<\/span><span style=\"font-size: xx-small;\">-4664772<\/span><span style=\"font-size: xx-small;\"><br \/>\n<\/span><span style=\"font-size: xx-small;\"> <span style=\"color: #ff0000;\">M\u00f3vil:<\/span><b> <\/b> 0230<\/span><span style=\"font-size: xx-small;\">-15-4584535<br \/>\n<\/span><span style=\"color: #ff0000; font-size: xx-small;\"> Skype:<\/span><span style=\"font-size: xx-small;\"> quasarcomunicacion<br \/>\n<\/span><span style=\"color: #ff0000; font-size: xx-small;\"> Twitter:<\/span><span style=\"font-size: xx-small;\"> @quasarpilar<br \/>\n<\/span><span style=\"color: #ff0000; font-size: xx-small;\"> Gr<\/span><span style=\"color: #ff0000; font-size: xx-small;\">upo y p\u00e1gina en Facebook: <\/span> <span style=\"color: #808080; font-size: xx-small;\">www.facebook.com\/<\/span><a href=\"mailto:mfipata@gmail.com\"><span style=\"font-size: xx-small;\">Quasar<\/span><\/a><span style=\"font-size: xx-small;\">Comunicacion<br \/>\n<\/span><span style=\"font-size: xx-small;\"> <span style=\"color: #ff0000;\">LinkedIn<\/span><b>:\u00a0 <\/b><\/span> <span style=\"font-size: xx-small;\"><b> <a href=\"http:\/\/www.linkedin.com\/in\/mfipata\"> http:\/\/www.linkedin.com\/in\/mfipata<\/a><\/b><\/span><span style=\"font-size: xx-small;\"><br \/>\n<\/span><span style=\"color: #ff0000; font-size: xx-small;\"> Web:<\/span><b><\/b> <a href=\"http:\/\/www.quasarcomunicacion.com.ar\/\"> <span style=\"font-size: xx-small;\">www.quasarcomunicacion.com.ar<\/span><\/a><span style=\"font-size: xx-small;\"><br \/>\n<\/span><span style=\"font-size: xx-small;\"> <span style=\"color: #ff0000;\"> Mail<\/span><b>:<\/b><\/span><span style=\"font-size: xx-small;\"><a href=\"mailto:fernanda@quasarcomunicacion.com.ar\"> fernanda@quasarcomunicacion.com.ar<\/a><\/span><\/p>\n<\/td>\n<\/tr>\n<\/tbody>\n<\/table>\n<\/div>\n<p align=\"center\">\n<p><\/center><\/div>\n<p>&nbsp;<\/p>\n<p><\/center><\/div>\n<hr \/>\n<p><center><center><center><span style=\"font-family: Verdana; font-size: xx-small;\"><b>Acerca de la Lic. Gabriela Mart\u00ednez Castro<\/b><\/span><\/center><\/center><\/center><\/p>\n<p align=\"left\"><i><span style=\"font-family: Verdana; font-size: xx-small;\">Gabriela Mart\u00ednez Castro es Licenciada en Psicolog\u00eda egresada de la Universidad de Belgrano en 1991. M\u00e1ster en Psicolog\u00eda Cl\u00ednica en M\u00e9xico. <\/span><\/i><\/p>\n<p>&nbsp;<\/p>\n<p align=\"left\"><i><span style=\"font-family: Verdana; font-size: xx-small;\">Post-grado en Trastornos de Ansiedad de la Asociaci\u00f3n Argentina de Trastornos de Ansiedad. Psicoterapeuta Cognitiva-Conductual, orientada al trabajo con Trastornos de Ansiedad y Trastornos de la Personalidad.<\/span><\/i><\/p>\n<p align=\"left\"><i><span style=\"font-family: Verdana; font-size: xx-small;\">Formaci\u00f3n en Terapia Cognitivo Conductual de Tercera Ola en la Fundaci\u00f3n Favaloro.<\/span><\/i><\/p>\n<p>Ex coordinadora docente de la c\u00e1tedra de Psicolog\u00eda General en la Universidad de Belgrano. Ex coordinadora del Departamento de Psicodiagn\u00f3stico del Hospital Franc\u00e9s, \u00e1rea de Consultorios Externos.<\/p>\n<p>&nbsp;<\/p>\n<p align=\"left\"><i><span style=\"font-family: Verdana; font-size: xx-small;\">Miembro de la Asociaci\u00f3n Argentina de Trastornos de Ansiedad. <\/span><\/i><\/p>\n<p>&nbsp;<\/p>\n<p align=\"left\"><i><span style=\"font-family: Verdana; font-size: xx-small;\">Directora de CEETA (Centro de Estudios Especializados en Trastornos de Ansiedad) <\/span><\/i><\/p>\n<p>&nbsp;<\/p>\n<p align=\"left\"><span style=\"font-size: xx-small;\">El <b>Centro de Estudios Especializados en Trastornos de Ansiedad (CEETA)<\/b> tiene su sede central en 46 Plaza, Edificio Agora 3, 1\u00ba piso oficina 109 (Ramal Pilar Km 46). Tel\u00e9fono: \u00a00230-4667175 o al 011-4788-6245 \/ <a href=\"http:\/\/www.ceeta.org\/\"> www.ceeta.org<\/a>\u00a0 Tambi\u00e9n tiene sedes en\u00a0 Parque Patricios, Barrio Norte, Belgrano, San Isidro, Mor\u00f3n, Lomas de Zamora, Avellaneda y Quilmes, entre otras. En <b>facebook<\/b>, la fan page es <a href=\"https:\/\/www.facebook.com\/ansiedad.ceeta\"> https:\/\/www.facebook.com\/ansiedad.ceeta<\/a>\u00a0 <\/span> <span style=\"font-family: Verdana; font-size: xx-small;\">Consultas por <b>WHATSAPP<\/b>: +54 9 11 4402 7733<\/span><\/p>\n<p align=\"left\"><b><i><span style=\"font-family: Verdana; font-size: xx-small;\">Acerca de la Terapia Cognitivo Conductual de Tercera Ola o Tercera Generaci\u00f3n<\/span><\/i><\/b><\/p>\n<p>&nbsp;<\/p>\n<p align=\"left\"><i><span style=\"font-family: Verdana; font-size: xx-small;\">Se trata de una innovadora terapia cognitivo conductual, que a diferencia de otras terapias, se aboca a modificar comportamientos y pensamientos. Est\u00e1 orientada hacia el presente, se investiga el funcionamiento actual. El \u00e9nfasis de la TCC est\u00e1 puesto m\u00e1s en el \u201cQu\u00e9 tengo que hacer para cambiar\u201d que en el \u201cPor qu\u00e9\u201d. Muchas veces, el explorar expresamente y conocer cu\u00e1les son los motivos de lo que nos ocurre no alcanza a brindar una soluci\u00f3n y no es suficiente para producir un cambio.<\/span><\/i><\/p>\n<p align=\"left\"><i><span style=\"font-family: Verdana; font-size: xx-small;\">Es una psicoterapia basada en la evidencia y con un basamento cient\u00edfico y 100% comprobado. Los resultados se ven en el cort\u00edsimo plazo. El paciente tiene un papel activo, con tareas para realizar dentro y fuera de la sesi\u00f3n a trav\u00e9s de la aplicaci\u00f3n de las herramientas que se le brindan.<\/span><\/i><\/p>\n<p align=\"left\"><i><span style=\"font-family: Verdana; font-size: xx-small;\">La terapia cognitiva conductual de tercera ola o tercera generaci\u00f3n cuenta con numerosos aportes validados cient\u00edficamente en los \u00faltimos a\u00f1os. Son las denominadas Terapias de Tercera Generaci\u00f3n o Contextuales.<br \/>\nSon modelos de intervenci\u00f3n que ponen su foco de atenci\u00f3n en el contexto y la funci\u00f3n de nuestros eventos privados como ser los pensamientos, emociones, sensaciones en lugar de su contenido, frecuencia o duraci\u00f3n. La Terapia de Aceptaci\u00f3n y Compromiso (ACT), uno de los nuevos modelos de tratamiento que ofrecen las terapias contextuales, es uno de los mas reconocidos con evidencia emp\u00edrica. El objetivo de la misma es lograr flexibilidad psicol\u00f3gica ante las situaciones dif\u00edciles de la vida y ante el sufrimiento, entender que nuestra vida es significativa y valiosa aun cuando sufrimos.<br \/>\nUtiliza diferentes t\u00e9cnicas como Mindfulness y ejercicios experienciales entre otros. <\/span><\/i><\/p>\n<p align=\"left\"><i><span style=\"font-family: Verdana; font-size: xx-small;\">Se pueden medir los progresos obtenidos desde la primera sesi\u00f3n, se administran cuestionarios y planillas en los que se eval\u00faan los s\u00edntomas espec\u00edficos, en su frecuencia, duraci\u00f3n, intensidad y caracter\u00edsticas. Esta medici\u00f3n es repetida peri\u00f3dicamente hasta la sesi\u00f3n final, para tener una idea del cambio obtenido. La relaci\u00f3n terapeuta-paciente es de colaboraci\u00f3n y activa. Paciente y terapeuta se comprometen a trabajar con un objetivo com\u00fan. Los pacientes pueden aportar sugerencias y participar en el dise\u00f1o de las tareas para el hogar. <\/span><\/i><\/p>\n<p align=\"left\"><i><span style=\"font-family: Verdana; font-size: xx-small;\">En muchos casos, se utiliza la biblioterapia, que consiste en que el terapeuta recomiende o facilite libros, folletos o apuntes acerca del problema para que el paciente se informe de lo que le sucede. Tiende a fomentar la independencia del paciente. Est\u00e1 centrada en los s\u00edntomas y su resoluci\u00f3n. Se definen objetivos concretos a lograr. La meta de la TCC es eliminar, o al menos reducir los s\u00edntomas, y postula que si desaparecen, por ejemplo, los s\u00edntomas de p\u00e1nico, inmediatamente tambi\u00e9n va a haber una mejor\u00eda en otras \u00e1reas, sin que aparezcan otros s\u00edntomas que los reemplacen. Pone \u00e9nfasis en el cambio. Se le solicita al paciente practicar nuevas conductas y cogniciones en las sesiones, y generalizarlas afuera como parte de la tarea. Desaf\u00eda la posici\u00f3n del paciente, sus conductas y sus creencias. Se centra en la resoluci\u00f3n de problemas. Utiliza planes de tratamiento. Generalmente, la terapia utiliza planes espec\u00edficos de tratamiento para cada problema, no utilizando un formato \u201c\u00fanico\u201d para las diversas consultas. Propone una continuidad tem\u00e1tica entre las sesiones. Es decir, m\u00e1s que simplemente decir que funciona, esta comprobado que funciona.<br \/>\nLos recursos disponibles en este portal, son de car\u00e1cter informativo y no constituyen ni reemplazan el asesoramiento y tratamiento profesional.<\/span><\/i><\/p>\n","protected":false},"excerpt":{"rendered":"<p>\u00a0Se terminaron las vacaciones, pas\u00f3 el fin de semana XXL de Carnaval y es momento de activar e iniciar de [&hellip;]<\/p>\n","protected":false},"author":2,"featured_media":7451,"comment_status":"open","ping_status":"open","sticky":false,"template":"","format":"standard","meta":[],"categories":[2],"tags":[],"_links":{"self":[{"href":"https:\/\/quasarcomunicacion.com.ar\/web\/wp-json\/wp\/v2\/posts\/9121"}],"collection":[{"href":"https:\/\/quasarcomunicacion.com.ar\/web\/wp-json\/wp\/v2\/posts"}],"about":[{"href":"https:\/\/quasarcomunicacion.com.ar\/web\/wp-json\/wp\/v2\/types\/post"}],"author":[{"embeddable":true,"href":"https:\/\/quasarcomunicacion.com.ar\/web\/wp-json\/wp\/v2\/users\/2"}],"replies":[{"embeddable":true,"href":"https:\/\/quasarcomunicacion.com.ar\/web\/wp-json\/wp\/v2\/comments?post=9121"}],"version-history":[{"count":0,"href":"https:\/\/quasarcomunicacion.com.ar\/web\/wp-json\/wp\/v2\/posts\/9121\/revisions"}],"wp:featuredmedia":[{"embeddable":true,"href":"https:\/\/quasarcomunicacion.com.ar\/web\/wp-json\/wp\/v2\/media\/7451"}],"wp:attachment":[{"href":"https:\/\/quasarcomunicacion.com.ar\/web\/wp-json\/wp\/v2\/media?parent=9121"}],"wp:term":[{"taxonomy":"category","embeddable":true,"href":"https:\/\/quasarcomunicacion.com.ar\/web\/wp-json\/wp\/v2\/categories?post=9121"},{"taxonomy":"post_tag","embeddable":true,"href":"https:\/\/quasarcomunicacion.com.ar\/web\/wp-json\/wp\/v2\/tags?post=9121"}],"curies":[{"name":"wp","href":"https:\/\/api.w.org\/{rel}","templated":true}]}}