{"id":9054,"date":"2019-02-13T20:25:02","date_gmt":"2019-02-13T23:25:02","guid":{"rendered":"https:\/\/quasarcomunicacion.com.ar\/web\/?p=9054"},"modified":"2019-02-13T20:25:02","modified_gmt":"2019-02-13T23:25:02","slug":"comienzan-las-actividades-de-la-escuela-para-emprendedores-en-pilar-point","status":"publish","type":"post","link":"https:\/\/quasarcomunicacion.com.ar\/web\/comienzan-las-actividades-de-la-escuela-para-emprendedores-en-pilar-point\/","title":{"rendered":"Comienzan las actividades de la Escuela para Emprendedores en Pilar Point"},"content":{"rendered":"<p style=\"text-align: left;\" align=\"center\"><span style=\"font-family: Verdana; font-size: small;\">\u00a0El viernes 8 de febrero, con un patio de comidas colmado de emprendedores, se realiz\u00f3 en Pilar Point el lanzamiento de la <\/span><b style=\"font-family: Verdana; font-size: small;\">Escuela para Emprendedores (EPE)<\/b><span style=\"font-family: Verdana; font-size: small;\">. Quienes deseen conocer m\u00e1s de la iniciativa, podr\u00e1n enviar un mail a <\/span><a style=\"font-family: Verdana; font-size: small;\" href=\"mailto:info@escuelaparaemprendedores.com.ar\"> info@escuelaparaemprendedores.com.ar<\/a><span style=\"font-family: Verdana; font-size: small;\"> o por whatsapp al 11 6742 7635. Adem\u00e1s, se pueden sumar al grupo de Facebook <\/span><a style=\"font-family: Verdana; font-size: small;\" href=\"https:\/\/www.facebook.com\/groups\/escuelaparaemprendedoresarg\/\"> https:\/\/www.facebook.com\/groups\/escuelaparaemprendedoresarg\/<\/a><span style=\"font-family: Verdana; font-size: small;\"> donde se comparte toda la informaci\u00f3n y visitar la web <\/span><a style=\"font-family: Verdana; font-size: small;\" href=\"http:\/\/www.escuelaparaemprendedores.com.ar\/\"> www.escuelaparaemprendedores.com.ar<!--more--><\/a><\/p>\n<p style=\"text-align: center;\">\u00a0<a href=\"https:\/\/quasarcomunicacion.com.ar\/web\/wp-content\/uploads\/2019\/02\/epegrupal.gif\"><img class=\"alignnone\" alt=\"epegrupal\" src=\"https:\/\/quasarcomunicacion.com.ar\/web\/wp-content\/uploads\/2019\/02\/epegrupal.gif\" \/><\/a><\/p>\n<p><span style=\"font-family: Verdana; font-size: small;\"> \u00abSomos una Escuela creada por y para emprendedores. Conocemos las necesidades del sector y queremos ser un \u00e1mbito donde encuentren soluciones a los problemas que se le presentan a la hora de emprender, donde reciban asistencia, acompa\u00f1amiento\u00bb, indicaron desde el equipo de la EPE, el cual est\u00e1 liderado por la Lic. Mar\u00eda Fernanda Ipata, con amplia trayectoria en el sector.<\/span><\/p>\n<p><span style=\"font-family: Verdana; font-size: small;\">Durante la presentaci\u00f3n, adem\u00e1s de explicar el funcionamiento y los objetivos de la entidad, presentaron al staff de profesionales que integran la Escuela y la nutrida agenda de actividades para febrero. Y anunciaron que ya est\u00e1n trabajando para presentar en marzo el Curso \u00abPrimeros Pasos para Emprender\u00bb y otro curso corto de \u00abCoaching para Emprendedores\u00bb<\/span><\/p>\n<p><span style=\"font-family: Verdana; font-size: small;\">La agenda confirmada de actividades para Febrero es la siguiente:<\/span><\/p>\n<p><span style=\"font-family: Verdana; font-size: small;\">Viernes 15 de febrero a las 19 hs <b>CHARLA ON LINE GRATUITA \u201cC\u00f3mo me preparo para participar en una feria\u201d<\/b>. S\u00f3lo es necesario contar con una computadora o celular con conexi\u00f3n a internet e inscribirse en <a href=\"http:\/\/escuelaparaemprendedores.com.ar\/ferias\"> http:\/\/escuelaparaemprendedores.com.ar\/ferias<\/a><br \/>\nMartes 19 de Febrero a las 16 hs: <b>Terapia Emprendedora: C\u00f3mo comunicar tu emprendimiento <\/b>en el Patio de Comidas de Pilar Point. Actividad arancelada (inversi\u00f3n anticipada $ 250) Todos los detalles e inscripci\u00f3n <a href=\"http:\/\/escuelaparaemprendedores.com.ar\/terapia\/\"> http:\/\/escuelaparaemprendedores.com.ar\/terapia\/<\/a><br \/>\nJueves 21 y 28 de febrero de 18 a 20hs en Pilar Point <b>Taller: Dise\u00f1a tu 2019: hac\u00e9 que las cosas sucedan <\/b>a cargo de Natalia Romero. Actividad arancelada. Detalles y formulario de inscripci\u00f3n <a href=\"http:\/\/escuelaparaemprendedores.com.ar\/disena2019\/\"> http:\/\/escuelaparaemprendedores.com.ar\/disena2019\/<\/a><br \/>\nY comienzan una serie de Seminarios a distancia sobre <b>Liderazgo en equipos disfuncionales<\/b> (el 26\/02), <b>Gesti\u00f3n del desempe\u00f1o<\/b> (el 11\/03) y <b>Desaf\u00edos de la cultura organizacional en la empresa familiar <\/b>(el 15\/03) a cargo de Elizabeth Far\u00edas, todos de 19.00 a 20.00 hs. M\u00e1s info <a href=\"http:\/\/escuelaparaemprendedores.com.ar\/seminarioscespym\/\"> http:\/\/escuelaparaemprendedores.com.ar\/seminarioscespym\/<\/a> <\/span><\/p>\n<p><span style=\"font-family: Verdana; font-size: small;\">El calendario completo se puede visualizar en <a href=\"http:\/\/escuelaparaemprendedores.com.ar\/calendario\/\"> http:\/\/escuelaparaemprendedores.com.ar\/calendario\/<\/a> <\/span><\/p>\n<p><span style=\"font-family: Verdana; font-size: small;\">La presentaci\u00f3n estuvo a cargo de la Lic. Mar\u00eda Fernanda Ipata quien estuvo acompa\u00f1ada por los capacitadores Natalia Romero, Fernando Mazzetti, Eduardo Murga, Federico Szir, Juli\u00e1n Candermo, Gabriel Bresler, entre otros que se encontraban de vacaciones y no pudieron estar presentes. Entre ellos se destacan Elizabeth Far\u00edas, Fernanda Bolagay, Mariano Garc\u00eda, Alicia Verna, etc.<\/span><\/p>\n<p align=\"left\"><span style=\"font-family: Verdana; font-size: small;\">El evento cont\u00f3 con degustaciones de productos de Mermeladas y Conservas Amore Mio y Parchita`s Food.<\/span><\/p>\n<p align=\"left\"><span style=\"font-family: Verdana; font-size: small;\">Ipata explic\u00f3 que \u00abla Escuela es un \u00e1mbito de encuentro entre los emprendedores, un lugar donde acceder\u00e1n a herramientas concretas, capacitaci\u00f3n e informaci\u00f3n relevante y oportuna para su desarrollo personal y profesional. Adem\u00e1s, podr\u00e1n darle visibilidad a sus proyectos e interactuar con otros pares para compartir experiencias. Tambi\u00e9n habr\u00e1 capacitaciones a distancia, eventos y actividades permanentes\u00bb.<\/span><\/p>\n<p align=\"left\"><span style=\"font-family: Verdana; font-size: small;\">Las actividades de la EPE se planificaron de acuerdo con un relevamiento que dio como resultado que lo que m\u00e1s necesitaban los emprendedores de la zona era capacitaci\u00f3n. Por eso realizar\u00e1n capacitaciones presenciales y virtuales.<\/span><\/p>\n<p align=\"left\"><span style=\"font-family: Verdana; font-size: small;\">\u00abEs necesario invertir en capacitaci\u00f3n, y no solo invertir dinero sino tambi\u00e9n tiempo en capacitarnos, porque hoy en d\u00eda todo va a un ritmo tan acelerado, que si no nos capacitamos, nos quedamos y eso estancar\u00e1 el emprendimiento\u00bb; continu\u00f3 Ipata.<\/span><\/p>\n<p align=\"left\"><span style=\"font-family: Verdana; font-size: small;\">Adem\u00e1s, har\u00e1n hincapi\u00e9 en brindar espacios de networking, donde los emprendedores se puedan conocer y generar alianzas entre ellos.<\/span><\/p>\n<p style=\"text-align: center;\" align=\"left\">\u00a0<a href=\"https:\/\/quasarcomunicacion.com.ar\/web\/wp-content\/uploads\/2019\/02\/epe.gif\"><img class=\"alignnone\" alt=\"epe\" src=\"https:\/\/quasarcomunicacion.com.ar\/web\/wp-content\/uploads\/2019\/02\/epe.gif\" \/><\/a><\/p>\n<p align=\"left\"><span style=\"font-family: Verdana; font-size: small;\">La escuela funcionar\u00e1 sobre dos pilares fundamentales: la formaci\u00f3n profesional y el desarrollo personal ya que los emprendedores son una unidad en la vida personal y profesional y desde la instituci\u00f3n se apuntar\u00e1 a ambas.<\/span><\/p>\n<p align=\"left\"><span style=\"font-family: Verdana; font-size: small;\">Teniendo en cuenta esto, la respuesta a la demanda detectada se dar\u00e1 con las siguientes actividades:<\/span><\/p>\n<p align=\"left\"><span style=\"font-family: Verdana; font-size: small;\"><b>CICLO DE CHARLAS GRATUITAS<\/b><br \/>\nPor sexto a\u00f1o consecutivo este a\u00f1o se realizar\u00e1 un ciclo de charlas gratuitas una vez al mes.<\/span><\/p>\n<p align=\"left\"><span style=\"font-family: Verdana; font-size: small;\"><b>TALLERES Y CAPACITACIONES ON LINE Y PRESENCIALES<\/b><br \/>\nLas actividades presenciales se har\u00e1n en Pilar Point y tambi\u00e9n habr\u00e1 otras on line para que se puedan sumar emprendedores de todo el pa\u00eds. Adem\u00e1s, habr\u00e1 talleres espec\u00edficos que apuntar\u00e1n al HACER para aplicar los conocimientos adquiridos<br \/>\n<b><br \/>\nTERAPIA EMPRENDEDORA<\/b><br \/>\nLa Terapia Emprendedora es un espacio que busca convertirse en un lugar de \u201cdescarga\u201d para los emprendedores. La idea es compartir experiencias, problemas y soluciones para lograr, en grupo, superar los obst\u00e1culos y disfrutar de las alegr\u00edas de la dif\u00edcil y apasionante tarea de emprender. La actividad es llevada adelante por un profesional que conducir\u00e1 a los asistentes a resolver sus conflictos a la hora de emprender. La cita ser\u00e1 una vez al mes en horario a convenir en el patio de comidas de Pilar Point. <\/span><\/p>\n<p><span style=\"font-family: Verdana; font-size: small;\"><b>CONTACTATE HOY: RONDAS DE NETWORKING<\/b><br \/>\nContactate HOY es una feria de contactos que organizamos peri\u00f3dicamente para que los emprendedores puedan conocerse y tejer entre ellos alianzas estrat\u00e9gicas. Se trata de un espacio de networking e intercambio de informaci\u00f3n con la premisa GANAR-GANAR. <\/span><\/p>\n<p><span style=\"font-family: Verdana; font-size: small;\"><b>EMPRENDER EN PRIMERA PERSONA<\/b><br \/>\nUn emprendedor invitado nos cuenta su historia emprendedora y las peripecias a la hora de emprender. Una historia de vida para aprender e imitar <\/span><\/p>\n<p><span style=\"font-family: Verdana; font-size: small;\"><b>CHARLAS INFORMATIVAS<\/b><br \/>\nBrindaremos charlas informativas sobre productos y servicios de inter\u00e9s para emprendedores, programas, posibilidades de financiamiento, concursos, etc. <\/span><\/p>\n<p><span style=\"font-family: Verdana; font-size: small;\"><b>CONSULTORIO Y SESIONES DE COACHING<\/b><br \/>\nSesiones individuales y grupales con nuestro staff de capacitadores. Las mismas ser\u00e1n presenciales y on line<\/span><\/p>\n<p style=\"text-align: center;\">\u00a0<a href=\"https:\/\/quasarcomunicacion.com.ar\/web\/wp-content\/uploads\/2019\/02\/epeipata.gif\"><img class=\"alignnone\" alt=\"epeipata\" src=\"https:\/\/quasarcomunicacion.com.ar\/web\/wp-content\/uploads\/2019\/02\/epeipata.gif\" \/><\/a><\/p>\n<p align=\"left\"><span style=\"font-family: Verdana; font-size: small;\">Adem\u00e1s, ya est\u00e1n abiertas las inscripciones para sumarse como socios de la EPE. Cabe destacar que durante su funcionamiento, se organizar\u00e1n actividades gratuitas y otras aranceladas para poder asegurar el sostenimiento de la instituci\u00f3n, la cual no recibe subsidios ni aportes de ning\u00fan tipo por lo cual se sostendr\u00e1 con el aporte de los mismos emprendedores. M\u00e1s informaci\u00f3n sobre c\u00f3mo sumarse aqu\u00ed <a href=\"http:\/\/escuelaparaemprendedores.com.ar\/aportes\"> http:\/\/escuelaparaemprendedores.com.ar\/aportes<\/a>. Podr\u00e1n asociarse con una cuota mensual o pago anual, y de esa manera acceder a muchas actividades gratuitas y contenido y beneficios exclusivos. Y tambi\u00e9n pueden sumarse como anunciantes digitales y sponsors de las actividades.<\/span><\/p>\n<p align=\"left\"><b><span style=\"font-family: Verdana; font-size: small;\">La historia del proyecto<\/span><\/b><\/p>\n<p align=\"left\"><span style=\"font-family: Verdana; font-size: small;\">El evento comenz\u00f3 con un breve repaso de los \u00abhitos\u00bb que vinieron transitando desde 2011 cuando crearon Pilar de Feria con el objetivo de que los emprendedores tengan un lugar para exhibir y vender sus productos.<\/span><\/p>\n<p align=\"left\"><span style=\"font-family: Verdana; font-size: small;\">Luego, un a\u00f1o despu\u00e9s, naci\u00f3 Emprender Hoy como un espacio para brindar capacitaci\u00f3n y herramientas, ese mismo a\u00f1o se sumaron a la Semana Global del Emprendedor e instituyeron por ordenanza la Semana del Emprendedor Pilarense la tercera semana de noviembre. <\/span><\/p>\n<p align=\"left\"><span style=\"font-family: Verdana; font-size: small;\">En el 2014 comenzaron las Charlas Gratuitas para el Desarrollo Emprendedor, que este a\u00f1o tendr\u00e1 su sexta edici\u00f3n en Pilar Point. Ya en el 2015 lanzaron la Red de Emprendedores que hoy cuenta con m\u00e1s de 300 emprendedores que la conforman. <\/span><\/p>\n<p align=\"left\"><span style=\"font-family: Verdana; font-size: small;\">En 2017 fundaron el CEEA (Club de Emprendedores y Empresarios de la Argentina) y ese mismo a\u00f1o se sumaron como embajadores a ASEA, la Asociaci\u00f3n de Emprendedores de la Argentina.<\/span><\/p>\n<p><span style=\"font-family: Verdana; font-size: small;\">\u00abLas puertas est\u00e1n abiertas para todos los que deseen sumarse, nuestro esp\u00edritu es netamente colaborativo y creemos en que de esta manera se pueden generar cosas. Por eso, los interesados se pueden asociar a la escuela con un aporte mensual de dinero, sumarse como voluntarios, hacer aportes en \u00abespecies\u00bb donando productos o servicios que sirvan para el funcionamiento de la escuela, contratando publicidad en nuestras redes y sitios webs, auspiciando alg\u00fan evento, etc. Las posibilidades para sumarse son muchas y de lo\u00a0 m\u00e1s variadas. A esta escuela la sostenemos entre todos\u00bb, aseguran los impulsores del proyecto. <\/span><\/p>\n<p><span style=\"font-family: Verdana; font-size: small;\">La <b>Escuela para Emprendedores<\/b> surge luego de 8 a\u00f1os de trabajo autogestivo a trav\u00e9s de Pilar Emprende y Emprender Hoy.<\/span><\/p>\n<p><span style=\"font-family: Verdana; font-size: small;\">M\u00e1s info <a href=\"http:\/\/www.escuelaparaemprendedores.com.ar\/\"> www.escuelaparaemprendedores.com.ar<\/a> <\/span><\/p>\n<p><span style=\"font-size: small;\"><b><i><span style=\"font-family: Arial;\">Por otras im\u00e1genes, audios o entrevistas no dude en contactarse<\/span><\/i><\/b><\/span><\/p>\n<p align=\"center\"><span style=\"font-size: small;\"><b><i> Contactos de Prensa<\/i><\/b><\/span><\/p>\n<div align=\"left\">\n<table width=\"100%\" border=\"1\" cellpadding=\"2\" align=\"left\">\n<tbody>\n<tr>\n<td align=\"center\" width=\"50%\">\n<p align=\"left\"><span style=\"font-size: medium;\"><strong><span style=\"color: #808080; font-family: Arial; font-size: small;\"> Candela Villanueva &#8211; Asistente de Cuentas<\/p>\n<p><\/span> <\/strong><\/span> <span style=\"font-size: xx-small;\"><span style=\"color: #ff0000;\"> Directo<\/span><b>: <\/b> 0230<\/span><span style=\"font-size: xx-small;\">-4664772<br \/>\n<\/span><span style=\"color: #ff0000; font-size: xx-small;\"> Skype:<\/span><span style=\"font-size: xx-small;\"> quasarcomunicacion<br \/>\n<\/span><span style=\"color: #ff0000; font-size: xx-small;\"> Twitter:<\/span><span style=\"font-size: xx-small;\"> @quasarpilar<br \/>\n<\/span><span style=\"color: #ff0000; font-size: xx-small;\"> Gr<\/span><span style=\"color: #ff0000; font-size: xx-small;\">upo y p\u00e1gina en Facebook: <\/span> <span style=\"color: #808080; font-size: xx-small;\">www.facebook.com\/<\/span><a href=\"mailto:mfipata@gmail.com\"><span style=\"font-size: xx-small;\">Quasar<\/span><\/a><span style=\"font-size: xx-small;\">Comunicacion<br \/>\n<\/span><span style=\"color: #ff0000; font-size: xx-small;\"> Web:<\/span><b><\/b> <a href=\"http:\/\/www.quasarcomunicacion.com.ar\/\"> <span style=\"font-size: xx-small;\">www.quasarcomunicacion.com.ar<\/span><\/a><\/p>\n<p align=\"left\"><span style=\"font-size: xx-small;\"> <span style=\"color: #ff0000;\">Mail<\/span><b>:<\/b><\/span><span style=\"font-size: xx-small;\"> <a href=\"mailto:fernanda@quasarcomunicacion.com.ar\"> candela<\/a><a href=\"mailto:fernanda@quasarcomunicacion.com.ar\">@quasarcomunicacion.com.ar<\/a><\/span><\/p>\n<\/td>\n<td align=\"center\" width=\"50%\">\n<p align=\"left\"><strong> <span style=\"color: #ff0000; font-family: Arial; font-size: small;\">Mariela Porrini<\/span><\/strong><span style=\"font-size: medium;\"><strong><span style=\"color: #808080; font-family: Arial; font-size: small;\"> &#8211; Asistente de Cuentas<\/p>\n<p><\/span> <\/strong><\/span> <span style=\"font-size: xx-small;\"><span style=\"color: #ff0000;\"> Directo<\/span><b>: <\/b> 0230<\/span><span style=\"font-size: xx-small;\">-4664772<br \/>\n<\/span><span style=\"color: #ff0000; font-size: xx-small;\"> Skype:<\/span><span style=\"font-size: xx-small;\"> quasarcomunicacion<br \/>\n<\/span><span style=\"color: #ff0000; font-size: xx-small;\"> Twitter:<\/span><span style=\"font-size: xx-small;\"> @quasarpilar<br \/>\n<\/span><span style=\"color: #ff0000; font-size: xx-small;\"> Gr<\/span><span style=\"color: #ff0000; font-size: xx-small;\">upo y p\u00e1gina en Facebook: <\/span> <span style=\"color: #808080; font-size: xx-small;\">www.facebook.com\/<\/span><a href=\"mailto:mfipata@gmail.com\"><span style=\"font-size: xx-small;\">Quasar<\/span><\/a><span style=\"font-size: xx-small;\">Comunicacion<br \/>\n<\/span><span style=\"color: #ff0000; font-size: xx-small;\"> Web:<\/span><b><\/b> <a href=\"http:\/\/www.quasarcomunicacion.com.ar\/\"> <span style=\"font-size: xx-small;\">www.quasarcomunicacion.com.ar<\/span><\/a><\/p>\n<p align=\"left\"><span style=\"font-size: xx-small;\"> <span style=\"color: #ff0000;\">Mail<\/span><b>:<\/b><\/span><span style=\"font-size: xx-small;\"> <a href=\"mailto:fernanda@quasarcomunicacion.com.ar\"> quasar<\/a><a href=\"mailto:fernanda@quasarcomunicacion.com.ar\">@quasarcomunicacion.com.ar<\/a><\/span><\/p>\n<\/td>\n<\/tr>\n<\/tbody>\n<\/table>\n<\/div>\n","protected":false},"excerpt":{"rendered":"<p>\u00a0El viernes 8 de febrero, con un patio de comidas colmado de emprendedores, se realiz\u00f3 en Pilar Point el lanzamiento [&hellip;]<\/p>\n","protected":false},"author":2,"featured_media":9049,"comment_status":"open","ping_status":"open","sticky":false,"template":"","format":"standard","meta":[],"categories":[2],"tags":[],"_links":{"self":[{"href":"https:\/\/quasarcomunicacion.com.ar\/web\/wp-json\/wp\/v2\/posts\/9054"}],"collection":[{"href":"https:\/\/quasarcomunicacion.com.ar\/web\/wp-json\/wp\/v2\/posts"}],"about":[{"href":"https:\/\/quasarcomunicacion.com.ar\/web\/wp-json\/wp\/v2\/types\/post"}],"author":[{"embeddable":true,"href":"https:\/\/quasarcomunicacion.com.ar\/web\/wp-json\/wp\/v2\/users\/2"}],"replies":[{"embeddable":true,"href":"https:\/\/quasarcomunicacion.com.ar\/web\/wp-json\/wp\/v2\/comments?post=9054"}],"version-history":[{"count":0,"href":"https:\/\/quasarcomunicacion.com.ar\/web\/wp-json\/wp\/v2\/posts\/9054\/revisions"}],"wp:featuredmedia":[{"embeddable":true,"href":"https:\/\/quasarcomunicacion.com.ar\/web\/wp-json\/wp\/v2\/media\/9049"}],"wp:attachment":[{"href":"https:\/\/quasarcomunicacion.com.ar\/web\/wp-json\/wp\/v2\/media?parent=9054"}],"wp:term":[{"taxonomy":"category","embeddable":true,"href":"https:\/\/quasarcomunicacion.com.ar\/web\/wp-json\/wp\/v2\/categories?post=9054"},{"taxonomy":"post_tag","embeddable":true,"href":"https:\/\/quasarcomunicacion.com.ar\/web\/wp-json\/wp\/v2\/tags?post=9054"}],"curies":[{"name":"wp","href":"https:\/\/api.w.org\/{rel}","templated":true}]}}