{"id":9012,"date":"2019-02-01T11:13:59","date_gmt":"2019-02-01T14:13:59","guid":{"rendered":"https:\/\/quasarcomunicacion.com.ar\/web\/?p=9012"},"modified":"2019-02-01T11:13:59","modified_gmt":"2019-02-01T14:13:59","slug":"lanzan-la-escuela-para-emprendedores-en-pilar-point","status":"publish","type":"post","link":"https:\/\/quasarcomunicacion.com.ar\/web\/lanzan-la-escuela-para-emprendedores-en-pilar-point\/","title":{"rendered":"Lanzan la Escuela para Emprendedores en Pilar Point"},"content":{"rendered":"<p style=\"text-align: left;\" align=\"center\"><b style=\"font-family: Verdana; font-size: small;\">Pilar Emprende by Emprender Hoy<\/b><span style=\"font-family: Verdana; font-size: small;\">, tras casi una d\u00e9cada trabajando por los emprendedores, abre la <\/span><b style=\"font-family: Verdana; font-size: small;\">Escuela para Emprendedores (EPE)<\/b><span style=\"font-family: Verdana; font-size: small;\">, un espacio donde se continuar\u00e1 con todas las iniciativas que ven\u00edan realizando. El lanzamiento ser\u00e1 el viernes 8 de febrero a las 19 hs en Pilar Point (Ruta 8 e Ituzaing\u00f3, Pilar centro). La actividad es con entrada libre y gratuita y est\u00e1 abierta a toda la comunidad emprendedora. Por cuestiones organizativas es necesario inscribirse aqu\u00ed <\/span><a style=\"font-family: Verdana; font-size: small;\" href=\"http:\/\/escuelaparaemprendedores.com.ar\/lanzamiento\"> http:\/\/escuelaparaemprendedores.com.ar\/lanzamiento<!--more--><\/a><\/p>\n<p><span style=\"font-family: Verdana; font-size: small;\">Informes y consultas escribiendo a <a href=\"mailto:info@escuelaparaemprendedores.com.ar\"> info@escuelaparaemprendedores.com.ar<\/a> o por whatsapp al 11 6742 7635. Adem\u00e1s, se pueden sumar al grupo de Facebook <a href=\"https:\/\/www.facebook.com\/groups\/escuelaparaemprendedoresarg\/\"> https:\/\/www.facebook.com\/groups\/escuelaparaemprendedoresarg\/<\/a> donde se comparte toda la informaci\u00f3n.<\/span><\/p>\n<p align=\"center\"><a href=\"https:\/\/quasarcomunicacion.com.ar\/web\/wp-content\/uploads\/2015\/08\/charlajulio.gif\"><img class=\"alignnone\" alt=\"charlajulio\" src=\"https:\/\/quasarcomunicacion.com.ar\/web\/wp-content\/uploads\/2015\/08\/charlajulio.gif\" \/><\/a><\/p>\n<p><span style=\"font-family: Verdana; font-size: small;\">La EPE es un \u00e1mbito de encuentro entre los emprendedores, un lugar donde acceder\u00e1n a herramientas concretas, capacitaci\u00f3n e informaci\u00f3n relevante y oportuna para su desarrollo personal y profesional. Adem\u00e1s, podr\u00e1n darle visibilidad a sus proyectos e interactuar con otros pares para compartir experiencias. Tambi\u00e9n habr\u00e1 capacitaciones a distancia, eventos y actividades permanentes.<\/span><\/p>\n<p><span style=\"font-family: Verdana; font-size: small;\">\u00abSomos una Escuela creada por y para emprendedores. Conocemos las necesidades del sector y queremos ser un \u00e1mbito donde encuentren soluciones a los problemas que se le presentan a la hora de emprender, donde reciban asistencia, acompa\u00f1amiento\u00bb, aseguran desde el equipo de la EPE, el cual est\u00e1 liderado por la Lic. Mar\u00eda Fernanda Ipata, con amplia trayectoria en el sector.<\/span><\/p>\n<p><span style=\"font-family: Verdana; font-size: small;\">La EPE est\u00e1 conformada por un equipo de profesionales voluntarios, que ofrecen su saber tanto en capacitaciones, como en mentor\u00edas y asesoramiento personalizado y grupal. Durante su funcionamiento, se organizar\u00e1n actividades gratuitas y otras aranceladas para poder asegurar el sostenimiento de la instituci\u00f3n, la cual no recibe subsidios ni aportes de ning\u00fan tipo por lo cual se sostendr\u00e1 con el aporte de los mismos emprendedores. M\u00e1s informaci\u00f3n sobre c\u00f3mo sumarse aqu\u00ed <a href=\"http:\/\/escuelaparaemprendedores.com.ar\/aportes\"> http:\/\/escuelaparaemprendedores.com.ar\/aportes<\/a> <\/span><\/p>\n<p align=\"center\"><a href=\"https:\/\/quasarcomunicacion.com.ar\/web\/wp-content\/uploads\/2014\/09\/charlavidrieras.gif\"><img class=\"alignnone\" alt=\"charlavidrieras\" src=\"https:\/\/quasarcomunicacion.com.ar\/web\/wp-content\/uploads\/2014\/09\/charlavidrieras.gif\" \/><\/a><\/p>\n<p><span style=\"font-family: Verdana; font-size: small;\">\u00abLas puertas est\u00e1n abiertas para todos los que deseen sumarse, nuestro esp\u00edritu es netamente colaborativo y creemos en que de esta manera se pueden generar cosas. Por eso, los interesados se pueden asociar a la escuela con un aporte mensual de dinero, sumarse como voluntarios, hacer aportes en \u00abespecies\u00bb donando productos o servicios que sirvan para el funcionamiento de la escuela, contratando publicidad en nuestras redes y sitios webs, auspiciando alg\u00fan evento, etc. Las posibilidades para sumarse son muchas y de lo\u00a0 m\u00e1s variadas. A esta escuela la sostenemos entre todos\u00bb, aseguran los impulsores del proyecto. <\/span><\/p>\n<p><span style=\"font-family: Verdana; font-size: small;\">Los socios acceder\u00e1n a muchos beneficios exclusivos, adem\u00e1s podr\u00e1n utilizar los servicios de la Biblioteca del Emprendedor con libros en formato papel y otros e-books que estar\u00e1n a disposici\u00f3n de los integrantes.<\/span><\/p>\n<p><span style=\"font-family: Verdana; font-size: small;\">La sede principal para las actividades presenciales ser\u00e1 Pilar Point, en pleno centro de Pilar. All\u00ed se reunir\u00e1n peri\u00f3dicamente los emprendedores, tambi\u00e9n habr\u00e1 capacitaciones a distancia para los que est\u00e1n alejados de Pilar, eventos y actividades para que puedan crecer con sus proyecto y profesionalizarlo cada d\u00eda m\u00e1s. <\/span><\/p>\n<p><span style=\"font-family: Verdana; font-size: small;\">Las actividades de la EPE se idearon atendiendo las necesidades de los emprendedores de la zona. Seg\u00fan el relevamiento realizado, lo que m\u00e1s necesitan para crecer como emprendedores es la CAPACITACI\u00d3N, luego le sigue Espacios de Networking, Charlas Informativas, Consultor\u00edas, asesor\u00edas y tutor\u00edas. Todo eso se brindar\u00e1 en la EPE.<\/span><\/p>\n<p><span style=\"font-family: Verdana; font-size: small;\">Cada actividad siempre contiene un espacio de networking y se har\u00e1n otros encuentros especialmente apuntando a este objetivo de entablar relaciones comerciales entre los integrantes.<\/span><\/p>\n<p>&nbsp;<\/p>\n<p><span style=\"font-family: Verdana; font-size: small;\">Respecto de c\u00f3mo impartir\u00e1n las capacitaciones, luego de la encuesta, llegaron a la conclusi\u00f3n que un 26,5% de los emprendedores consultados prefieren capacitaciones presenciales, el 32,4 virtuales y al 41,5 le resulta indistinto.<\/span><\/p>\n<p>&nbsp;<\/p>\n<p><span style=\"font-family: Verdana; font-size: small;\">\u00abEn vistas a estos n\u00fameros, y porque queremos llegar cada vez a m\u00e1s emprendedores que por cuestiones de distancia no acceden a herramientas y capacitaciones, es que desde el a\u00f1o pasado incorporamos las actividades a distancia, utilizando internet para impartir conocimientos y acercarnos a puntos lejanos de Pilar\u00bb, indica la Lic Mar\u00eda Fernanda Ipata.<\/span><\/p>\n<p><span style=\"font-family: Verdana; font-size: small;\">\u00abSin embargo, sabemos que el contacto personal es importante, el vernos la cara potencia las relaciones, por eso que a partir de este a\u00f1o apostamos a tener un lugar f\u00edsico de reuni\u00f3n, donde concentraremos la mayor cantidad de actividades. En un espacio como Pilar Point que nos brinda todas las comunidades y est\u00e1 accesible tanto para el que viene en auto como para el que se maneja en transporte p\u00fablico\u00bb, agrega. <\/span><\/p>\n<p><span style=\"font-family: Verdana; font-size: small;\">Adem\u00e1s, el calendario de actividades se arm\u00f3 en base a un relevamiento previo, buscando conocer en qu\u00e9 temas necesitaban capacitarse.\u00a0 De esa encuesta se concluy\u00f3 que la Gesti\u00f3n de Redes Sociales est\u00e1 a la cabeza, luego le siguen Trucos para manejar tu emprendimiento desde el celular, Herramientas digitales para emprendedores, Herramientas para administrar el tiempo y tus tareas, C\u00f3mo Comunicar tu Emprendimiento, Liderazgo motivacional, Finanzas para Emprendedores, Dise\u00f1o gr\u00e1fico b\u00e1sico para emprendedores y la lista sigue.<\/span><\/p>\n<p>&nbsp;<\/p>\n<p><span style=\"font-family: Verdana; font-size: small;\">\u00abCabe destacar que sobre esta base de temas es que calendarizaremos las capacitaciones, las cuales ser\u00e1n en su mayor\u00eda charlas o talleres, de 2 o 3 horas de duraci\u00f3n para que el emprendedor pueda asumir el compromiso y completarlo. Apuntaremos mucho a la pr\u00e1ctica, al conocimiento aplicado, al hacer. Las cuestiones tecnol\u00f3gicas est\u00e1n a la vanguardia de las necesidades, por eso que vamos a apuntar a muchos talleres pr\u00e1cticos para que implementen la tecnolog\u00eda a sus proyectos. Nuestra experiencia nos indica que solemos asistir a muchas capacitaciones pero luego no lo aplicamos, por eso que uno de los objetivos es poder aplicar el conocimiento de manera inmediata\u00bb, contin\u00faa Mar\u00eda Fernanda Ipata, que adem\u00e1s de ser licenciada en Periodismo y analista en medios de comunicaci\u00f3n social, tiene un post\u00edtulo en formaci\u00f3n docente y un amplio conocimiento y relacionamiento con la cultura emprendedora.<\/span><\/p>\n<p><span style=\"font-family: Verdana; font-size: small;\">La <b>Escuela para Emprendedores<\/b> surge luego de 8 a\u00f1os de trabajo autogestivo a trav\u00e9s de Pilar Emprende y Emprender Hoy.<\/span><\/p>\n<p><span style=\"font-family: Verdana; font-size: small;\">M\u00e1s info <a href=\"http:\/\/www.escuelaparaemprendedores.com.ar\/\"> www.escuelaparaemprendedores.com.ar<\/a> <\/span><\/p>\n<p><span style=\"font-size: small;\"><b><i><span style=\"font-family: Arial;\">Por otras im\u00e1genes, audios o entrevistas no dude en contactarse<\/span><\/i><\/b><\/span><\/p>\n<p align=\"center\"><span style=\"font-size: small;\"><b><i> Contactos de Prensa<\/i><\/b><\/span><\/p>\n<div align=\"left\">\n<table width=\"100%\" border=\"1\" cellpadding=\"2\" align=\"left\">\n<tbody>\n<tr>\n<td align=\"center\" width=\"50%\">\n<p align=\"left\"><span style=\"font-size: medium;\"><strong><span style=\"color: #808080; font-family: Arial; font-size: small;\"> Candela Villanueva &#8211; Asistente de Cuentas<\/p>\n<p><\/span> <\/strong><\/span> <span style=\"font-size: xx-small;\"><span style=\"color: #ff0000;\"> Directo<\/span><b>: <\/b> 0230<\/span><span style=\"font-size: xx-small;\">-4664772<br \/>\n<\/span><span style=\"color: #ff0000; font-size: xx-small;\"> Skype:<\/span><span style=\"font-size: xx-small;\"> quasarcomunicacion<br \/>\n<\/span><span style=\"color: #ff0000; font-size: xx-small;\"> Twitter:<\/span><span style=\"font-size: xx-small;\"> @quasarpilar<br \/>\n<\/span><span style=\"color: #ff0000; font-size: xx-small;\"> Gr<\/span><span style=\"color: #ff0000; font-size: xx-small;\">upo y p\u00e1gina en Facebook: <\/span> <span style=\"color: #808080; font-size: xx-small;\">www.facebook.com\/<\/span><a href=\"mailto:mfipata@gmail.com\"><span style=\"font-size: xx-small;\">Quasar<\/span><\/a><span style=\"font-size: xx-small;\">Comunicacion<br \/>\n<\/span><span style=\"color: #ff0000; font-size: xx-small;\"> Web:<\/span><b><\/b> <a href=\"http:\/\/www.quasarcomunicacion.com.ar\/\"> <span style=\"font-size: xx-small;\">www.quasarcomunicacion.com.ar<\/span><\/a><\/p>\n<p align=\"left\"><span style=\"font-size: xx-small;\"> <span style=\"color: #ff0000;\">Mail<\/span><b>:<\/b><\/span><span style=\"font-size: xx-small;\"> <a href=\"mailto:fernanda@quasarcomunicacion.com.ar\"> candela<\/a><a href=\"mailto:fernanda@quasarcomunicacion.com.ar\">@quasarcomunicacion.com.ar<\/a><\/span><\/p>\n<\/td>\n<td align=\"center\" width=\"50%\">\n<p align=\"left\"><strong> <span style=\"color: #ff0000; font-family: Arial; font-size: small;\">Mariela Porrini<\/span><\/strong><span style=\"font-size: medium;\"><strong><span style=\"color: #808080; font-family: Arial; font-size: small;\"> &#8211; Asistente de Cuentas<\/p>\n<p><\/span> <\/strong><\/span> <span style=\"font-size: xx-small;\"><span style=\"color: #ff0000;\"> Directo<\/span><b>: <\/b> 0230<\/span><span style=\"font-size: xx-small;\">-4664772<br \/>\n<\/span><span style=\"color: #ff0000; font-size: xx-small;\"> Skype:<\/span><span style=\"font-size: xx-small;\"> quasarcomunicacion<br \/>\n<\/span><span style=\"color: #ff0000; font-size: xx-small;\"> Twitter:<\/span><span style=\"font-size: xx-small;\"> @quasarpilar<br \/>\n<\/span><span style=\"color: #ff0000; font-size: xx-small;\"> Gr<\/span><span style=\"color: #ff0000; font-size: xx-small;\">upo y p\u00e1gina en Facebook: <\/span> <span style=\"color: #808080; font-size: xx-small;\">www.facebook.com\/<\/span><a href=\"mailto:mfipata@gmail.com\"><span style=\"font-size: xx-small;\">Quasar<\/span><\/a><span style=\"font-size: xx-small;\">Comunicacion<br \/>\n<\/span><span style=\"color: #ff0000; font-size: xx-small;\"> Web:<\/span><b><\/b> <a href=\"http:\/\/www.quasarcomunicacion.com.ar\/\"> <span style=\"font-size: xx-small;\">www.quasarcomunicacion.com.ar<\/span><\/a><\/p>\n<p align=\"left\"><span style=\"font-size: xx-small;\"> <span style=\"color: #ff0000;\">Mail<\/span><b>:<\/b><\/span><span style=\"font-size: xx-small;\"> <a href=\"mailto:fernanda@quasarcomunicacion.com.ar\"> quasar<\/a><a href=\"mailto:fernanda@quasarcomunicacion.com.ar\">@quasarcomunicacion.com.ar<\/a><\/span><\/p>\n<\/td>\n<\/tr>\n<\/tbody>\n<\/table>\n<\/div>\n","protected":false},"excerpt":{"rendered":"<p>Pilar Emprende by Emprender Hoy, tras casi una d\u00e9cada trabajando por los emprendedores, abre la Escuela para Emprendedores (EPE), un [&hellip;]<\/p>\n","protected":false},"author":2,"featured_media":4961,"comment_status":"open","ping_status":"open","sticky":false,"template":"","format":"standard","meta":[],"categories":[2],"tags":[],"_links":{"self":[{"href":"https:\/\/quasarcomunicacion.com.ar\/web\/wp-json\/wp\/v2\/posts\/9012"}],"collection":[{"href":"https:\/\/quasarcomunicacion.com.ar\/web\/wp-json\/wp\/v2\/posts"}],"about":[{"href":"https:\/\/quasarcomunicacion.com.ar\/web\/wp-json\/wp\/v2\/types\/post"}],"author":[{"embeddable":true,"href":"https:\/\/quasarcomunicacion.com.ar\/web\/wp-json\/wp\/v2\/users\/2"}],"replies":[{"embeddable":true,"href":"https:\/\/quasarcomunicacion.com.ar\/web\/wp-json\/wp\/v2\/comments?post=9012"}],"version-history":[{"count":0,"href":"https:\/\/quasarcomunicacion.com.ar\/web\/wp-json\/wp\/v2\/posts\/9012\/revisions"}],"wp:featuredmedia":[{"embeddable":true,"href":"https:\/\/quasarcomunicacion.com.ar\/web\/wp-json\/wp\/v2\/media\/4961"}],"wp:attachment":[{"href":"https:\/\/quasarcomunicacion.com.ar\/web\/wp-json\/wp\/v2\/media?parent=9012"}],"wp:term":[{"taxonomy":"category","embeddable":true,"href":"https:\/\/quasarcomunicacion.com.ar\/web\/wp-json\/wp\/v2\/categories?post=9012"},{"taxonomy":"post_tag","embeddable":true,"href":"https:\/\/quasarcomunicacion.com.ar\/web\/wp-json\/wp\/v2\/tags?post=9012"}],"curies":[{"name":"wp","href":"https:\/\/api.w.org\/{rel}","templated":true}]}}