{"id":8981,"date":"2019-01-25T09:49:58","date_gmt":"2019-01-25T12:49:58","guid":{"rendered":"https:\/\/quasarcomunicacion.com.ar\/web\/?p=8981"},"modified":"2019-01-25T09:49:58","modified_gmt":"2019-01-25T12:49:58","slug":"canteras-del-mundo-sponsor-oficial-de-estilo-pilar-2019","status":"publish","type":"post","link":"https:\/\/quasarcomunicacion.com.ar\/web\/canteras-del-mundo-sponsor-oficial-de-estilo-pilar-2019\/","title":{"rendered":"Canteras del Mundo, sponsor oficial de Estilo Pilar 2019"},"content":{"rendered":"<p style=\"text-align: left;\" align=\"center\"><span style=\"font-family: Verdana;\">Del 28 de marzo al 28 de abril de 2019 se realizar\u00e1 la<b> 17\u00ba Edici\u00f3n de Estilo Pilar<\/b>, la exposici\u00f3n de decoraci\u00f3n, paisajismo y arte que se realiza a beneficio de los consultorios odontol\u00f3gicos de la instituci\u00f3n. Nuevamente en Pilar, se realizar\u00e1 en <\/span> <span style=\"font-family: Verdana; font-size: small;\">AZZURRA, emprendimiento del Grupo Monarca, un exclusivo desarrollo de 69 hect\u00e1reas de riqueza natural atravesada por un arroyo a lo largo de toda su extensi\u00f3n.<!--more--><\/span><\/p>\n<p style=\"text-align: center;\">\u00a0<a href=\"https:\/\/quasarcomunicacion.com.ar\/web\/wp-content\/uploads\/2019\/01\/canteras1.gif\"><img class=\"alignnone\" alt=\"canteras1\" src=\"https:\/\/quasarcomunicacion.com.ar\/web\/wp-content\/uploads\/2019\/01\/canteras1.gif\" \/><\/a><\/p>\n<p><span style=\"font-family: Verdana; font-size: small;\">Canteras del Mundo, distribuidor de m\u00e1rmoles, granitos, y representante de Silestone, Dektony Marmotech, ser\u00e1 Sponsor de la exposici\u00f3n de decoraci\u00f3n, paisajismo y arte organizada por la Asociaci\u00f3n Civil Amigos del Pilar, donde presentar\u00e1 las \u00faltimas tendencias en superficies de cuarzo, compactas y piedras. <\/span><\/p>\n<p><span style=\"font-family: Verdana; font-size: small;\">Canteras del Mundo, empresa l\u00edder en la distribuci\u00f3n y producci\u00f3n de superficies innovadoras para el mundo de la arquitectura y el dise\u00f1o, dice presente con M\u00e1rmoles, Granitos, Marmotech, Silestone y Dekton en la mega muestra que impulsa la innovaci\u00f3n y la vanguardia en dise\u00f1o y decoraci\u00f3n, a beneficio de la atenci\u00f3n gratuita odontol\u00f3gica pedi\u00e1trica en Pilar. <\/span><\/p>\n<p><span style=\"font-family: Verdana; font-size: small;\">Quienes recorran la feria podr\u00e1n ver los \u00faltimos lanzamientos a nivel mundial de Cosentino, fabricante de Silestone y Dekton. En esta oportunidad, Canteras presenta la nueva l\u00ednea Dekton Stonika y los dos nuevos colores de la l\u00ednea Dekton Industrial. <\/span><\/p>\n<p><span style=\"font-family: Verdana; font-size: small;\">La serie Stonika de Dekton est\u00e1 inspirada en los materiales de piedra natural m\u00e1s codiciados, con un brillo espectacular y una durabilidad incomparable. La nueva colecci\u00f3n tambi\u00e9n ofrece la mejor resistencia al choque t\u00e9rmico y al impacto en el mercado. Las cuatro nuevas propuestas de color son: Bergen (su estructura intrincada y escult\u00f3rica se ve reforzada por su acabado brillante), Olimpo (su elegante veteado sobre un fondo blanco suave se ve acentuado por su brillo deslumbrante), Sogne (con una textura que combina la piedra natural y el hormig\u00f3n envejecido, evoca una est\u00e9tica industrial con la yuxtaposici\u00f3n de su brillo) y Corso (sus vetas grises junto con su base intensa hacen una declaraci\u00f3n impresionante).<\/span><\/p>\n<p><span style=\"font-family: Verdana; font-size: small;\">Adem\u00e1s, Canteras ense\u00f1a los dos nuevos colores de la l\u00ednea Dekton Industrial: Vera, un color de fondo gris y vetas de color claro que rompen con la est\u00e9tica de los colores convencionales, creando una fusi\u00f3n entre lo natural y lo industrial, y Kira, basado en tonos terrosos con vetas finas distribuidas con naturalidad que le confieren un color atemporal.<\/span><\/p>\n<p style=\"text-align: center;\">\u00a0<a href=\"https:\/\/quasarcomunicacion.com.ar\/web\/wp-content\/uploads\/2019\/01\/canteras.gif\"><img class=\"alignnone\" alt=\"canteras\" src=\"https:\/\/quasarcomunicacion.com.ar\/web\/wp-content\/uploads\/2019\/01\/canteras.gif\" \/><\/a><\/p>\n<p><span style=\"font-family: Verdana; font-size: small;\">Asimismo, la empresa l\u00edder en distribuci\u00f3n y producci\u00f3n de piedras naturales y superficies compactas, exhibe Marmotech, una superficie de m\u00e1rmol compacto, fabricado a partir de una mezcla de minerales de origen calc\u00e1reo, pigmentos y resinas. Este nuevo material ofrece superficies de excepcional belleza y resistencia, con las mismas virtudes y encanto de la piedra natural, con el a\u00f1adido de la tecnolog\u00eda que le otorga excelentes caracter\u00edsticas: estabilidad dimensional, estabilidad al color y a la veta, competitividad en el precio. <\/span><\/p>\n<p><span style=\"font-family: Verdana; font-size: small;\">Por \u00faltimo, las piedras naturales de Canteras son mucho m\u00e1s que las tradicionales versiones en blancos y grises, uniformes y de grano medio. Ante nuestros ojos descubrimos una amplia y riqu\u00edsima gama de variedades que incorporan materiales ex\u00f3ticos, adem\u00e1s de colores y tonalidades hasta ahora inimaginables. <\/span><\/p>\n<p><span style=\"font-family: Verdana; font-size: small;\">Al respecto, Franco Ragolia \u2013 CEO de Canteras Del Mundo, distribuidor oficial de productos Cosentino en el pa\u00eds \u2013 sostuvo: \u201cNuestra presencia en Estilo Pilar refleja el compromiso de Canteras del Mundo de acompa\u00f1ar a los arquitectos y estudios de decoraci\u00f3n. Nuestro objetivo en Estilo Pilar es poder acercarle al p\u00fablico general las mejores aplicaciones de nuestros materiales dentro del marco de la mega muestra que exhibe productos innovadores y de vanguardia en dise\u00f1o\u201d.<\/span><\/p>\n<p style=\"text-align: center;\">\u00a0<a href=\"https:\/\/quasarcomunicacion.com.ar\/web\/wp-content\/uploads\/2019\/01\/canteraslogo.gif\"><img class=\"alignnone\" alt=\"canteraslogo\" src=\"https:\/\/quasarcomunicacion.com.ar\/web\/wp-content\/uploads\/2019\/01\/canteraslogo.gif\" \/><\/a><\/p>\n<p><span style=\"font-family: Verdana; font-size: small;\"><b>Acerca de Canteras<br \/>\n<\/b><br \/>\nCanteras del mundo es la empresa l\u00edder del mercado dedicada a la selecci\u00f3n, importaci\u00f3n y comercializaci\u00f3n de piedras naturales de todo el mundo para Argentina. Desde hace m\u00e1s de diez a\u00f1os CANTERAS se distingue en el sector de la construcci\u00f3n por brindar un servicio integral para satisfacer todas las necesidades de las marmoler\u00edas A ra\u00edz del cumplimiento de los m\u00e1s altos est\u00e1ndares de calidad y servicio, la empresa obtuvo la representaci\u00f3n y distribuci\u00f3n exclusiva de Cosentino, compa\u00f1\u00eda n\u00famero uno en Espa\u00f1a y creadora de SILESTONE y DEKTON.<\/span><\/p>\n<p><span style=\"font-family: Verdana; font-size: small;\">M\u00e1s informaci\u00f3n: <a href=\"http:\/\/www.canterasdelmundo.com\/\"> www.canterasdelmundo.com<\/a> <\/span><\/p>\n<p><b><span style=\"font-family: Verdana; font-size: small;\">Sobre Estilo Pilar 2019<\/span><\/b><\/p>\n<p><span style=\"font-family: Verdana; font-size: small;\">Se realizar\u00e1 en Azzurra &#8211; Av. Patricias Argentinas 3796 (Pilar) desde el Jueves 28 de Marzo hasta el Domingo 28 de Abril de 2019 inclusive. <\/span><\/p>\n<p><span style=\"font-family: Verdana; font-size: small;\">Abrir\u00e1 sus puertas los d\u00edas Jueves, Viernes, S\u00e1bados y Domingos de 11 hs a 19 hs.<br \/>\nDomingo de Pascuas Cerrado.<br \/>\nLunes, Martes y Mi\u00e9rcoles Cerrado.<\/p>\n<p>Habr\u00e1 21 espacios de arte, 34 de Decoraci\u00f3n y Showrooms y 11 de Paisajismo<\/span><\/p>\n<p><span style=\"font-family: Verdana; font-size: small;\">Adem\u00e1s el tradicional Paseo de Compras y Garden Walk con 42 espacios.<\/span><\/p>\n<p><span style=\"font-family: Verdana; font-size: small;\">Por su parte la Gastronom\u00eda tendr\u00e1 7 propuestas diferentes<\/span><\/p>\n<p><span style=\"font-family: Verdana; font-size: small;\"><b>Contacto<\/b><br \/>\n<a href=\"https:\/\/www.facebook.com\/estilopilar\"> https:\/\/www.facebook.com\/estilopilar<\/a><br \/>\n<a href=\"http:\/\/www.estilopilar.com.ar\/\"> http:\/\/www.estilopilar.com.ar\/<\/a> <\/span><\/p>\n<p>&nbsp;<\/p>\n<p><span style=\"font-family: Verdana; font-size: small;\"><b><span style=\"text-decoration: underline;\">Ficha T\u00e9cnica:<\/span><\/b><\/span><\/p>\n<p><span style=\"font-family: Verdana; font-size: small;\"><b>Lugar<\/b>: Azzurra &#8211; Av. Patricias Argentinas 3796, Manuel Alberti.<br \/>\n<b>Fecha<\/b>: Desde el Jueves 28 de Marzo hasta el Domingo 28 de Abril de 2019 inclusive.<\/p>\n<p><b>Horarios de apertura:<\/b> Jueves, Viernes, S\u00e1bados y Domingos de 11 hs. a 19 hs.<br \/>\nDomingo de Pascuas Cerrado.<br \/>\nLunes, Martes y Mi\u00e9rcoles Cerrado.<\/p>\n<p><b>Arte<\/b>: 21 espacios<br \/>\n<b>Decoraci\u00f3n y Showrooms:<\/b> 34 espacios<br \/>\n<b>Paisajismo<\/b>: 11 espacios<br \/>\n<b>Paseo de Compras y Garden Walk:<\/b> 42 espacios<br \/>\n<b>Gastronom\u00eda<\/b>: 6 espacios + el caf\u00e9<\/p>\n<p><b>Predio<\/b>: 2 has<\/span><\/p>\n<p><span style=\"font-family: Verdana; font-size: small;\"><b>Contacto<\/b><br \/>\n<a href=\"https:\/\/www.facebook.com\/estilopilar\"> https:\/\/www.facebook.com\/estilopilar<\/a><br \/>\n<a href=\"http:\/\/www.estilopilar.com.ar\/\"> http:\/\/www.estilopilar.com.ar\/<\/a> <\/span><\/p>\n<p><b><span style=\"font-family: Verdana; font-size: small;\">Sobre de Amigos del Pilar<\/span><\/b><\/p>\n<p><span style=\"font-family: Verdana; font-size: xx-small;\">Como todos los a\u00f1os anteriores, Estilo Pilar es organizado por Amigos del Pilar, una Asociaci\u00f3n Civil que surgi\u00f3 de la inquietud de un grupo de mujeres con esp\u00edritu solidario que deseaban colaborar y comprometerse con su comunidad. Desde el a\u00f1o 1996 trabajan en el partido de Pilar con la misi\u00f3n de brindar ayuda a ni\u00f1os de escasos recursos en materia de salud odontol\u00f3gica: \u201cUn Pilar con atenci\u00f3n digna para aquellos de bajos recursos\u201d.<br \/>\nPara llevar a cabo esta tarea, en el a\u00f1o 2004 crearon los consultorios odontol\u00f3gicos propios, que funcionaron ininterrumpidamente hasta Octubre del 2014. A partir del 1 de Octubre de ese a\u00f1o iniciaron un nuevo camino. Formularon un nuevo sistema de becas que hace posible que tanto antiguos pacientes, como aquellos nuevos que soliciten atenci\u00f3n, puedan ser atendidos con la financiaci\u00f3n de Amigos del Pilar. Hasta Diciembre de 2017 se atendieron 64.730 chicos y se realizaron 165.289 prestaciones.<br \/>\nEste nuevo proyecto es posible tambi\u00e9n gracias a la ayuda de profesionales solidarios que comprenden la tarea y est\u00e1n involucrados con la obra de la fundaci\u00f3n. <\/span><\/p>\n<p><span style=\"font-family: Verdana; font-size: xx-small;\"><br \/>\nPara m\u00e1s informaci\u00f3n ingresar a <a href=\"http:\/\/www.amigosdelpilar.org.ar\/\"> http:\/\/www.amigosdelpilar.org.ar\/<\/a><\/span><\/p>\n<p align=\"left\"><span style=\"font-size: small;\"><b><i><span style=\"font-family: Arial;\">Por otras im\u00e1genes, audios o entrevistas no dude en contactarse<\/span><\/i><\/b><\/span><\/p>\n<p align=\"left\">Toda la informaci\u00f3n en <a href=\"http:\/\/www.quasarcomunicacion.com.ar\/web\/estilopilar19\"> www.quasarcomunicacion.com.ar\/web\/estilopilar19<\/a><a href=\"http:\/\/www.quasarcomunicacion.com.ar\/web\/estilopilar18\">\u00a0 <\/a><\/p>\n<p align=\"center\"><span style=\"font-size: small;\"><b><i> Contactos de Prensa<\/i><\/b><\/span><\/p>\n<div align=\"left\">\n<table width=\"100%\" border=\"1\" cellpadding=\"2\" align=\"left\">\n<tbody>\n<tr>\n<td align=\"center\" width=\"99%\">\n<div align=\"left\">\n<pre><span style=\"font-size: medium;\"><strong><span style=\"color: #808080; font-family: Arial; font-size: small;\">Candela Villanueva - Asistente de Cuentas\n\n<\/span><\/strong><\/span><span style=\"font-size: xx-small;\"><span style=\"color: #ff0000;\">Directo<\/span><b>: <\/b>0230<\/span><span style=\"font-size: xx-small;\">-4664772\nwww.quasarcomunicacion.com.ar<\/span><\/pre>\n<\/div>\n<div>\n<div align=\"left\">\n<pre><span style=\"font-family: Verdana; font-size: xx-small;\"><b><span style=\"color: #ff0000;\">SKYPE<\/span><\/b>: Quasarcomunicacion<\/span><span style=\"font-size: xx-small;\">\n<b><span style=\"color: #ff0000;\">Facebook<\/span><\/b>:\u00a0<\/span><a href=\"http:\/\/www.facebook.com\/quasarcomunicacion\" target=\"_blank\" data-saferedirecturl=\"https:\/\/www.google.com\/url?q=http:\/\/www.facebook.com\/quasarcomunicacion&amp;source=gmail&amp;ust=1548429876943000&amp;usg=AFQjCNGk5RDVWFwdg4IFaY6NyOyHSYQlww\" rel=\"noopener noreferrer\"><span style=\"font-size: xx-small;\">www.facebook.com\/<wbr \/>quasarcomunicacion<\/span><\/a><span style=\"font-size: xx-small;\">\n<b><span style=\"color: #ff0000;\">Twitter<\/span><\/b>\u00a0<\/span><a href=\"http:\/\/www.twitter.com\/quasarpilar\" target=\"_blank\" data-saferedirecturl=\"https:\/\/www.google.com\/url?q=http:\/\/www.twitter.com\/quasarpilar&amp;source=gmail&amp;ust=1548429876943000&amp;usg=AFQjCNFfQioVgHIZ2caB2pA_s5z_4kC3UA\" rel=\"noopener noreferrer\"><span style=\"font-size: xx-small;\">www.twitter.com\/quasarpilar<\/span><\/a><span style=\"font-size: xx-small;\"><b><span style=\"color: #ff0000;\">Youtube<\/span><\/b>\u00a0<\/span><a href=\"https:\/\/www.youtube.com\/user\/QuasarComunicacion\" target=\"_blank\" data-saferedirecturl=\"https:\/\/www.google.com\/url?q=https:\/\/www.youtube.com\/user\/QuasarComunicacion&amp;source=gmail&amp;ust=1548429876943000&amp;usg=AFQjCNEz1KXGb2lk8gDRi-WpdEIodDsvZg\" rel=\"noopener noreferrer\"><span style=\"font-size: xx-small;\">https:\/\/www.youtube.<wbr \/>com\/user\/QuasarComunicacion<\/span><\/a><span style=\"font-size: xx-small;\">\u00a0\n<b><span style=\"color: #ff0000;\">Whatsapp<\/span><\/b>\u00a0\u00a0<\/span><span style=\"font-size: xx-small;\"><a href=\"https:\/\/bit.ly\/2J4cUvm\" target=\"_blank\" data-saferedirecturl=\"https:\/\/www.google.com\/url?q=https:\/\/bit.ly\/2J4cUvm&amp;source=gmail&amp;ust=1548429876943000&amp;usg=AFQjCNETqmEeAKz2sZc61kS1USj1vCFjFA\" rel=\"noopener noreferrer\">https:\/\/bit.ly\/2J4cUvm<\/a><\/span><span style=\"font-size: xx-small;\">\u00a0 0230 15 4584535<\/span><span style=\"font-size: xx-small;\"><span style=\"color: #ff0000;\">Linkedin<\/span>:\u00a0<\/span><span style=\"color: #1155cc; font-family: Verdana; font-size: xx-small;\"><span style=\"text-decoration: underline;\"><a href=\"https:\/\/www.linkedin.com\/company\/quasarcomunicacion\" target=\"_blank\" data-saferedirecturl=\"https:\/\/www.google.com\/url?q=https:\/\/www.linkedin.com\/company\/quasarcomunicacion&amp;source=gmail&amp;ust=1548429876943000&amp;usg=AFQjCNHDOg53nCVKVRUdmDd4gbIXkah7-g\" rel=\"noopener noreferrer\">https:\/\/www.<wbr \/>linkedin.com\/company\/<wbr \/>quasarcomunicacion<\/a><\/span><\/span><span style=\"font-family: Verdana; font-size: xx-small;\">\n<span style=\"color: #ff0000;\"><b>GRUPO<\/b><\/span>:\u00a0<a href=\"https:\/\/www.facebook.com\/groups\/quasarcomunicacion\/\" target=\"_blank\" data-saferedirecturl=\"https:\/\/www.google.com\/url?q=https:\/\/www.facebook.com\/groups\/quasarcomunicacion\/&amp;source=gmail&amp;ust=1548429876943000&amp;usg=AFQjCNHl-GcwddN_6nPN7FBtij9wv_6yTg\" rel=\"noopener noreferrer\">https:\/\/www.facebook.<wbr \/>com\/groups\/quasarcomunicacion\/<\/a><wbr \/>\u00a0<\/span><\/pre>\n<\/div>\n<pre><span style=\"font-size: small;\"><span style=\"color: #ff0000;\">Mail<\/span>:<\/span><span style=\"font-size: small;\"> <a href=\"mailto:fernanda@quasarcomunicacion.com.ar\">candela<\/a><a href=\"mailto:fernanda@quasarcomunicacion.com.ar\">@quasarcomunicacion.com.ar<\/a><\/span><\/pre>\n<\/div>\n<\/td>\n<\/tr>\n<\/tbody>\n<\/table>\n<\/div>\n","protected":false},"excerpt":{"rendered":"<p>Del 28 de marzo al 28 de abril de 2019 se realizar\u00e1 la 17\u00ba Edici\u00f3n de Estilo Pilar, la exposici\u00f3n [&hellip;]<\/p>\n","protected":false},"author":2,"featured_media":8979,"comment_status":"open","ping_status":"open","sticky":false,"template":"","format":"standard","meta":[],"categories":[2],"tags":[],"_links":{"self":[{"href":"https:\/\/quasarcomunicacion.com.ar\/web\/wp-json\/wp\/v2\/posts\/8981"}],"collection":[{"href":"https:\/\/quasarcomunicacion.com.ar\/web\/wp-json\/wp\/v2\/posts"}],"about":[{"href":"https:\/\/quasarcomunicacion.com.ar\/web\/wp-json\/wp\/v2\/types\/post"}],"author":[{"embeddable":true,"href":"https:\/\/quasarcomunicacion.com.ar\/web\/wp-json\/wp\/v2\/users\/2"}],"replies":[{"embeddable":true,"href":"https:\/\/quasarcomunicacion.com.ar\/web\/wp-json\/wp\/v2\/comments?post=8981"}],"version-history":[{"count":0,"href":"https:\/\/quasarcomunicacion.com.ar\/web\/wp-json\/wp\/v2\/posts\/8981\/revisions"}],"wp:featuredmedia":[{"embeddable":true,"href":"https:\/\/quasarcomunicacion.com.ar\/web\/wp-json\/wp\/v2\/media\/8979"}],"wp:attachment":[{"href":"https:\/\/quasarcomunicacion.com.ar\/web\/wp-json\/wp\/v2\/media?parent=8981"}],"wp:term":[{"taxonomy":"category","embeddable":true,"href":"https:\/\/quasarcomunicacion.com.ar\/web\/wp-json\/wp\/v2\/categories?post=8981"},{"taxonomy":"post_tag","embeddable":true,"href":"https:\/\/quasarcomunicacion.com.ar\/web\/wp-json\/wp\/v2\/tags?post=8981"}],"curies":[{"name":"wp","href":"https:\/\/api.w.org\/{rel}","templated":true}]}}