{"id":8935,"date":"2019-01-07T16:27:12","date_gmt":"2019-01-07T19:27:12","guid":{"rendered":"https:\/\/quasarcomunicacion.com.ar\/web\/?p=8935"},"modified":"2019-01-07T16:27:12","modified_gmt":"2019-01-07T19:27:12","slug":"curso-teorico-practico-de-diseno-de-vidrieras-en-flores","status":"publish","type":"post","link":"https:\/\/quasarcomunicacion.com.ar\/web\/curso-teorico-practico-de-diseno-de-vidrieras-en-flores\/","title":{"rendered":"Curso te\u00f3rico-pr\u00e1ctico de Dise\u00f1o de Vidrieras en Flores"},"content":{"rendered":"<p style=\"text-align: left;\" align=\"center\"><span style=\"font-family: Verdana; font-size: small;\">Los martes 15 y 22 de enero de 15 a 19 horas el <\/span><b style=\"font-family: Verdana; font-size: small;\">\u00abEstudio Fernando Mazzetti\u00bb<\/b><span style=\"font-family: Verdana; font-size: small;\"> brindar\u00e1 en Flores la capacitaci\u00f3n te\u00f3rico-pr\u00e1ctica de <\/span><b style=\"font-family: Verdana; font-size: small;\"> Dise\u00f1o de Vidrieras<\/b><span style=\"font-family: Verdana; font-size: small;\"> que dictar\u00e1 el reconocido Dise\u00f1ador de Interiores, experto en Iluminaci\u00f3n y Vidrierista Fernando Mazzetti.<!--more--><a href=\"https:\/\/quasarcomunicacion.com.ar\/web\/wp-content\/uploads\/2019\/01\/vidrieras1.jpg\"><img class=\"aligncenter\" alt=\"vidrieras1\" src=\"https:\/\/quasarcomunicacion.com.ar\/web\/wp-content\/uploads\/2019\/01\/vidrieras1.jpg\" \/><\/a><br \/>\n<\/span><\/p>\n<p><span style=\"font-family: Verdana; font-size: small;\">El curso consta de 2 clases te\u00f3rico-practica (4 horas cada una) con armado de modelos de vidrieras.<br \/>\nEl costo incluye todos los materiales y no se necesita conocimientos previos.La cita es en Pedernera 141, Flores, C.A.B.A. y la inversi\u00f3n es de $1800. Para recibir m\u00e1s informaci\u00f3n y realizar la inscripci\u00f3n llamar al011-5413-3131 o escribir a <a href=\"mailto:info@fernandomazzetti.com.ar\"> info@fernandomazzetti.com.ar<\/a> M\u00e1s info en <a href=\"http:\/\/www.fernandomazzetti.com.ar\/\">www.fernandomazzetti.com.ar<\/a> <\/span><\/p>\n<p><span style=\"font-family: Verdana; font-size: small;\">Dirigido a profesionales y estudiantes de carreras de dise\u00f1o industrial, gr\u00e1fico, interiores, escen\u00f3grafos, arquitectos, artistas pl\u00e1sticos, Visual Merchandiser, comerciantes, empleados de comercio y toda persona que quiera conocer las herramientas m\u00e1s actualizadas del dise\u00f1o aplicadas al retail.<\/span><\/p>\n<p><span style=\"font-family: Verdana; font-size: small;\"><br \/>\nLas vidrieras forman parte del paisaje de las ciudades. La vidriera bien dise\u00f1ada emite un mensaje que le permitir\u00e1 al observador tener una referencia del tipo, precio y calidad de productos o servicios que ofrece el local.<\/span><\/p>\n<p><span style=\"font-family: Verdana; font-size: small;\">En el curso se abordar\u00e1n los principales conceptos de dise\u00f1o comercial de manera \u00e1gil y din\u00e1mica incluyendo las actualizaciones de dise\u00f1o e iluminaci\u00f3n comercial de Nueva York y Chicago de mayo 2018 y las novedades de iluminaci\u00f3n de la exposici\u00f3n \u201cLightfair\u201d 2018 de Chicago. <\/span><\/p>\n<p><span style=\"font-family: Verdana; font-size: small;\">Valiosos contenidos aportados desde la experiencia y conocimiento de Fernando Mazzetti, profesional reconocido en el rubro, en nuestro pa\u00eds y en el mundo, con 30 a\u00f1os de experiencia profesional.<\/span><\/p>\n<p><span style=\"font-family: Verdana; font-size: small;\">En las jornadas se ver\u00e1n varios temas: una rese\u00f1a hist\u00f3rica y actual en Argentina, tipolog\u00eda de vidrieras, conceptos de visual merchandising, uso del color, formas y materiales, tipos de vidrieras, conceptos de vidrierismo: La \u201cmano del vidrierista\u201d, Herramientas virtuales de compra en el punto de venta, entre otros.<\/span><\/p>\n<p><span style=\"font-family: Verdana; font-size: small;\">La iluminaci\u00f3n es una importante herramienta de dise\u00f1o comercial. Se abordar\u00e1n conceptos t\u00e9cnicos, funcionales y decorativos aplicados a la vidriera y las caracter\u00edsticas principales de la tecnolog\u00eda led aplicada a la iluminaci\u00f3n comercial. <\/span><\/p>\n<p>&nbsp;<\/p>\n<p><span style=\"font-family: Verdana; font-size: small;\"><b>Fernando Mazzetti<\/b><br \/>\n011-5413-3131<br \/>\n<a href=\"mailto:info@fernandomazzetti.com.ar\">info@fernandomazzetti.com.ar<\/a><br \/>\n<a href=\"http:\/\/www.fernandomazzetti.com.ar\/\">www.fernandomazzetti.com.ar<\/a><br \/>\nCurso te\u00f3rico-pr\u00e1ctico de Dise\u00f1o de Vidrieras.<br \/>\nMartes 15 y 22 de enero 2019, de 15 a 19 horas.<br \/>\nPedernera 141, Flores, C.A.B.A.<br \/>\nInversi\u00f3n: $1800 <\/span><\/p>\n<p><span style=\"font-family: Verdana; font-size: small;\">\u00a0<\/span><span style=\"font-size: small;\"><b><i><span style=\"font-family: Arial;\">Por otras im\u00e1genes, audios o entrevistas no dude en contactarse<\/span><\/i><\/b><\/span><\/p>\n<p align=\"center\"><span style=\"font-size: small;\"><b><i> Contactos de Prensa<\/i><\/b><\/span><\/p>\n<div align=\"left\">\n<table width=\"100%\" border=\"1\" cellpadding=\"2\" align=\"left\">\n<tbody>\n<tr>\n<td align=\"center\" width=\"50%\">\n<p align=\"left\"><span style=\"font-size: medium;\"><strong><span style=\"color: #808080; font-family: Arial; font-size: small;\"> Mariela Porrini &#8211; Asistente de Cuentas<\/p>\n<p><\/span> <\/strong><\/span> <span style=\"font-size: xx-small;\"><span style=\"color: #ff0000;\"> Directo<\/span><b>: <\/b> 0230<\/span><span style=\"font-size: xx-small;\">-4664772<br \/>\n<\/span><span style=\"color: #ff0000; font-size: xx-small;\"> Skype:<\/span><span style=\"font-size: xx-small;\"> quasarcomunicacion<br \/>\n<\/span><span style=\"color: #ff0000; font-size: xx-small;\"> Twitter:<\/span><span style=\"font-size: xx-small;\"> @quasarpilar<br \/>\n<\/span><span style=\"color: #ff0000; font-size: xx-small;\"> Gr<\/span><span style=\"color: #ff0000; font-size: xx-small;\">upo y p\u00e1gina en Facebook: <\/span> <span style=\"color: #808080; font-size: xx-small;\">www.facebook.com\/<\/span><a href=\"mailto:mfipata@gmail.com\"><span style=\"font-size: xx-small;\">Quasar<\/span><\/a><span style=\"font-size: xx-small;\">Comunicacion<br \/>\n<\/span><span style=\"color: #ff0000; font-size: xx-small;\"> Web:<\/span><b><\/b> <a href=\"http:\/\/www.quasarcomunicacion.com.ar\/\"> <span style=\"font-size: xx-small;\">www.quasarcomunicacion.com.ar<\/span><\/a><\/p>\n<p align=\"left\"><span style=\"font-size: xx-small;\"> <span style=\"color: #ff0000;\">Mail<\/span><b> : <\/b><\/span><span style=\"font-size: xx-small;\"><a href=\"mailto:fernanda@quasarcomunicacion.com.ar\"> quasar@quasarcomunicacion.com.ar<\/a><\/span><\/p>\n<\/td>\n<td align=\"center\" width=\"50%\">\n<p align=\"right\"><span style=\"font-size: medium;\"><strong> <span style=\"color: #808080; font-family: Arial; font-size: small;\"> Lic. Mar\u00eda Fernanda Ipata &#8211; Directora<br \/>\n<\/span> <\/strong><\/span> <span style=\"font-size: xx-small;\"><span style=\"color: #ff0000;\"><br \/>\nDirecto<\/span><b>: <\/b> 0230<\/span><span style=\"font-size: xx-small;\">-4664772<\/span><span style=\"font-size: xx-small;\"><br \/>\n<\/span><span style=\"font-size: xx-small;\"> <span style=\"color: #ff0000;\">M\u00f3vil:<\/span><b> <\/b> 0230<\/span><span style=\"font-size: xx-small;\">-15-4584535<br \/>\n<\/span><span style=\"color: #ff0000; font-size: xx-small;\"> Skype:<\/span><span style=\"font-size: xx-small;\"> quasarcomunicacion<br \/>\n<\/span><span style=\"color: #ff0000; font-size: xx-small;\"> Twitter:<\/span><span style=\"font-size: xx-small;\"> @quasarpilar<br \/>\n<\/span><span style=\"color: #ff0000; font-size: xx-small;\"> Gr<\/span><span style=\"color: #ff0000; font-size: xx-small;\">upo y p\u00e1gina en Facebook: <\/span> <span style=\"color: #808080; font-size: xx-small;\">www.facebook.com\/<\/span><a href=\"mailto:mfipata@gmail.com\"><span style=\"font-size: xx-small;\">Quasar<\/span><\/a><span style=\"font-size: xx-small;\">Comunicacion<br \/>\n<\/span><span style=\"font-size: xx-small;\"> <span style=\"color: #ff0000;\">LinkedIn<\/span><b>:\u00a0 <\/b><\/span> <span style=\"font-size: xx-small;\"><b> <a href=\"http:\/\/www.linkedin.com\/in\/mfipata\"> http:\/\/www.linkedin.com\/in\/mfipata<\/a><\/b><\/span><span style=\"font-size: xx-small;\"><br \/>\n<\/span><span style=\"color: #ff0000; font-size: xx-small;\"> Web:<\/span><b><\/b> <a href=\"http:\/\/www.quasarcomunicacion.com.ar\/\"> <span style=\"font-size: xx-small;\">www.quasarcomunicacion.com.ar<\/span><\/a><span style=\"font-size: xx-small;\"><br \/>\n<\/span><span style=\"font-size: xx-small;\"> <span style=\"color: #ff0000;\"> Mail<\/span><b>:<\/b><\/span><span style=\"font-size: xx-small;\"><a href=\"mailto:fernanda@quasarcomunicacion.com.ar\"> fernanda@quasarcomunicacion.com.ar<\/a><\/span><\/p>\n<\/td>\n<\/tr>\n<\/tbody>\n<\/table>\n<\/div>\n","protected":false},"excerpt":{"rendered":"<p>Los martes 15 y 22 de enero de 15 a 19 horas el \u00abEstudio Fernando Mazzetti\u00bb brindar\u00e1 en Flores la [&hellip;]<\/p>\n","protected":false},"author":2,"featured_media":8933,"comment_status":"open","ping_status":"open","sticky":false,"template":"","format":"standard","meta":[],"categories":[2],"tags":[],"_links":{"self":[{"href":"https:\/\/quasarcomunicacion.com.ar\/web\/wp-json\/wp\/v2\/posts\/8935"}],"collection":[{"href":"https:\/\/quasarcomunicacion.com.ar\/web\/wp-json\/wp\/v2\/posts"}],"about":[{"href":"https:\/\/quasarcomunicacion.com.ar\/web\/wp-json\/wp\/v2\/types\/post"}],"author":[{"embeddable":true,"href":"https:\/\/quasarcomunicacion.com.ar\/web\/wp-json\/wp\/v2\/users\/2"}],"replies":[{"embeddable":true,"href":"https:\/\/quasarcomunicacion.com.ar\/web\/wp-json\/wp\/v2\/comments?post=8935"}],"version-history":[{"count":0,"href":"https:\/\/quasarcomunicacion.com.ar\/web\/wp-json\/wp\/v2\/posts\/8935\/revisions"}],"wp:featuredmedia":[{"embeddable":true,"href":"https:\/\/quasarcomunicacion.com.ar\/web\/wp-json\/wp\/v2\/media\/8933"}],"wp:attachment":[{"href":"https:\/\/quasarcomunicacion.com.ar\/web\/wp-json\/wp\/v2\/media?parent=8935"}],"wp:term":[{"taxonomy":"category","embeddable":true,"href":"https:\/\/quasarcomunicacion.com.ar\/web\/wp-json\/wp\/v2\/categories?post=8935"},{"taxonomy":"post_tag","embeddable":true,"href":"https:\/\/quasarcomunicacion.com.ar\/web\/wp-json\/wp\/v2\/tags?post=8935"}],"curies":[{"name":"wp","href":"https:\/\/api.w.org\/{rel}","templated":true}]}}