{"id":893,"date":"2012-10-10T19:17:19","date_gmt":"2012-10-10T19:17:19","guid":{"rendered":"http:\/\/quasarcomunicacion.wordpress.com\/?p=893"},"modified":"2012-10-10T19:17:19","modified_gmt":"2012-10-10T19:17:19","slug":"pilar-de-feria-dia-de-la-madre-en-pilar-point","status":"publish","type":"post","link":"https:\/\/quasarcomunicacion.com.ar\/web\/pilar-de-feria-dia-de-la-madre-en-pilar-point\/","title":{"rendered":"Pilar de Feria D\u00eda de la Madre en Pilar Point"},"content":{"rendered":"<p style=\"text-align:left;\" align=\"center\"><span style=\"font-family:Verdana;font-size:small;\">El s\u00e1bado 13 de octubre, de 15 a 21hs, se realizar\u00e1 una nueva edici\u00f3n de\u00a0<\/span><strong>Pilar de Feria D\u00eda de la Madre\u00a0<\/strong><span style=\"font-family:Verdana;font-size:small;\">en el<\/span><strong>Shopping Pilar Point<\/strong><span style=\"font-family:Verdana;font-size:small;\">, ubicado en Estanislao L\u00f3pez e Ituzanig\u00f3-Pilar. Tambi\u00e9n habr\u00e1 actividades para toda la familia con entrada libre y gratuita. Adem\u00e1s, los locales del shopping tendr\u00e1n ofertas exclusivas de liquidaci\u00f3n durante todo el d\u00eda.<!--more--><\/span><\/p>\n<p><img loading=\"lazy\" src=\"http:\/\/www.quasarcomunicacion.com.ar\/pilarpoint\/2012\/feriapp.gif\" alt=\"\" width=\"500\" height=\"375\" border=\"0\" \/><br \/>\n<span style=\"font-family:Verdana;font-size:small;\">Con entrada libre y gratuita, se trata de la cuarta edici\u00f3n (por segunda vez realizada en un shopping) de la muestra para emprendedores, dise\u00f1adores, artesanos, y todo aquel que brinde alg\u00fan producto o servicio y quiera exhibirlo. En esta oportunidad, con el leit motiv del D\u00eda de la Madre<\/span><br \/>\n<span style=\"font-family:Verdana;font-size:small;\">Durante la jornada se realizar\u00e1n distintas actividades orientadas al entretenimiento de toda la familia.<\/span><br \/>\n<img loading=\"lazy\" src=\"http:\/\/www.quasarcomunicacion.com.ar\/pilarpoint\/2012\/feriapp1.gif\" alt=\"\" width=\"500\" height=\"271\" border=\"0\" \/><br \/>\n<span style=\"font-family:Verdana;font-size:small;\">Por primera vez, se incorpora un espacio para la ECO FERIA, donde las artesan\u00edas estar\u00e1n hechas con material reciclado y se brindar\u00e1n talleres gratuitos de Arte Reciclado para todas las edades.<\/span><br \/>\n<span style=\"font-family:Verdana;font-size:small;\">Durante toda la feria habr\u00e1 un stand de maquillaje gratuito para los m\u00e1s chicos a cargo de Maquillaje Profesional Siempre Bella.<\/span><br \/>\n<span style=\"font-family:Verdana;font-size:small;\">A las 16.30 hs se realizar\u00e1 una exhibici\u00f3n de Taekwondo, con alumnos y profesionales del C\u00edrculo Profesional de Taekwondo de M\u00e1ximo L\u00f3pez, y a las 18 hs una exhibici\u00f3n de pat\u00edn art\u00edstico, realizada por las alumnas de Pat\u00edn Fusi\u00f3n-Escuela Cuomo que representar\u00e1n un show titulado \u201cDisney sobre ruedas\u201d.<\/span><br \/>\n<span style=\"font-family:Verdana;font-size:small;\"><img loading=\"lazy\" src=\"http:\/\/www.quasarcomunicacion.com.ar\/pilarpoint\/2012\/carrusel.gif\" alt=\"\" width=\"300\" height=\"225\" align=\"right\" border=\"0\" hspace=\"6\" vspace=\"6\" \/>A las 19 hs, y como cierre de las actividades, la bailarina profesional Melina Foster realizar\u00e1 un show de danza \u00e1rabe, a la vez de que se abrir\u00e1 un espacio de lectura para quienes est\u00e9n interesados.<\/span><br \/>\n<span style=\"font-family:Verdana;font-size:small;\">Por otro lado, de 15 a 21 hs estar\u00e1 el Carrusel Solidario para los m\u00e1s chicos, a total beneficio de la Asociaci\u00f3n Cooperadora del Jard\u00edn de Infantes 925 de Pilar. En el espacio solidario de la Feria tambi\u00e9n estar\u00e1 el taller de Microemprendimientos de la Biblioteca Palabras del Alma exhibiendo sus productos.<\/span><br \/>\n<span style=\"font-family:Verdana;font-size:small;\">Sumando m\u00e1s acciones solidarias, aquellos que deseen colaborar, durante la Exhibici\u00f3n de Taekwondo (a las 16.30 hs) voluntarios de la Fundaci\u00f3n Creciendo en Pilar estar\u00e1n recibiendo alimentos no perecederos para distribuir entre los necesitados del distrito.<\/span><br \/>\n<img loading=\"lazy\" src=\"http:\/\/www.quasarcomunicacion.com.ar\/pilardeferia\/2012\/taekoctubre.gif\" alt=\"\" width=\"500\" height=\"342\" border=\"0\" \/><br \/>\n<span style=\"font-family:Verdana;font-size:small;\">Como en ediciones anteriores, estar\u00e1 presente la caricaturista que har\u00e1 retratos en vivo y la tarotista que brindar\u00e1 consultas donde pueden elegir o una tira celta y una pregunta , o 5 preguntas y tambi\u00e9n van a poder adquirir inciensos especiales para el amor, el dinero, limpieza, negocios, armon\u00eda , 7 poderes<\/span><br \/>\n<span style=\"font-family:Verdana;font-size:small;\">Durante todo el d\u00eda, habr\u00e1 ofertas exclusivas para comprar los m\u00e1s lindos regalos para mam\u00e1.<\/span><br \/>\n<span style=\"font-family:Verdana;font-size:small;\">Para m\u00e1s informaci\u00f3n pueden ingresar en www.facebook.com\/pilardeferia o www.pilardeferia.com.ar, enviar un mail a info@pilardeferia.com.ar o comunicarse telef\u00f3nicamente al\u00a0\u00a0<img src=\"\/\/lifbcibllhkdhoafpjfnlhfpfgnpldfl\/numbers_button_skype_logo.png\" alt=\"\" \/>0230-4664772\u00a0\/ 011-15-6742-7635 \/ ID 558*3763<\/span><br \/>\n<img loading=\"lazy\" src=\"http:\/\/www.quasarcomunicacion.com.ar\/pilardeferia\/2012\/feriappsep1.gif\" alt=\"\" width=\"500\" height=\"368\" \/><br \/>\n<span style=\"font-family:Verdana;font-size:small;\">Los visitantes podr\u00e1n gozar de todos los servicios de\u00a0<strong>Pilar Point<\/strong>, el shopping del centro para todos, que incluye estacionamiento, seguridad, Wi-Fi, patio de comidas, espacio para la recreaci\u00f3n de los chicos, etc.<\/span><br \/>\n<img loading=\"lazy\" src=\"http:\/\/www.pilardeferia.com.ar\/imagenes\/logo2.gif\" alt=\"\" width=\"300\" height=\"212\" align=\"right\" border=\"0\" \/><span style=\"font-family:Verdana;font-size:small;\"><strong>Pilar de Feria\u00a0<\/strong>es un evento tem\u00e1tico que en esta cuarta edici\u00f3n tendr\u00e1 como eje el d\u00eda de la madre, brindando la oportunidad a los visitantes de adquirir productos artesanales o de dise\u00f1o exclusivo a muy bajo costo.<\/span><br \/>\n<span style=\"font-family:Verdana;font-size:small;\">Adem\u00e1s, como ya es costumbre, se brindaron con anterioridad seminarios y charlas de capacitaci\u00f3n sobre diversos temas de inter\u00e9s de los expositores, estas capacitaciones son absolutamente gratuitas y abiertas a la comunidad.<\/span><\/p>\n<p align=\"center\"><span style=\"font-family:Verdana;font-size:small;\">Acceso a toda la informaci\u00f3n e im\u00e1genes en alta definici\u00f3n ingresando en<br \/>\n<a href=\"http:\/\/www.quasarcomunicacion.com.ar\/pilardeferia\">www.quasarcomunicacion.com.ar\/pilardeferia<\/a><\/span><\/p>\n","protected":false},"excerpt":{"rendered":"<p>El s\u00e1bado 13 de octubre, de 15 a 21hs, se realizar\u00e1 una nueva edici\u00f3n de\u00a0Pilar de Feria D\u00eda de la [&hellip;]<\/p>\n","protected":false},"author":2,"featured_media":0,"comment_status":"open","ping_status":"open","sticky":false,"template":"","format":"standard","meta":[],"categories":[2],"tags":[],"_links":{"self":[{"href":"https:\/\/quasarcomunicacion.com.ar\/web\/wp-json\/wp\/v2\/posts\/893"}],"collection":[{"href":"https:\/\/quasarcomunicacion.com.ar\/web\/wp-json\/wp\/v2\/posts"}],"about":[{"href":"https:\/\/quasarcomunicacion.com.ar\/web\/wp-json\/wp\/v2\/types\/post"}],"author":[{"embeddable":true,"href":"https:\/\/quasarcomunicacion.com.ar\/web\/wp-json\/wp\/v2\/users\/2"}],"replies":[{"embeddable":true,"href":"https:\/\/quasarcomunicacion.com.ar\/web\/wp-json\/wp\/v2\/comments?post=893"}],"version-history":[{"count":0,"href":"https:\/\/quasarcomunicacion.com.ar\/web\/wp-json\/wp\/v2\/posts\/893\/revisions"}],"wp:attachment":[{"href":"https:\/\/quasarcomunicacion.com.ar\/web\/wp-json\/wp\/v2\/media?parent=893"}],"wp:term":[{"taxonomy":"category","embeddable":true,"href":"https:\/\/quasarcomunicacion.com.ar\/web\/wp-json\/wp\/v2\/categories?post=893"},{"taxonomy":"post_tag","embeddable":true,"href":"https:\/\/quasarcomunicacion.com.ar\/web\/wp-json\/wp\/v2\/tags?post=893"}],"curies":[{"name":"wp","href":"https:\/\/api.w.org\/{rel}","templated":true}]}}