{"id":8904,"date":"2018-12-13T16:59:46","date_gmt":"2018-12-13T19:59:46","guid":{"rendered":"https:\/\/quasarcomunicacion.com.ar\/web\/?p=8904"},"modified":"2018-12-13T16:59:46","modified_gmt":"2018-12-13T19:59:46","slug":"como-terminar-el-2018-sin-estres","status":"publish","type":"post","link":"https:\/\/quasarcomunicacion.com.ar\/web\/como-terminar-el-2018-sin-estres\/","title":{"rendered":"\u00bfC\u00f3mo terminar el 2018 sin estr\u00e9s?"},"content":{"rendered":"<p style=\"text-align: left;\" align=\"center\"><span style=\"font-family: Verdana; font-size: small;\">En esta \u00e9poca del a\u00f1o la palabra estr\u00e9s parece estar en boca de todos. Pero \u00bfrealmente tenemos estr\u00e9s? \u00bfqu\u00e9 es el estr\u00e9s? \u00bfc\u00f3mo lo identificamos? y fundamentalmente \u00bfc\u00f3mo lo manejamos para que no nos gane la partida?.<\/span><i style=\"font-family: Verdana; font-size: small;\"> <\/i><span style=\"font-family: Verdana; font-size: small;\">Desde el <\/span><b style=\"font-family: Verdana; font-size: small;\">Centro de Estudios Especializados en Trastornos de Ansiedad (CEETA<\/b><span style=\"font-family: Verdana; font-size: small;\">), aseguran que en los \u00faltimos a\u00f1os, se ha registrado un considerable aumento de pacientes que padecen trastornos de ansiedad y que es com\u00fan que a fin de a\u00f1o tiendan a intensificarse debido a las situaciones que uno atraviesa en esta \u00e9poca del a\u00f1o y que fundamentalmente provocan estr\u00e9s.<!--more--><\/span><\/p>\n<p style=\"text-align: center;\">\u00a0<a href=\"https:\/\/quasarcomunicacion.com.ar\/web\/wp-content\/uploads\/2016\/12\/estres.gif\"><img class=\"alignnone\" alt=\"estres\" src=\"https:\/\/quasarcomunicacion.com.ar\/web\/wp-content\/uploads\/2016\/12\/estres.gif\" \/><\/a><\/p>\n<p><span style=\"font-family: Verdana; font-size: small;\">Es de destacar que todo cambio puede producir estr\u00e9s, y el fin de a\u00f1o no escapa a ello, ya que es una \u00e9poca de balances y proyectos a futuro. Uno revisa los objetivos planteados hace 12 meses y ve la lista de pendientes u objetivos no alcanzados como uno esperaba. A este a\u00f1o en particular se le suma la incertidumbre econ\u00f3mica y la situaci\u00f3n social del pa\u00eds que tiene en vilo a la sociedad.<\/span><\/p>\n<div align=\"center\"><center><\/p>\n<table width=\"90%\" border=\"0\" cellspacing=\"4\" cellpadding=\"4\">\n<tbody>\n<tr>\n<td bgcolor=\"#ECFFF9\" width=\"100%\"><i> <span style=\"font-family: Verdana; font-size: xx-small;\">Los especialistas del CEETA<\/span><\/i><span style=\"font-family: Verdana; font-size: xx-small;\"><i>, est\u00e1n disponible para consultas o entrevistas sobre el tema. Comunicarse al 0230-4664772 \u00f3 0230 15 4584535 para concretarlas o enviar un mail a <a href=\"mailto:gabriela@quasarcomunicacion.com.ar\"> fernanda@quasarcomunicacion.com.ar <\/a>\u00a0\/\/ <\/i><\/span> <a href=\"https:\/\/bit.ly\/2J4cUvm\"> <span style=\"font-size: xx-small;\">Enviar whatsapp aqu\u00ed<\/span><\/a><\/td>\n<\/tr>\n<\/tbody>\n<\/table>\n<p><\/center><\/div>\n<p><span style=\"font-family: Verdana; font-size: small;\">\u201cTodo cambio provoca estr\u00e9s, nadie escapa a ello: ex\u00e1menes, fiestas laborales, eventos sociales a los cuales es necesario asistir, el final de ciclo de nuestros hijos en la escuela, el inicio de un nuevo nivel educativo, momento de balances, \u00e9poca de replantear proyectos a futuro, encuentros con familiares, amigos, etc. A todo ello se le suma el cansancio acumulado durante el a\u00f1o, lo cual hace que el individuo disponga de menor energ\u00eda y recursos para afrontar cada situaci\u00f3n cayendo entonces en el agotamiento\u201d, explica la Lic. Mart\u00ednez Castro, directora del <b>CEETA <\/b>y especialista en Trastornos de Ansiedad<\/span><\/p>\n<p><span style=\"font-family: Verdana; font-size: small;\">La especialista tambi\u00e9n indica que siempre, ante este tipo de situaciones conflictivas, hay un intento de adaptaci\u00f3n de la persona a determinadas exigencias del medio que lo rodea. En el caso normal y deseado, se ponen en marcha mecanismos que preparan la psiquis y el organismo, para favorecer la adaptaci\u00f3n, como el desarrollo de capacidades intelectuales y f\u00edsicas para enfrentarlo.\u00a0<\/span><\/p>\n<p><span style=\"font-family: Verdana; font-size: small;\"><br \/>\nPero tambi\u00e9n puede suceder que, cuando fracasa el intento de adaptaci\u00f3n, la persona se vea a s\u00ed misma con incapacidad de recursos para afrontarla. Entonces, el individuo agota recursos, y enferma, es decir, se estresa. <\/span><\/p>\n<p><span style=\"font-family: Verdana; font-size: small;\">Cabe destacar que el estr\u00e9s es la respuesta fisiol\u00f3gica o psicol\u00f3gica que manifiesta una persona ante una est\u00edmulo o estresor ambiental. No est\u00e1 mal tenerlo, lo que no hay es que \u00absufrirlo\u00bb.<\/span><\/p>\n<p><span style=\"font-family: Verdana; font-size: small;\">Cuando el estr\u00e9s incapacita o dificulta el normal desenvolvimiento de la persona, es ah\u00ed donde hay que consultar con un especialista.<\/span><\/p>\n<p><span style=\"font-family: Verdana; font-size: small;\">Existen dos tipos o formas de estr\u00e9s. Uno de estos es positivo y se lo denomina Eustr\u00e9s y el otro es negativo y se lo llama Distr\u00e9s. <\/span><\/p>\n<p><span style=\"font-family: Verdana; font-size: small;\">El ESTR\u00c9S POSITIVO o eutres es la respuesta adecuada tanto a nivel psicol\u00f3gico como fisiol\u00f3gico a un est\u00edmulo. Este estr\u00e9s permite el funcionamiento del organismo y la adaptaci\u00f3n al medio por lo que es indispensable para nuestro funcionamiento y para nuestro desarrollo.<\/span><\/p>\n<p><span style=\"font-family: Verdana; font-size: small;\">El ESTR\u00c9S NEGATIVO (DISTR\u00c9S) Ocurre cuando las demandas del medio son excesivas, intensas y\/o prolongadas, y superan la capacidad de resistencia y de adaptaci\u00f3n de la persona. Este tipo de estr\u00e9s produce en el individuo malestar corporal y psicol\u00f3gico. <\/span><\/p>\n<p><span style=\"font-family: Verdana; font-size: small;\"><br \/>\n<b><br \/>\nSe\u00f1ales para detectar el estr\u00e9s<\/b><\/p>\n<p>Hay que tener en cuenta que sentir cansancio no es sin\u00f3nimo de estr\u00e9s como muchos dicen, utilizando esta palabra en esos casos de agotamiento. Por lo cual desde el <b>CEETA<\/b> advierten sobre algunas se\u00f1ales a tener en cuenta para dilucidar la diferencia.<\/span><\/p>\n<p><span style=\"font-family: Verdana; font-size: small;\">La respuesta de nuestro organismo al estr\u00e9s se traduce en s\u00edntomas f\u00edsicos (corporales), s\u00edntomas cognitivos (pensamientos y emociones) y\/o s\u00edntomas comportamentales: <\/span><\/p>\n<p><span style=\"font-family: Verdana; font-size: small;\"><b>S\u00edntomas F\u00edsicos:<\/b> taquicardia, aumento de la tensi\u00f3n arterial , palpitaciones, opresi\u00f3n en el pecho, palidez, sensaci\u00f3n de ahogo, ritmo respiratorio acelerado, dificultad para respirar, nauseas, dificultad para tragar o sensaci\u00f3n de atragantamiento, diarreas, aumento o disminuci\u00f3n del apetito, sensaci\u00f3n de falta de aire, c\u00f3licos intestinales, aerofagia o tragar aire, orinar frecuentemente, sequedad de boca, sudoraci\u00f3n excesiva, sensaci\u00f3n de desmayo inminente, temblores, hormigueos, cefaleas, dolores y contracturas musculares, hipersensibilidad a ruidos, mareos e inestabilidad, fatiga y agotamiento excesivos. <\/span><\/p>\n<p><span style=\"font-family: Verdana; font-size: small;\"><b>S\u00edntomas Cognitivos:<\/b> ansiedad o angustia, sensaci\u00f3n de inseguridad, aprensi\u00f3n, preocupaci\u00f3n, sentimientos de inferioridad, incapacidad para afrontar situaciones, sentimientos de amenazas,\u00a0 anticipaci\u00f3n de peligros, Indecisi\u00f3n, apat\u00eda, p\u00e9rdida de objetividad y de la capacidad para pensar con lucidez. <\/span><\/p>\n<p><span style=\"font-family: Verdana; font-size: small;\"><b>S\u00edntomas Conductuales:<\/b> Inquietud o hiperactividad, par\u00e1lisis motora o inmovilidad, movimientos torpes, temblorosos, desorganizados, tics, tartamudeos, comportamientos de evitaci\u00f3n o alejarse de situaciones temidas. <\/span><\/p>\n<p><b><span style=\"font-family: Verdana; font-size: small;\">&#8211; C\u00f3mo se previene? El estr\u00e9s se previene: <\/span><\/b><\/p>\n<p><span style=\"font-family: Verdana; font-size: small;\">\u2022 Buscando un estado f\u00edsico y emocional m\u00e1s saludable.<br \/>\n\u2022 Conociendo y manejando las situaciones que nos provocan estr\u00e9s para poder reducir y eliminar las manifestaciones del mismo.<br \/>\n\u2022 Aprendiendo a realizar entrenamiento en Relajaci\u00f3n. (Dado que la relajaci\u00f3n devuelve al organismo su estado natural de equilibrio, normaliza los procesos f\u00edsicos, mentales y emocionales).<br \/>\n<b><br \/>\nConsejos para eliminar o bajar el estr\u00e9s<\/b><\/span><\/p>\n<ul>\n<li><span style=\"font-family: Verdana; font-size: small;\">No preocuparse por aquello que no se puede controlar <\/span><\/li>\n<li><span style=\"font-family: Verdana; font-size: small;\">Hacer algo con relaci\u00f3n a lo que s\u00ed la persona puede controlar <\/span><\/li>\n<li><span style=\"font-family: Verdana; font-size: small;\">Prepararse lo mejor posible para situaciones a enfrentar, que son agentes de estr\u00e9s, como ex\u00e1menes, entrevistas laborales, eventos sociales y otras <\/span><\/li>\n<li><span style=\"font-family: Verdana; font-size: small;\">Pedir ayuda Vs. el \u201cyo puedo todo solo\u201d <\/span><\/li>\n<li><span style=\"font-family: Verdana; font-size: small;\">Aprender a delegar VS. \u201cYo lo hago Mejor que los dem\u00e1s\u201d <\/span><\/li>\n<li><span style=\"font-family: Verdana; font-size: small;\">Fijarse metas cortas y realistas<\/span><\/li>\n<li><span style=\"font-family: Verdana; font-size: small;\">llevar un registro escrito de las tareas a realizar para que no ocupen lugar en nuestra mente. Jerarquizar las tareas seg\u00fan el grado de importancia<\/span><\/li>\n<li><span style=\"font-family: Verdana; font-size: small;\">Hacer actividad f\u00edsica, salir a caminar<\/span><\/li>\n<li><span style=\"font-family: Verdana; font-size: small;\">Seguir una dieta balanceada de acuerdo a las necesidades cal\u00f3ricas de cada uno <\/span><\/li>\n<li><span style=\"font-family: Verdana; font-size: small;\">Corregir pensamientos catastr\u00f3ficos<\/span><\/li>\n<li><span style=\"font-family: Verdana; font-size: small;\">Procurarse peque\u00f1as satisfacciones cotidianas<\/span><\/li>\n<li><span style=\"font-family: Verdana; font-size: small;\">Evaluar real\u00edsticamente el tiempo que nos va a llevar cada tarea para realizar una adecuada planificaci\u00f3n de nuestras tareas. Ello evitara corridas innecesarias. <\/span><\/li>\n<li><span style=\"font-family: Verdana; font-size: small;\">Reservar momentos del d\u00eda para el descanso, actividades sociales y recreativas. <\/span><\/li>\n<li><span style=\"font-family: Verdana; font-size: small;\">Tomarse un tiempo para los intereses y pasatiempos personales<\/span><\/li>\n<li><span style=\"font-family: Verdana; font-size: small;\">Rescatar los aspectos positivos de las situaciones y no s\u00f3lo centrarse en los negativos.<\/span><\/li>\n<li><span style=\"font-family: Verdana; font-size: small;\">Planear actividades divertidas.<\/span><\/li>\n<li><span style=\"font-family: Verdana; font-size: small;\">Asegurarse de dormir lo suficiente. Los buenos h\u00e1bitos de sue\u00f1o son una de las mejores maneras de manejar el estr\u00e9s.<\/span><\/li>\n<li><span style=\"font-family: Verdana; font-size: small;\">Adoptar un estilo de vida que respete nuestras necesidades biol\u00f3gicas, psicol\u00f3gicas y sociales<\/span><\/li>\n<li><span style=\"font-family: Verdana; font-size: small;\">Evitar la queja dado que la misma no nos permite definir el problema ni encontrar una soluci\u00f3n o cambio a lo que nos preocupa. <\/span><\/li>\n<li><span style=\"font-family: Verdana; font-size: small;\">Ser realistas <\/span><\/li>\n<li><span style=\"font-family: Verdana; font-size: small;\">Disfrutar sin penitencias <\/span><\/li>\n<li><span style=\"font-family: Verdana; font-size: small;\">Escuchar al cuerpo cuando nos pida que disminuyamos la velocidad o que tomemos un descanso.<\/span><\/li>\n<\/ul>\n<p><span style=\"font-family: Verdana; font-size: small;\"> <b>T\u00e9cnica para resolver problemas concretos<\/b><\/p>\n<p>Finalmente, el<b> CEETA<\/b> recomienda una t\u00e9cnica efectiva para la resoluci\u00f3n de problemas concretos, en 8 pasos.<\/p>\n<p>1- Definir el problema <\/span><\/p>\n<p><span style=\"font-family: Verdana; font-size: small;\">2- Descomponerlo en peque\u00f1as partes <\/span><\/p>\n<p><span style=\"font-family: Verdana; font-size: small;\">3- Analizar causas posibles del problema <\/span><\/p>\n<p><span style=\"font-family: Verdana; font-size: small;\">4- Identificar un conjunto de posibles soluciones <\/span><\/p>\n<p><span style=\"font-family: Verdana; font-size: small;\">5- Seleccionar una soluci\u00f3n <\/span><\/p>\n<p><span style=\"font-family: Verdana; font-size: small;\">6-Desarrollar un plan de acci\u00f3n <\/span><\/p>\n<p><span style=\"font-family: Verdana; font-size: small;\">7-Poner en pr\u00e1ctica el plan de acci\u00f3n selecto <\/span><\/p>\n<p><span style=\"font-family: Verdana; font-size: small;\">8-Evaluar el proceso<\/span><\/p>\n<p><span style=\"font-family: Verdana; font-size: small;\">Y tambi\u00e9n hay que tener en cuenta realizar meditaci\u00f3n, yoga o ejercicios de respiraci\u00f3n o relajaci\u00f3n; una m\u00fasica tranquila o los propios sonidos de la naturaleza ayudan a encontrar el punto de relajaci\u00f3n adecuado.<\/span><\/p>\n<p><span style=\"font-family: Verdana; font-size: small;\">Lograr comunicarse acertivamente para evitar \u00abmalos entendidos\u00bb y poder expresar correctamente lo que queremos decir.<\/span><\/p>\n<p><span style=\"font-family: Verdana; font-size: small;\">Organizar las tareas, no dejar pendientes porque esto queda en nuestra cabeza y no permite la relajaci\u00f3n. Organizar correctamente de acuerdo con objetivos y prioridades.<\/span><\/p>\n<p><span style=\"font-family: Verdana; font-size: small;\">Disfrutar de momentos en familia, con lo que nos gusta, caminar, hacer ejercicio f\u00edsico o simplemente \u00abnada\u00bb. <\/span><\/p>\n<p><span style=\"font-family: Verdana; font-size: small;\">Una buena alimentaci\u00f3n, saludable y balanceada, ayuda a bajar los niveles de estr\u00e9s. <\/span><\/p>\n<p><span style=\"font-family: Verdana; font-size: small;\">Intentar dejar de lado las multitareas, abocarse a un tema por vez, para destinarle a cada cosa el tiempo y la atenci\u00f3n que se merece. <\/span><\/p>\n<p><span style=\"font-family: Verdana; font-size: small;\">Es bueno tambi\u00e9n darse los gustos, ocuparse de uno, hacer lo que a uno le reconforta ayuda a nivelar la ansiedad y manejar el estr\u00e9s.<\/span><\/p>\n<div align=\"center\"><center><\/p>\n<table width=\"90%\" border=\"0\" cellspacing=\"4\" cellpadding=\"4\">\n<tbody>\n<tr>\n<td bgcolor=\"#ECFFF9\" width=\"100%\"><i> <span style=\"font-family: Verdana; font-size: xx-small;\">Los especialistas del CEETA<\/span><\/i><span style=\"font-family: Verdana; font-size: xx-small;\"><i>, est\u00e1n disponible para consultas o entrevistas sobre el tema. Comunicarse al 0230-4664772 \u00f3 0230 15 4584535 para concretarlas o enviar un mail a <a href=\"mailto:gabriela@quasarcomunicacion.com.ar\"> fernanda@quasarcomunicacion.com.ar <\/a>\u00a0\/\/ <\/i><\/span> <a href=\"https:\/\/bit.ly\/2J4cUvm\"> <span style=\"font-size: xx-small;\">Enviar whatsapp aqu\u00ed<\/span><\/a><\/td>\n<\/tr>\n<\/tbody>\n<\/table>\n<p><\/center><\/div>\n<p>El <b>Centro de Estudios Especializados en Trastornos de Ansiedad (CEETA)<\/b> tiene su sede central en 46 Plaza, Edificio Agora 3, 1\u00ba piso oficina 109 (Ramal Pilar Km 46). Tel\u00e9fono: \u00a00230-4667175 o al 011-4788-6245 \/ <a href=\"http:\/\/www.ceeta.org\/\"> www.ceeta.org<\/a>\u00a0 Tambi\u00e9n tiene sedes en\u00a0 Parque Patricios, Barrio Norte, Belgrano, San Isidro, Mor\u00f3n, Lomas de Zamora, Avellaneda y Quilmes, entre otras. En <b>facebook<\/b>, la fan page es <a href=\"https:\/\/www.facebook.com\/ansiedad.ceeta\"> https:\/\/www.facebook.com\/ansiedad.ceeta<\/a>\u00a0 <span style=\"font-family: Verdana; font-size: small;\">Consultas por <b>WHATSAPP<\/b>: +54 9 11 4402 7733<\/span><\/p>\n<p align=\"center\"><span style=\"font-family: Verdana; font-size: small;\">Acceso a toda la informaci\u00f3n ingresando en <a href=\"http:\/\/www.quasarcomunicacion.com.ar\/web\/ceeta\"> www.quasarcomunicacion.com.ar\/web\/ceeta<\/a>\u00a0 <\/span><\/p>\n<div align=\"center\"><center><\/p>\n<div align=\"center\"><center><\/p>\n<p align=\"center\"><span style=\"font-size: small;\"><b><i> Contactos de Prensa<\/i><\/b><\/span><\/p>\n<div align=\"left\">\n<table width=\"100%\" border=\"1\" cellpadding=\"2\" align=\"left\">\n<tbody>\n<tr>\n<td align=\"center\" width=\"50%\">\n<p align=\"left\"><span style=\"font-size: medium;\"><strong><span style=\"color: #808080; font-family: Arial; font-size: small;\"> Candela Villanueva &#8211; Asistente de Cuentas<\/p>\n<p><\/span> <\/strong><\/span> <span style=\"font-size: xx-small;\"><span style=\"color: #ff0000;\"> Directo<\/span><b>: <\/b> 0230<\/span><span style=\"font-size: xx-small;\">-4664772<br \/>\n<\/span><span style=\"color: #ff0000; font-size: xx-small;\"> Skype:<\/span><span style=\"font-size: xx-small;\"> quasarcomunicacion<br \/>\n<\/span><span style=\"color: #ff0000; font-size: xx-small;\"> Twitter:<\/span><span style=\"font-size: xx-small;\"> @quasarpilar<br \/>\n<\/span><span style=\"color: #ff0000; font-size: xx-small;\"> Gr<\/span><span style=\"color: #ff0000; font-size: xx-small;\">upo y p\u00e1gina en Facebook: <\/span> <span style=\"color: #808080; font-size: xx-small;\">www.facebook.com\/<\/span><a href=\"mailto:mfipata@gmail.com\"><span style=\"font-size: xx-small;\">Quasar<\/span><\/a><span style=\"font-size: xx-small;\">Comunicacion<br \/>\n<\/span><span style=\"color: #ff0000; font-size: xx-small;\"> Web:<\/span><b><\/b> <a href=\"http:\/\/www.quasarcomunicacion.com.ar\/\"> <span style=\"font-size: xx-small;\">www.quasarcomunicacion.com.ar<\/span><\/a><\/p>\n<p align=\"left\"><span style=\"font-size: xx-small;\"> <span style=\"color: #ff0000;\">Mail<\/span><b>:<\/b><\/span><span style=\"font-size: xx-small;\"> <a href=\"mailto:fernanda@quasarcomunicacion.com.ar\"> candela<\/a><a href=\"mailto:fernanda@quasarcomunicacion.com.ar\">@quasarcomunicacion.com.ar<\/a><\/span><\/p>\n<\/td>\n<td align=\"center\" width=\"50%\">\n<p align=\"right\"><span style=\"font-size: medium;\"><strong> <span style=\"color: #808080; font-family: Arial; font-size: small;\"> Lic. Mar\u00eda Fernanda Ipata &#8211; Directora<br \/>\n<\/span> <\/strong><\/span> <span style=\"font-size: xx-small;\"><span style=\"color: #ff0000;\"><br \/>\nDirecto<\/span><b>: <\/b> 0230<\/span><span style=\"font-size: xx-small;\">-4664772<\/span><span style=\"font-size: xx-small;\"><br \/>\n<\/span><span style=\"font-size: xx-small;\"> <span style=\"color: #ff0000;\">M\u00f3vil:<\/span><b> <\/b> 0230<\/span><span style=\"font-size: xx-small;\">-15-4584535<br \/>\n<\/span><span style=\"font-size: xx-small;\"><span style=\"color: #ff0000;\"> Whatsapp<\/span><span style=\"color: #ff0000;\">:<\/span> <a href=\"https:\/\/bit.ly\/2J4cUvm\"> 0230<\/a><\/span><span style=\"font-size: xx-small;\"><a href=\"https:\/\/bit.ly\/2J4cUvm\">-15-4584535<\/a><\/span><br \/>\n<a href=\"https:\/\/bit.ly\/2J4cUvm\"> <span style=\"font-size: small;\">Enviar whatsapp aqu\u00ed<\/span><\/a><span style=\"font-size: small;\"><br \/>\n<\/span><span style=\"color: #ff0000; font-size: xx-small;\"> Skype:<\/span><span style=\"font-size: xx-small;\"> quasarcomunicacion<br \/>\n<\/span><span style=\"color: #ff0000; font-size: xx-small;\"> Twitter:<\/span><span style=\"font-size: xx-small;\"> @quasarpilar<br \/>\n<\/span><span style=\"color: #ff0000; font-size: xx-small;\"> Gr<\/span><span style=\"color: #ff0000; font-size: xx-small;\">upo y p\u00e1gina en Facebook: <\/span> <span style=\"color: #808080; font-size: xx-small;\">www.facebook.com\/<\/span><a href=\"mailto:mfipata@gmail.com\"><span style=\"font-size: xx-small;\">Quasar<\/span><\/a><span style=\"font-size: xx-small;\">Comunicacion<br \/>\n<\/span><span style=\"font-size: xx-small;\"> <span style=\"color: #ff0000;\">LinkedIn<\/span><b>:\u00a0 <\/b><\/span> <span style=\"font-size: xx-small;\"><b> <a href=\"http:\/\/www.linkedin.com\/in\/mfipata\"> http:\/\/www.linkedin.com\/in\/mfipata<\/a><\/b><\/span><br \/>\n<span style=\"font-size: xx-small;\"> <a href=\"https:\/\/www.linkedin.com\/company\/quasarcomunicacion\"> https:\/\/www.linkedin.com\/company\/quasarcomunicacion<\/a><br \/>\n<\/span><span style=\"color: #ff0000; font-size: xx-small;\"> Web:<\/span><b><\/b> <a href=\"http:\/\/www.quasarcomunicacion.com.ar\/\"> <span style=\"font-size: xx-small;\">www.quasarcomunicacion.com.ar<\/span><\/a><span style=\"font-size: xx-small;\"><br \/>\n<\/span><span style=\"font-size: xx-small;\"> <span style=\"color: #ff0000;\"> Mail<\/span><b>:<\/b><\/span><span style=\"font-size: xx-small;\"><a href=\"mailto:fernanda@quasarcomunicacion.com.ar\"> fernanda@quasarcomunicacion.com.ar<\/a><\/span><span style=\"color: #808080; font-size: xx-small;\">\u00a0 <\/span><\/p>\n<\/td>\n<\/tr>\n<\/tbody>\n<\/table>\n<\/div>\n<p align=\"right\">\n<hr \/>\n<div align=\"center\"><center><center>&nbsp;<\/p>\n<p><center><span style=\"font-family: Verdana; font-size: xx-small;\"><b>Acerca de la Lic. Gabriela Mart\u00ednez Castro<\/b><\/span><\/center><\/p>\n<p align=\"left\">\u00a0<i><span style=\"font-family: Verdana; font-size: xx-small;\">Gabriela Mart\u00ednez Castro es Licenciada en Psicolog\u00eda egresada de la Universidad de Belgrano en 1991. M\u00e1ster en Psicolog\u00eda Cl\u00ednica en M\u00e9xico.<\/span><\/i><\/p>\n<p><center><\/p>\n<p align=\"left\"><i><span style=\"font-family: Verdana; font-size: xx-small;\">Post-grado en Trastornos de Ansiedad de la Asociaci\u00f3n Argentina de Trastornos de Ansiedad. Psicoterapeuta Cognitiva-Conductual, orientada al trabajo con Trastornos de Ansiedad y Trastornos de la Personalidad.<\/span><\/i><\/p>\n<p align=\"left\"><i><span style=\"font-family: Verdana; font-size: xx-small;\">Formaci\u00f3n en Terapia Cognitivo Conductual de Tercera Ola en la Fundaci\u00f3n Favaloro.<\/p>\n<p>Ex coordinadora docente de la c\u00e1tedra de Psicolog\u00eda General en la Universidad de Belgrano. Ex coordinadora del Departamento de Psicodiagn\u00f3stico del Hospital Franc\u00e9s, \u00e1rea de Consultorios Externos. <\/span><\/i><\/p>\n<p><center><\/p>\n<p align=\"left\"><i><span style=\"font-family: Verdana; font-size: xx-small;\">Miembro de la Asociaci\u00f3n Argentina de Trastornos de Ansiedad. <\/span><\/i><\/p>\n<p><center><\/p>\n<p align=\"left\"><i><span style=\"font-family: Verdana; font-size: xx-small;\">Directora de CEETA (Centro de Estudios Especializados en Trastornos de Ansiedad) <\/span><\/i><\/p>\n<p><center><\/p>\n<p align=\"left\"><span style=\"font-size: xx-small;\">El <b>Centro de Estudios Especializados en Trastornos de Ansiedad (CEETA)<\/b> tiene su sede central en 46 Plaza, Edificio Agora 3, 1\u00ba piso oficina 109 (Ramal Pilar Km 46). Tel\u00e9fono: \u00a00230-4667175 o al 011-4788-6245 \/ <a href=\"http:\/\/www.ceeta.org\/\"> www.ceeta.org<\/a>\u00a0 Tambi\u00e9n tiene sedes en\u00a0 Parque Patricios, Barrio Norte, Belgrano, San Isidro, Mor\u00f3n, Lomas de Zamora, Avellaneda y Quilmes, entre otras. En <b>facebook<\/b>, la fan page es <a href=\"https:\/\/www.facebook.com\/ansiedad.ceeta\"> https:\/\/www.facebook.com\/ansiedad.ceeta<\/a>\u00a0 <\/span> <span style=\"font-family: Verdana; font-size: xx-small;\">Consultas por <b>WHATSAPP<\/b>: +54 9 11 4402 7733<\/span><\/p>\n<p align=\"left\"><b><i><span style=\"font-family: Verdana; font-size: xx-small;\">Acerca de la Terapia Cognitivo Conductual de Tercera Ola o Tercera Generaci\u00f3n<\/span><\/i><\/b><\/p>\n<p><\/center><\/p>\n<p align=\"left\"><i><span style=\"font-family: Verdana; font-size: xx-small;\">Se trata de una innovadora terapia cognitivo conductual, que a diferencia de otras terapias, se aboca a modificar comportamientos y pensamientos. Est\u00e1 orientada hacia el presente, se investiga el funcionamiento actual. El \u00e9nfasis de la TCC est\u00e1 puesto m\u00e1s en el \u201cQu\u00e9 tengo que hacer para cambiar\u201d que en el \u201cPor qu\u00e9\u201d. Muchas veces, el explorar expresamente y conocer cu\u00e1les son los motivos de lo que nos ocurre no alcanza a brindar una soluci\u00f3n y no es suficiente para producir un cambio.<\/span><\/i><\/p>\n<p align=\"left\"><i><span style=\"font-family: Verdana; font-size: xx-small;\">Es una psicoterapia basada en la evidencia y con un basamento cient\u00edfico y 100% comprobado. Los resultados se ven en el cort\u00edsimo plazo. El paciente tiene un papel activo, con tareas para realizar dentro y fuera de la sesi\u00f3n a trav\u00e9s de la aplicaci\u00f3n de las herramientas que se le brindan.<\/span><\/i><\/p>\n<p align=\"left\"><i><span style=\"font-family: Verdana; font-size: xx-small;\">La terapia cognitiva conductual de tercera ola o tercera generaci\u00f3n cuenta con numerosos aportes validados cient\u00edficamente en los \u00faltimos a\u00f1os. Son las denominadas Terapias de Tercera Generaci\u00f3n o Contextuales.<br \/>\nSon modelos de intervenci\u00f3n que ponen su foco de atenci\u00f3n en el contexto y la funci\u00f3n de nuestros eventos privados como ser los pensamientos, emociones, sensaciones en lugar de su contenido, frecuencia o duraci\u00f3n. La Terapia de Aceptaci\u00f3n y Compromiso (ACT), uno de los nuevos modelos de tratamiento que ofrecen las terapias contextuales, es uno de los mas reconocidos con evidencia emp\u00edrica. El objetivo de la misma es lograr flexibilidad psicol\u00f3gica ante las situaciones dif\u00edciles de la vida y ante el sufrimiento, entender que nuestra vida es significativa y valiosa aun cuando sufrimos.<br \/>\nUtiliza diferentes t\u00e9cnicas como Mindfulness y ejercicios experienciales entre otros. <\/span><\/i><\/p>\n<p align=\"left\"><i><span style=\"font-family: Verdana; font-size: xx-small;\">Se pueden medir los progresos obtenidos desde la primera sesi\u00f3n, se administran cuestionarios y planillas en los que se eval\u00faan los s\u00edntomas espec\u00edficos, en su frecuencia, duraci\u00f3n, intensidad y caracter\u00edsticas. Esta medici\u00f3n es repetida peri\u00f3dicamente hasta la sesi\u00f3n final, para tener una idea del cambio obtenido. La relaci\u00f3n terapeuta-paciente es de colaboraci\u00f3n y activa. Paciente y terapeuta se comprometen a trabajar con un objetivo com\u00fan. Los pacientes pueden aportar sugerencias y participar en el dise\u00f1o de las tareas para el hogar. <\/span><\/i><\/p>\n<p align=\"left\"><i><span style=\"font-family: Verdana; font-size: xx-small;\">En muchos casos, se utiliza la biblioterapia, que consiste en que el terapeuta recomiende o facilite libros, folletos o apuntes acerca del problema para que el paciente se informe de lo que le sucede. Tiende a fomentar la independencia del paciente. Est\u00e1 centrada en los s\u00edntomas y su resoluci\u00f3n. Se definen objetivos concretos a lograr. La meta de la TCC es eliminar, o al menos reducir los s\u00edntomas, y postula que si desaparecen, por ejemplo, los s\u00edntomas de p\u00e1nico, inmediatamente tambi\u00e9n va a haber una mejor\u00eda en otras \u00e1reas, sin que aparezcan otros s\u00edntomas que los reemplacen. Pone \u00e9nfasis en el cambio. Se le solicita al paciente practicar nuevas conductas y cogniciones en las sesiones, y generalizarlas afuera como parte de la tarea. Desaf\u00eda la posici\u00f3n del paciente, sus conductas y sus creencias. Se centra en la resoluci\u00f3n de problemas. Utiliza planes de tratamiento. Generalmente, la terapia utiliza planes espec\u00edficos de tratamiento para cada problema, no utilizando un formato \u201c\u00fanico\u201d para las diversas consultas. Propone una continuidad tem\u00e1tica entre las sesiones. Es decir, m\u00e1s que simplemente decir que funciona, esta comprobado que funciona.<br \/>\nLos recursos disponibles en este portal, son de car\u00e1cter informativo y no constituyen ni reemplazan el asesoramiento y tratamiento profesional.<\/span><\/i><\/p>\n<p><\/center><\/center><\/center><\/center><\/center><\/div>\n<p><\/center><\/div>\n<p><\/center><\/div>\n<p align=\"center\"><span style=\"font-family: Verdana; font-size: small;\">r sin penitencias<\/span><\/p>\n<ul>\n<li><span style=\"font-family: Verdana; font-size: small;\">Escuchar al cuerpo cuando nos pida que disminuyamos la velocidad o que tomemos un descanso.<\/span><\/li>\n<\/ul>\n<p><span style=\"font-family: Verdana; font-size: small;\"> <b>T\u00e9cnica para resolver problemas concretos<\/b><\/p>\n<p>Finalmente, el<b> CEETA<\/b> recomienda una t\u00e9cnica efectiva para la resoluci\u00f3n de problemas concretos, en 8 pasos.<\/p>\n<p>1- Definir el problema <\/span><\/p>\n<p><span style=\"font-family: Verdana; font-size: small;\">2- Descomponerlo en peque\u00f1as partes <\/span><\/p>\n<p><span style=\"font-family: Verdana; font-size: small;\">3- Analizar causas posibles del problema <\/span><\/p>\n<p><span style=\"font-family: Verdana; font-size: small;\">4- Identificar un conjunto de posibles soluciones <\/span><\/p>\n<p><span style=\"font-family: Verdana; font-size: small;\">5- Seleccionar una soluci\u00f3n <\/span><\/p>\n<p><span style=\"font-family: Verdana; font-size: small;\">6-Desarrollar un plan de acci\u00f3n <\/span><\/p>\n<p><span style=\"font-family: Verdana; font-size: small;\">7-Poner en pr\u00e1ctica el plan de acci\u00f3n selecto <\/span><\/p>\n<p><span style=\"font-family: Verdana; font-size: small;\">8-Evaluar el proceso<\/span><\/p>\n<p><span style=\"font-family: Verdana; font-size: small;\">Y tambi\u00e9n hay que tener en cuenta realizar meditaci\u00f3n, yoga o ejercicios de respiraci\u00f3n o relajaci\u00f3n; una m\u00fasica tranquila o los propios sonidos de la naturaleza ayudan a encontrar el punto de relajaci\u00f3n adecuado.<\/span><\/p>\n<p><span style=\"font-family: Verdana; font-size: small;\">Lograr comunicarse acertivamente para evitar \u00abmalos entendidos\u00bb y poder expresar correctamente lo que queremos decir.<\/span><\/p>\n<p><span style=\"font-family: Verdana; font-size: small;\">Organizar las tareas, no dejar pendientes porque esto queda en nuestra cabeza y no permite la relajaci\u00f3n. Organizar correctamente de acuerdo con objetivos y prioridades.<\/span><\/p>\n<p><span style=\"font-family: Verdana; font-size: small;\">Disfrutar de momentos en familia, con lo que nos gusta, caminar, hacer ejercicio f\u00edsico o simplemente \u00abnada\u00bb. <\/span><\/p>\n<p><span style=\"font-family: Verdana; font-size: small;\">Una buena alimentaci\u00f3n, saludable y balanceada, ayuda a bajar los niveles de estr\u00e9s. <\/span><\/p>\n<p><span style=\"font-family: Verdana; font-size: small;\">Intentar dejar de lado las multitareas, abocarse a un tema por vez, para destinarle a cada cosa el tiempo y la atenci\u00f3n que se merece. <\/span><\/p>\n<p><span style=\"font-family: Verdana; font-size: small;\">Es bueno tambi\u00e9n darse los gustos, ocuparse de uno, hacer lo que a uno le reconforta ayuda a nivelar la ansiedad y manejar el estr\u00e9s.<\/span><\/p>\n<div align=\"center\"><center><\/p>\n<table id=\"AutoNumber4\" width=\"90%\" border=\"0\" cellspacing=\"4\" cellpadding=\"4\">\n<tbody>\n<tr>\n<td bgcolor=\"#ECFFF9\" width=\"100%\"><i> <span style=\"font-family: Verdana; font-size: xx-small;\">Los especialistas del CEETA<\/span><\/i><span style=\"font-family: Verdana; font-size: xx-small;\"><i>, est\u00e1n disponible para consultas o entrevistas sobre el tema. Comunicarse al 0230-4664772 \u00f3 0230 15 4584535 para concretarlas o enviar un mail a <a href=\"mailto:gabriela@quasarcomunicacion.com.ar\"> fernanda@quasarcomunicacion.com.ar <\/a>\u00a0\/\/ <\/i><\/span> <a href=\"https:\/\/bit.ly\/2J4cUvm\"> <span style=\"font-size: xx-small;\">Enviar whatsapp aqu\u00ed<\/span><\/a><\/td>\n<\/tr>\n<\/tbody>\n<\/table>\n<p><\/center><\/div>\n<p>El <b>Centro de Estudios Especializados en Trastornos de Ansiedad (CEETA)<\/b> tiene su sede central en 46 Plaza, Edificio Agora 3, 1\u00ba piso oficina 109 (Ramal Pilar Km 46). Tel\u00e9fono: \u00a00230-4667175 o al 011-4788-6245 \/ <a href=\"http:\/\/www.ceeta.org\/\"> www.ceeta.org<\/a>\u00a0 Tambi\u00e9n tiene sedes en\u00a0 Parque Patricios, Barrio Norte, Belgrano, San Isidro, Mor\u00f3n, Lomas de Zamora, Avellaneda y Quilmes, entre otras. En <b>facebook<\/b>, la fan page es <a href=\"https:\/\/www.facebook.com\/ansiedad.ceeta\"> https:\/\/www.facebook.com\/ansiedad.ceeta<\/a>\u00a0 <span style=\"font-family: Verdana; font-size: small;\">Consultas por <b>WHATSAPP<\/b>: +54 9 11 4402 7733<\/span><\/p>\n","protected":false},"excerpt":{"rendered":"<p>En esta \u00e9poca del a\u00f1o la palabra estr\u00e9s parece estar en boca de todos. Pero \u00bfrealmente tenemos estr\u00e9s? \u00bfqu\u00e9 es [&hellip;]<\/p>\n","protected":false},"author":2,"featured_media":3638,"comment_status":"open","ping_status":"open","sticky":false,"template":"","format":"standard","meta":[],"categories":[2],"tags":[],"_links":{"self":[{"href":"https:\/\/quasarcomunicacion.com.ar\/web\/wp-json\/wp\/v2\/posts\/8904"}],"collection":[{"href":"https:\/\/quasarcomunicacion.com.ar\/web\/wp-json\/wp\/v2\/posts"}],"about":[{"href":"https:\/\/quasarcomunicacion.com.ar\/web\/wp-json\/wp\/v2\/types\/post"}],"author":[{"embeddable":true,"href":"https:\/\/quasarcomunicacion.com.ar\/web\/wp-json\/wp\/v2\/users\/2"}],"replies":[{"embeddable":true,"href":"https:\/\/quasarcomunicacion.com.ar\/web\/wp-json\/wp\/v2\/comments?post=8904"}],"version-history":[{"count":0,"href":"https:\/\/quasarcomunicacion.com.ar\/web\/wp-json\/wp\/v2\/posts\/8904\/revisions"}],"wp:featuredmedia":[{"embeddable":true,"href":"https:\/\/quasarcomunicacion.com.ar\/web\/wp-json\/wp\/v2\/media\/3638"}],"wp:attachment":[{"href":"https:\/\/quasarcomunicacion.com.ar\/web\/wp-json\/wp\/v2\/media?parent=8904"}],"wp:term":[{"taxonomy":"category","embeddable":true,"href":"https:\/\/quasarcomunicacion.com.ar\/web\/wp-json\/wp\/v2\/categories?post=8904"},{"taxonomy":"post_tag","embeddable":true,"href":"https:\/\/quasarcomunicacion.com.ar\/web\/wp-json\/wp\/v2\/tags?post=8904"}],"curies":[{"name":"wp","href":"https:\/\/api.w.org\/{rel}","templated":true}]}}