{"id":8824,"date":"2018-11-22T12:55:09","date_gmt":"2018-11-22T15:55:09","guid":{"rendered":"https:\/\/quasarcomunicacion.com.ar\/web\/?p=8824"},"modified":"2018-11-22T12:55:09","modified_gmt":"2018-11-22T15:55:09","slug":"se-realizo-la-v-semana-del-emprendedor-pilarense","status":"publish","type":"post","link":"https:\/\/quasarcomunicacion.com.ar\/web\/se-realizo-la-v-semana-del-emprendedor-pilarense\/","title":{"rendered":"Se realiz\u00f3 la V Semana del Emprendedor Pilarense"},"content":{"rendered":"<p style=\"text-align: left;\" align=\"center\"><span style=\"font-family: Verdana; font-size: small;\">Por quinto a\u00f1o consecutivo, Pilar celebr\u00f3 la <\/span><b style=\"font-family: Verdana; font-size: small;\">SEMANA DEL EMPRENDEDOR PILARENSE <\/b><span style=\"font-family: Verdana; font-size: small;\">en adhesi\u00f3n a la <\/span><b style=\"font-family: Verdana; font-size: small;\">Semana Global del Emprendedor <\/b><span style=\"font-family: Verdana; font-size: small;\">que se realiz\u00f3 en mas de 170 pa\u00edses. En un trabajo colaborativo entre todos los emprendedores, coordinados por <\/span><b style=\"font-family: Verdana; font-size: small;\">Pilar Emprende,<\/b><span style=\"font-family: Verdana; font-size: small;\">\u00a0se realiz\u00f3 un desayuno para Mujeres Emprendedoras, un Panel de Mujeres Inspiradoras, Consultorios Profesionales, networking y una Expo Emprendedores con m\u00e1s de 60 stands.<!--more--><\/span><\/p>\n<p><span style=\"font-family: Verdana; font-size: small;\">\u00abPara nosotros fue un arduo trabajo y una gran satisfacci\u00f3n ya que una vez m\u00e1s logramos trabajar colaborativamente con todos los emprendedores y poder llevar adelante con gran \u00e9xito cada una de las actividades planificadas. Sin la cooperaci\u00f3n de cada uno de los integrantes de la comunidad no hubiese sido posible, por eso estamos felices de que cada vez sean m\u00e1s los que comprenden nuestro leit motiv de cooperaci\u00f3n y haber logrado todo lo que logramos estos d\u00edas\u00bb, asegur\u00f3 Mar\u00eda Fernanda Ipata, coordinadora de <b>Pilar Emprende<\/b>, un proyecto colaborativo de emprendedores que generan actividades y brindan herramienta a otros emprendedores.<\/span><\/p>\n<p><img class=\"aligncenter\" alt=\"\" src=\"https:\/\/quasarcomunicacion.com.ar\/web\/wp-content\/uploads\/2018\/11\/panel18.gif\" \/><\/p>\n<p><span style=\"font-family: Verdana; font-size: small;\">\u00abNosotros no somos ni una empresa, ni una ONG, ni el Estado, por lo cual cada actividad se logra gracias al esfuerzo de los emprendedores que nos ayudan a sostener las actividades ya sea con un aporte econ\u00f3mico, con su tiempo, brindando su conocimiento, compartiendo y difundiendo las actividades, o como cada uno pueda, sin este compromiso nada ser\u00eda posible\u00bb, continu\u00f3.<\/span><\/p>\n<p><span style=\"font-family: Verdana; font-size: small;\">Pilar Emprende busca fomentar una cultura colaborativa, el autoempleo y la sustentabilidad de los proyectos contribuyendo a la generaci\u00f3n de valor econ\u00f3mico en la sociedad a trav\u00e9s de la creaci\u00f3n y sostenimiento de un ecosistema emprendedor. <\/span><\/p>\n<p><span style=\"font-family: Verdana; font-size: small;\">Las actividades centrales tuvieron lugar el domingo\u00a0 18 de noviembre (se pospusieron por mal tiempo) en La F\u00e1brica (Ambrosetti 633. Km 50) donde se abordaron los ejes de este 2018 que apuntaban a las mujeres, los j\u00f3venes, la inclusi\u00f3n y la generaci\u00f3n de redes.<\/span><\/p>\n<p><img class=\"aligncenter\" alt=\"\" src=\"https:\/\/quasarcomunicacion.com.ar\/web\/wp-content\/uploads\/2018\/11\/semana18.gif\" \/><\/p>\n<p><span style=\"font-family: Verdana; font-size: small;\">Junto al equipo del Frente Pilarense, el viernes 16 se realiz\u00f3 un Desayuno para Mujeres Emprendedoras con gran parte de las mujeres que durante el a\u00f1o participaron de los Talleres para Mujeres Emprendedoras que se dictan semanalmente en los diversos barrios y por los que ya pasaron m\u00e1s de 400 mujeres. Durante la actividad, adem\u00e1s de compartir el desayuno, las asistentes pudieron asesorarse sobre Monotributo Social con personal del Ministerio de Desarrollo Social de La Naci\u00f3n, de la Direcci\u00f3n Nacional. de Fomento del Monotributo Social perteneciente a la Secretar\u00eda de Econom\u00eda Social. Adem\u00e1s, estuvieron presentes del Banco Naci\u00f3n brindando asesoramiento sobre c\u00f3mo obtener una cuenta bancaria y gestionar los cr\u00e9ditos de Naci\u00f3n Emprende.<\/span><\/p>\n<p><span style=\"font-family: Verdana; font-size: small;\">Por otro lado, se le ayud\u00f3 a las asistentes a crear o mejorar sus redes sociales, se le tomaron fotos profesionales a sus productos y se les dise\u00f1\u00f3 la tarjeta personal virtual para que puedan establecer contactos comerciales.<\/span><\/p>\n<p><span style=\"font-family: Verdana; font-size: small;\">El domingo, en La F\u00e1brica se realiz\u00f3 la Expo Emprendedores organizada junto a Pilar de Feria. All\u00ed, m\u00e1s de 60 emprendedores exhibieron sus productos para la venta con gran afluencia de p\u00fablico.<\/span><\/p>\n<p><span style=\"font-family: Verdana; font-size: small;\">Previo a la expo, los emprendedores recibieron capacitaci\u00f3n participando de la charla \u00abC\u00f3mo me Preparo para Participar en una feria\u00bb; tips, consejos y mucha difusi\u00f3n de lo que hacen.<\/span><\/p>\n<p style=\"text-align: center;\"><img alt=\"\" src=\"https:\/\/quasarcomunicacion.com.ar\/web\/wp-content\/uploads\/2018\/11\/feria18.gif\" \/><\/p>\n<p style=\"text-align: left;\"><span style=\"font-family: Verdana; font-size: small;\">Marit\u00e9 tejidos, presente en la Expo, dijo \u00aba los organizadores de la feria quiero primero felicitarlos por la eficiente organizaci\u00f3n y convocatoria que a trav\u00e9s de los consejos e ideas ,motivaci\u00f3n entre todos hemos logrado y agradecerles todo el apoyo brindado para que este evento sea un \u00e9xito para muchos que necesitamos hacer que nos conozcan espero volver a ser invitada y que Dios los bendiga a todos\u00bb<\/span><\/p>\n<p><span style=\"font-family: Verdana; font-size: small;\">Eliana, de Pinta Mi Mundo, que particip\u00f3 de la Expo y volver\u00e1 a estar presente en la Edici\u00f3n de Navidad del 8 de diciembre, dijo \u00abnos encant\u00f3 participar y muchas gracias por la oportunidad nos vamos llenos de arte!!!! Los ni\u00f1os nos llenaron de colores los atriles&#8230;.. gracias\u00bb<\/span><\/p>\n<p><span style=\"font-family: Verdana; font-size: small;\">Por su parte, Vamos a Coser Argentina declar\u00f3: \u00abMuchas gracias..!! El stand de Vamos a coser Argentina con Ivana Picallo estuvo presente compartiendo nuestra primera experiencia en la Pilar de Feria..!! Nos encant\u00f3 participar..!! \u00ab<\/span><\/p>\n<p><span style=\"font-family: Verdana; font-size: small;\">Cecilia, de Amore Mio, quien realiz\u00f3 degustaciones de sus productos durante la feria, dijo \u00abAmore M\u00edo les agradece a todos por participar de la degustaci\u00f3n de nuestros productos! Excelente feria! Gracias por dejarnos ser parte!\u00bb<\/span><\/p>\n<p><span style=\"font-family: Verdana; font-size: small;\">Viviana Quintero tambi\u00e9n opin\u00f3 positivamente, \u00abMuchas gracias por la dedicaci\u00f3n, impecable organizaci\u00f3n, gracias por el espacio y la experiencia vivida\u00bb.<\/span><\/p>\n<p><span style=\"font-family: Verdana; font-size: small;\">Durante las actividades, tuvo lugar el <b>PANEL DE MUJERES INSPIRADORAS <\/b>organizado junto a Comprometidas Asociaci\u00f3n Civil y que cont\u00f3 con la presencia de Romina Avila (titular de Madre Emprendedora),\u00a0Florencia Duc\u00f3s (asesora de imagen y especialista en marketing para emprendedoras, Fernanda Bolagay (titular de Finanzas Integrales) y Jorgelina L\u00f3pez (consultora especialista en pymes y emprendedoras). Durante el evento las panelistas contaron sus historias como emprendedoras, su experiencia trabajando con emprendedores y brindaron consejos e informaci\u00f3n de inter\u00e9s para las asistentes. <\/span><\/p>\n<p><img class=\"aligncenter\" alt=\"\" src=\"https:\/\/quasarcomunicacion.com.ar\/web\/wp-content\/uploads\/2018\/11\/panel18a.gif\" \/><\/p>\n<p><span style=\"font-family: Verdana; font-size: small;\">Adem\u00e1s, se sortearon muchos premios de los emprendedores que se sumaron con regalos, permitiendo crear un espacio de intercambio y networking entre los asistentes.<\/span><\/p>\n<p><span style=\"font-family: Verdana; font-size: small;\">Ese mismo d\u00eda, se mont\u00f3 un sector de <b>CONSULTORIOS PROFESIONALES <\/b>en los cuales se brind\u00f3 asesoramiento sobre diversos temas. Participaron de los consultorios el Instituto Argentino de la Empresa Familiar (IADEF), Punto B Marketing, Grondona y asociados Consultora en Risk Management &amp; Seguros, Natalia Romero Capacitaci\u00f3n y Orientaci\u00f3n Laboral, Qu\u00e1sar Comunicaci\u00f3n, Pilar Hoy Noticias, Pilar GPS Gu\u00eda de Productos y Servicios y el Club de Emprendedores y Empresarios de la Argentina<\/span><\/p>\n<p><span style=\"font-family: Verdana; font-size: small;\">Instituida por ordenanza Municipal 504\/14, la SEMANA DEL EMPRENDEDOR PILARENSE es coordinada por <b>Pilar Emprende <\/b>y<b> Emprender Hoy.\u00a0 <\/b><\/span><\/p>\n<p><span style=\"font-family: Verdana; font-size: small;\">Este a\u00f1o las actividades contaron con el apoyo de Pilar Point, Cespym Cursos, la Embajada BiiA Buenos Airse, Box Tainer, Morada y la Pe\u00f1a C\u00edrculo Boquense Pilar y su escuela de f\u00fatbol.<\/span><\/p>\n<p><span style=\"font-family: Verdana; font-size: small;\">Adem\u00e1s, apoyaron institucionalmente la Asociaci\u00f3n de Emprendedores de la Argentina (ASEA),\u00a0el Club de Emprendedores y Empresarios de la Argentina (<a href=\"http:\/\/www.ceea.club\/\">www.ceea.club<\/a>), Pilar de Feria (<a href=\"http:\/\/www.pilardeferia.com.ar\/\">www.pilardeferia.com.ar<\/a>), la UTN Facultad Regional Delta (www.frd.utn.edu.ar), Promoci\u00f3n Pilar, Comprometidas Asociaci\u00f3n Civil, La F\u00e1brica, Galp\u00f3n 50, Finanzas Integrales, Madre Emprendedora, entre otras.<\/span><\/p>\n<p><span style=\"font-family: Verdana; font-size: small;\">Colaboraron en la difusi\u00f3n: Pilar GPS Gu\u00eda de Productos y Servicios (www.pilargps.com.ar), Pilar Hoy Noticias (<a href=\"http:\/\/www.pilarhoy.com.ar\/\">www.pilarhoy.com.ar<\/a>),\u00a0Radio X Pilar FM 100.3 (www.radioxpilar.com.ar, Soy Emprendedora (www.soyemprendedora.com.ar), Cultura Emprendedora y Qu\u00e1sar Comunicaci\u00f3n (<a href=\"http:\/\/www.quasarcomunicacion.com.ar\/\">www.quasarcomunicacion.com.ar<\/a>)<\/span><\/p>\n","protected":false},"excerpt":{"rendered":"<p>Por quinto a\u00f1o consecutivo, Pilar celebr\u00f3 la SEMANA DEL EMPRENDEDOR PILARENSE en adhesi\u00f3n a la Semana Global del Emprendedor que [&hellip;]<\/p>\n","protected":false},"author":2,"featured_media":8822,"comment_status":"open","ping_status":"open","sticky":false,"template":"","format":"standard","meta":[],"categories":[2],"tags":[],"_links":{"self":[{"href":"https:\/\/quasarcomunicacion.com.ar\/web\/wp-json\/wp\/v2\/posts\/8824"}],"collection":[{"href":"https:\/\/quasarcomunicacion.com.ar\/web\/wp-json\/wp\/v2\/posts"}],"about":[{"href":"https:\/\/quasarcomunicacion.com.ar\/web\/wp-json\/wp\/v2\/types\/post"}],"author":[{"embeddable":true,"href":"https:\/\/quasarcomunicacion.com.ar\/web\/wp-json\/wp\/v2\/users\/2"}],"replies":[{"embeddable":true,"href":"https:\/\/quasarcomunicacion.com.ar\/web\/wp-json\/wp\/v2\/comments?post=8824"}],"version-history":[{"count":0,"href":"https:\/\/quasarcomunicacion.com.ar\/web\/wp-json\/wp\/v2\/posts\/8824\/revisions"}],"wp:featuredmedia":[{"embeddable":true,"href":"https:\/\/quasarcomunicacion.com.ar\/web\/wp-json\/wp\/v2\/media\/8822"}],"wp:attachment":[{"href":"https:\/\/quasarcomunicacion.com.ar\/web\/wp-json\/wp\/v2\/media?parent=8824"}],"wp:term":[{"taxonomy":"category","embeddable":true,"href":"https:\/\/quasarcomunicacion.com.ar\/web\/wp-json\/wp\/v2\/categories?post=8824"},{"taxonomy":"post_tag","embeddable":true,"href":"https:\/\/quasarcomunicacion.com.ar\/web\/wp-json\/wp\/v2\/tags?post=8824"}],"curies":[{"name":"wp","href":"https:\/\/api.w.org\/{rel}","templated":true}]}}