{"id":8818,"date":"2018-11-21T20:18:02","date_gmt":"2018-11-21T23:18:02","guid":{"rendered":"https:\/\/quasarcomunicacion.com.ar\/web\/?p=8818"},"modified":"2018-11-21T20:18:02","modified_gmt":"2018-11-21T23:18:02","slug":"tips-para-enfrentar-el-miedo-a-los-examenes-3","status":"publish","type":"post","link":"https:\/\/quasarcomunicacion.com.ar\/web\/tips-para-enfrentar-el-miedo-a-los-examenes-3\/","title":{"rendered":"Tips para enfrentar el miedo a los ex\u00e1menes"},"content":{"rendered":"<p style=\"text-align: left;\" align=\"center\"><i style=\"font-family: Verdana; font-size: small;\"><\/i><span style=\"font-family: Verdana; font-size: small;\">Nuevamente fin de a\u00f1o y llega la \u00e9poca de ex\u00e1menes en todos los niveles.\u00a0 Tal vez sin saberlo, muchos alumnos \u00absufren\u00bb de manera desproporcionada esta situaci\u00f3n que les impide avanzar en sus carreras. Por eso, el\u00a0<\/span><b style=\"font-family: Verdana; font-size: small;\">Centro de Estudios Especializado en Trastornos de Ansiedad (CEETA)<\/b><span style=\"font-family: Verdana; font-size: small;\"> brinda algunos tips sobre c\u00f3mo tratar este problema que sufren algunas personas en este per\u00edodo del a\u00f1o en que los alumnos deber\u00e1n enfrentarse a la tan temida mesa examinadora. Esta realidad, no diagnosticada a tiempo, puede\u00a0 desencadenar en una situaci\u00f3n incapacitante que obligue al abandono de los estudios y deja truncas varias carreras y aspiraciones profesionales. Pero es un problema que tiene soluci\u00f3n.<!--more--><\/span><\/p>\n<p align=\"left\">\u00a0<span style=\"font-family: Verdana; font-size: small;\">A esta altura del a\u00f1o un gran porcentaje de estudiantes de todas las edades y niveles educativos deben enfrentarse a los ex\u00e1menes que les permitir\u00e1n avanzar en sus carreras.<\/span><\/p>\n<p><span style=\"font-family: Verdana; font-size: small;\">Es bueno comenzar a prepararse para enfrentar esa instancia decisiva en la vida de cualquier ser humano. Los estudiantes ven que los tiempos se acortan, el nerviosismo crece y la ansiedad aumenta.<\/span><\/p>\n<p style=\"text-align: right;\"><span style=\"font-family: Verdana; font-size: small;\"><a href=\"https:\/\/quasarcomunicacion.com.ar\/web\/wp-content\/uploads\/2016\/02\/examen.gif\"><img class=\"aligncenter\" alt=\"examen\" src=\"https:\/\/quasarcomunicacion.com.ar\/web\/wp-content\/uploads\/2016\/02\/examen.gif\" \/><\/a> <\/span><\/p>\n<p><span style=\"font-family: Verdana; font-size: small;\">Esta situaci\u00f3n es hist\u00f3rica y se ha vivido por generaciones. Pero, si al cl\u00e1sico nerviosismo y mente en blanco, se le suman temblores, aceleraci\u00f3n de la tasa card\u00edaca y respiratoria, n\u00e1useas y v\u00f3mitos se convierten en factores que indican la presencia de un cuadro de Fobia. <\/span><\/p>\n<div align=\"center\"><center><\/p>\n<table width=\"90%\" border=\"0\" cellspacing=\"4\" cellpadding=\"4\">\n<tbody>\n<tr>\n<td bgcolor=\"#ECFFF9\" width=\"100%\"><i> <span style=\"font-family: Verdana; font-size: xx-small;\">Los especialistas del CEETA<\/span><\/i><span style=\"font-family: Verdana; font-size: xx-small;\"><i>, est\u00e1n disponible para consultas o entrevistas sobre el tema. Comunicarse al 0230-4664772 \u00f3 0230 15 4584535 para concretarlas o enviar un mail a <a href=\"mailto:gabriela@quasarcomunicacion.com.ar\"> fernanda@quasarcomunicacion.com.ar <\/a>\u00a0\/\/ <\/i><\/span> <a href=\"https:\/\/bit.ly\/2J4cUvm\"> <span style=\"font-size: xx-small;\">Enviar whatsapp aqu\u00ed<\/span><\/a><\/td>\n<\/tr>\n<\/tbody>\n<\/table>\n<p><\/center><\/div>\n<p><span style=\"font-family: Verdana; font-size: small;\">Si estos s\u00edntomas se manifiestan frente a una situaci\u00f3n de examen, en muchos de los casos termina provocando que el alumno directamente no se presente a rendir la evaluaci\u00f3n y abandone su proceso de capacitaci\u00f3n.<\/span><\/p>\n<p><span style=\"font-family: Verdana; font-size: small;\">La Licenciada Gabriela Mart\u00ednez Castro <\/span> <span style=\"font-family: Verdana; font-size: small;\">(Matr\u00edcula Nacional N\u00ba 18627), directora del <b>Centro de Estudios Especializado en Trastornos de Ansiedad (CEETA),<\/b> se\u00f1al\u00f3 al respecto que \u00abeste cuadro, tambi\u00e9n llamado Ansiedad Social Discreta, se caracteriza por incapacitar cada vez m\u00e1s la vida acad\u00e9mica de quienes lo padecen, llegando en el peor de los casos a que la persona abandone sus estudios por temor a la evaluaci\u00f3n negativa, desaprobaci\u00f3n o a hacer el rid\u00edculo, a pesar de haber estudiado lo suficiente\u00bb.<\/span><\/p>\n<p><span style=\"font-family: Verdana; font-size: small;\">Por lo general no se llega a la consulta con un especialista, sino que se lo obliga a intensificar las clases particulares, entre otros paliativos. Por este motivo es importante que los padres detecten el problema y lo traten adecuadamente con un especialista en trastornos de ansiedad.<\/span><\/p>\n<p><span style=\"font-family: Verdana; font-size: small;\">Quienes padecen esta fobia tienen caracter\u00edsticas comunes: altas exigencias con respecto a sus est\u00e1ndares personales, perfeccionismo, preocupaci\u00f3n desmedida por los errores y gran vulnerabilidad a las cr\u00edticas de los dem\u00e1s.<\/span><\/p>\n<p><span style=\"font-family: Verdana; font-size: small;\">El origen de dicha Fobia, cont\u00f3 la Directora del <b>CEETA<\/b>, puede basarse en tres causas diferentes, las cuales se relacionan con la <b>gen\u00e9tica<\/b>, la herencia familiar; con los factores <b>socio ambientales<\/b>, al haber crecido rodeado de personas temerosas, sobreprotectoras, t\u00edmidas y altamente exigentes; o por presenciar o haber presenciado <b>situaciones desencadenantes<\/b>, como haber pasado el rid\u00edculo o haber sido rechazado o desaprobado en forma traum\u00e1tica para el individuo.<\/p>\n<p>En cuanto al tratamiento de la Fobia a los Ex\u00e1menes, la Licenciada Mart\u00ednez Castro recomienda el de la Terapia Cognitivo-Conductual (TCC), que consiste en el trabajo directo sobre la forma en que la persona procesa la informaci\u00f3n -como si fuese un ordenador- y sobre la conducta desadaptativa, como por ejemplo las evitaciones a la hora de rendir.<\/p>\n<p>El tratamiento para este tipo de Fobia, concluy\u00f3 la Licenciada, \u00abes breve y activo, tanto por parte del terapeuta como del paciente. Adem\u00e1s, se recomienda que se realice de manera inmediata apenas se lo diagnostica, pues se trata de un cuadro que evoluciona hasta incapacitar la vida acad\u00e9mica del individuo oblig\u00e1ndolo muchas veces a abandonar su capacitaci\u00f3n\u00bb. \u00a0<\/span><\/p>\n<div align=\"center\"><center><\/p>\n<table width=\"90%\" border=\"0\" cellspacing=\"4\" cellpadding=\"4\">\n<tbody>\n<tr>\n<td bgcolor=\"#ECFFF9\" width=\"100%\"><i> <span style=\"font-family: Verdana; font-size: xx-small;\">Los especialistas del CEETA<\/span><\/i><span style=\"font-family: Verdana; font-size: xx-small;\"><i>, est\u00e1n disponible para consultas o entrevistas sobre el tema. Comunicarse al 0230-4664772 \u00f3 0230 15 4584535 para concretarlas o enviar un mail a <a href=\"mailto:gabriela@quasarcomunicacion.com.ar\"> fernanda@quasarcomunicacion.com.ar <\/a>\u00a0\/\/ <\/i><\/span> <a href=\"https:\/\/bit.ly\/2J4cUvm\"> <span style=\"font-size: xx-small;\">Enviar whatsapp aqu\u00ed<\/span><\/a><\/td>\n<\/tr>\n<\/tbody>\n<\/table>\n<p><\/center><\/div>\n<p>El <b>Centro de Estudios Especializados en Trastornos de Ansiedad (CEETA)<\/b> tiene su sede central en 46 Plaza, Edificio Agora 3, 1\u00ba piso oficina 109 (Ramal Pilar Km 46). Tel\u00e9fono: \u00a00230-4667175 o al 011-4788-6245 \/ <a href=\"http:\/\/www.ceeta.org\/\"> www.ceeta.org<\/a>\u00a0 Tambi\u00e9n tiene sedes en\u00a0 Parque Patricios, Barrio Norte, Belgrano, San Isidro, Mor\u00f3n, Lomas de Zamora, Avellaneda y Quilmes, entre otras. En <b>facebook<\/b>, la fan page es <a href=\"https:\/\/www.facebook.com\/ansiedad.ceeta\"> https:\/\/www.facebook.com\/ansiedad.ceeta<\/a>\u00a0 <span style=\"font-family: Verdana; font-size: small;\">Consultas por <b>WHATSAPP<\/b>: +54 9 11 4402 7733<\/span><\/p>\n<p align=\"center\"><span style=\"font-family: Verdana; font-size: small;\">Acceso a toda la informaci\u00f3n ingresando en <a href=\"http:\/\/www.quasarcomunicacion.com.ar\/ceeta\"> www.quasarcomunicacion.com.ar\/web\/ceeta<\/a> <\/span><\/p>\n<p align=\"right\"><span style=\"font-size: small;\"><b><i><span style=\"font-family: Arial;\">Por\u00a0 im\u00e1genes, audios o entrevistas no dude en contactarse<\/span><\/i><\/b><\/span><\/p>\n<p align=\"center\"><span style=\"font-size: small;\"><b><i> Contactos de Prensa<\/i><\/b><\/span><\/p>\n<div align=\"left\">\n<table width=\"100%\" border=\"1\" cellpadding=\"2\" align=\"left\">\n<tbody>\n<tr>\n<td align=\"center\" width=\"50%\">\n<p align=\"left\"><span style=\"font-size: medium;\"><strong><span style=\"color: #808080; font-family: Arial; font-size: small;\"> Candela Villanueva &#8211; Asistente de Cuentas<\/p>\n<p><\/span> <\/strong><\/span> <span style=\"font-size: xx-small;\"><span style=\"color: #ff0000;\"> Directo<\/span><b>: <\/b> 0230<\/span><span style=\"font-size: xx-small;\">-4664772<br \/>\n<\/span><span style=\"color: #ff0000; font-size: xx-small;\"> Skype:<\/span><span style=\"font-size: xx-small;\"> quasarcomunicacion<br \/>\n<\/span><span style=\"color: #ff0000; font-size: xx-small;\"> Twitter:<\/span><span style=\"font-size: xx-small;\"> @quasarpilar<br \/>\n<\/span><span style=\"color: #ff0000; font-size: xx-small;\"> Gr<\/span><span style=\"color: #ff0000; font-size: xx-small;\">upo y p\u00e1gina en Facebook: <\/span> <span style=\"color: #808080; font-size: xx-small;\">www.facebook.com\/<\/span><a href=\"mailto:mfipata@gmail.com\"><span style=\"font-size: xx-small;\">Quasar<\/span><\/a><span style=\"font-size: xx-small;\">Comunicacion<br \/>\n<\/span><span style=\"color: #ff0000; font-size: xx-small;\"> Web:<\/span><b><\/b> <a href=\"http:\/\/www.quasarcomunicacion.com.ar\/\"> <span style=\"font-size: xx-small;\">www.quasarcomunicacion.com.ar<\/span><\/a><br \/>\n<span style=\"color: #ff0000; font-size: xx-small;\"> LinkedIn:<\/span><span style=\"font-size: xx-small;\"> <a href=\"https:\/\/www.linkedin.com\/company\/quasarcomunicacion\/\"> https:\/\/www.linkedin.com\/company\/quasarcomunicacion\/<\/a><\/span> <span style=\"font-size: xx-small;\"> <span style=\"color: #ff0000;\"><br \/>\nMail<\/span><b>:<\/b><\/span><span style=\"font-size: xx-small;\"> <a href=\"mailto:fernanda@quasarcomunicacion.com.ar\"> candela<\/a><a href=\"mailto:fernanda@quasarcomunicacion.com.ar\">@quasarcomunicacion.com.ar<\/a><\/span><\/p>\n<\/td>\n<td align=\"center\" width=\"50%\">\n<p align=\"right\"><span style=\"font-size: medium;\"><strong> <span style=\"color: #808080; font-family: Arial; font-size: small;\"> Lic. Mar\u00eda Fernanda Ipata &#8211; Directora<br \/>\n<\/span> <\/strong><\/span> <span style=\"font-size: xx-small;\"><span style=\"color: #ff0000;\"><br \/>\nDirecto<\/span><b>: <\/b> 0230<\/span><span style=\"font-size: xx-small;\">-4664772<\/span><span style=\"font-size: xx-small;\"><br \/>\n<\/span><span style=\"font-size: xx-small;\"> <span style=\"color: #ff0000;\">M\u00f3vil:<\/span><b> <\/b> 0230<\/span><span style=\"font-size: xx-small;\">-15-4584535<br \/>\n<\/span><span style=\"font-size: xx-small;\"><span style=\"color: #ff0000;\"> Whatsapp<\/span><span style=\"color: #ff0000;\">:<\/span> <a href=\"https:\/\/bit.ly\/2J4cUvm\"> 0230<\/a><\/span><span style=\"font-size: xx-small;\"><a href=\"https:\/\/bit.ly\/2J4cUvm\">-15-4584535<\/a><\/span><br \/>\n<a href=\"https:\/\/bit.ly\/2J4cUvm\"> Enviar whatsapp aqu\u00ed<\/a><span style=\"font-size: xx-small;\"><br \/>\n<\/span><span style=\"color: #ff0000; font-size: xx-small;\"> Skype:<\/span><span style=\"font-size: xx-small;\"> quasarcomunicacion<br \/>\n<\/span><span style=\"color: #ff0000; font-size: xx-small;\"> Twitter:<\/span><span style=\"font-size: xx-small;\"> @quasarpilar<br \/>\n<\/span><span style=\"color: #ff0000; font-size: xx-small;\"> Gr<\/span><span style=\"color: #ff0000; font-size: xx-small;\">upo y p\u00e1gina en Facebook: <\/span> <span style=\"color: #808080; font-size: xx-small;\">www.facebook.com\/<\/span><a href=\"mailto:mfipata@gmail.com\"><span style=\"font-size: xx-small;\">Quasar<\/span><\/a><span style=\"font-size: xx-small;\">Comunicacion<br \/>\n<\/span><span style=\"font-size: xx-small;\"> <span style=\"color: #ff0000;\">LinkedIn<\/span><b>:\u00a0 <\/b><\/span> <span style=\"font-size: xx-small;\"><b> <a href=\"http:\/\/www.linkedin.com\/in\/mfipata\"> http:\/\/www.linkedin.com\/in\/mfipata<\/a><\/b><\/span><br \/>\n<span style=\"font-size: xx-small;\"> <a href=\"https:\/\/www.linkedin.com\/company\/quasarcomunicacion\/\"> https:\/\/www.linkedin.com\/company\/quasarcomunicacion<\/a><\/span><span style=\"font-size: xx-small;\"><br \/>\n<\/span><span style=\"color: #ff0000; font-size: xx-small;\"> Web:<\/span><b><\/b> <a href=\"http:\/\/www.quasarcomunicacion.com.ar\/\"> <span style=\"font-size: xx-small;\">www.quasarcomunicacion.com.ar<\/span><\/a><span style=\"font-size: xx-small;\"><br \/>\n<\/span><span style=\"font-size: xx-small;\"> <span style=\"color: #ff0000;\"> Mail<\/span><b>:<\/b><\/span><span style=\"font-size: xx-small;\"><a href=\"mailto:fernanda@quasarcomunicacion.com.ar\"> fernanda@quasarcomunicacion.com.ar<\/a><\/span><span style=\"font-size: xx-small;\"><a href=\"mailto:fernanda@quasarcomunicacion.com.ar\"> r<\/a><\/span><\/p>\n<\/td>\n<\/tr>\n<\/tbody>\n<\/table>\n<\/div>\n<p align=\"center\">\n<p align=\"center\">\n<p align=\"center\">\n<p style=\"display: inline !important;\">\n<div align=\"center\"><center><center><span style=\"font-family: Verdana; font-size: xx-small;\"><b>Acerca de la Lic. Gabriela Mart\u00ednez Castro<\/b><\/span><\/p>\n<p><\/center><\/p>\n<p align=\"left\">\u00a0<i><span style=\"font-family: Verdana; font-size: xx-small;\">Gabriela Mart\u00ednez Castro es Licenciada en Psicolog\u00eda egresada de la Universidad de Belgrano en 1991. M\u00e1ster en Psicolog\u00eda Cl\u00ednica en M\u00e9xico.<\/span><\/i><\/p>\n<p><center><\/p>\n<p align=\"left\"><i><span style=\"font-family: Verdana; font-size: xx-small;\">Post-grado en Trastornos de Ansiedad de la Asociaci\u00f3n Argentina de Trastornos de Ansiedad. Psicoterapeuta Cognitiva-Conductual, orientada al trabajo con Trastornos de Ansiedad y Trastornos de la Personalidad.<\/span><\/i><\/p>\n<p align=\"left\"><i><span style=\"font-family: Verdana; font-size: xx-small;\">Formaci\u00f3n en Terapia Cognitivo Conductual de Tercera Ola en la Fundaci\u00f3n Favaloro.<\/p>\n<p>Ex coordinadora docente de la c\u00e1tedra de Psicolog\u00eda General en la Universidad de Belgrano. Ex coordinadora del Departamento de Psicodiagn\u00f3stico del Hospital Franc\u00e9s, \u00e1rea de Consultorios Externos. <\/span><\/i><\/p>\n<p><center><\/p>\n<p align=\"left\"><i><span style=\"font-family: Verdana; font-size: xx-small;\">Miembro de la Asociaci\u00f3n Argentina de Trastornos de Ansiedad. <\/span><\/i><\/p>\n<p><center><\/p>\n<p align=\"left\"><i><span style=\"font-family: Verdana; font-size: xx-small;\">Directora de CEETA (Centro de Estudios Especializados en Trastornos de Ansiedad) <\/span><\/i><\/p>\n<p><center><\/p>\n<p align=\"left\"><span style=\"font-size: xx-small;\">El <b>Centro de Estudios Especializados en Trastornos de Ansiedad (CEETA)<\/b> tiene su sede central en 46 Plaza, Edificio Agora 3, 1\u00ba piso oficina 109 (Ramal Pilar Km 46). Tel\u00e9fono: \u00a00230-4667175 o al 011-4788-6245 \/ <a href=\"http:\/\/www.ceeta.org\/\"> www.ceeta.org<\/a>\u00a0 Tambi\u00e9n tiene sedes en\u00a0 Parque Patricios, Barrio Norte, Belgrano, San Isidro, Mor\u00f3n, Lomas de Zamora, Avellaneda y Quilmes, entre otras. En <b>facebook<\/b>, la fan page es <a href=\"https:\/\/www.facebook.com\/ansiedad.ceeta\"> https:\/\/www.facebook.com\/ansiedad.ceeta<\/a>\u00a0 <\/span> <span style=\"font-family: Verdana; font-size: xx-small;\">Consultas por <b>WHATSAPP<\/b>: +54 9 11 4402 7733<\/span><\/p>\n<p align=\"left\"><b><i><span style=\"font-family: Verdana; font-size: xx-small;\">Acerca de la Terapia Cognitivo Conductual de Tercera Ola o Tercera Generaci\u00f3n<\/span><\/i><\/b><\/p>\n<p><\/center><\/p>\n<p align=\"left\"><i><span style=\"font-family: Verdana; font-size: xx-small;\">Se trata de una innovadora terapia cognitivo conductual, que a diferencia de otras terapias, se aboca a modificar comportamientos y pensamientos. Est\u00e1 orientada hacia el presente, se investiga el funcionamiento actual. El \u00e9nfasis de la TCC est\u00e1 puesto m\u00e1s en el \u201cQu\u00e9 tengo que hacer para cambiar\u201d que en el \u201cPor qu\u00e9\u201d. Muchas veces, el explorar expresamente y conocer cu\u00e1les son los motivos de lo que nos ocurre no alcanza a brindar una soluci\u00f3n y no es suficiente para producir un cambio.<\/span><\/i><\/p>\n<p align=\"left\"><i><span style=\"font-family: Verdana; font-size: xx-small;\">Es una psicoterapia basada en la evidencia y con un basamento cient\u00edfico y 100% comprobado. Los resultados se ven en el cort\u00edsimo plazo. El paciente tiene un papel activo, con tareas para realizar dentro y fuera de la sesi\u00f3n a trav\u00e9s de la aplicaci\u00f3n de las herramientas que se le brindan.<\/span><\/i><\/p>\n<p align=\"left\"><i><span style=\"font-family: Verdana; font-size: xx-small;\">La terapia cognitiva conductual de tercera ola o tercera generaci\u00f3n cuenta con numerosos aportes validados cient\u00edficamente en los \u00faltimos a\u00f1os. Son las denominadas Terapias de Tercera Generaci\u00f3n o Contextuales.<br \/>\nSon modelos de intervenci\u00f3n que ponen su foco de atenci\u00f3n en el contexto y la funci\u00f3n de nuestros eventos privados como ser los pensamientos, emociones, sensaciones en lugar de su contenido, frecuencia o duraci\u00f3n. La Terapia de Aceptaci\u00f3n y Compromiso (ACT), uno de los nuevos modelos de tratamiento que ofrecen las terapias contextuales, es uno de los mas reconocidos con evidencia emp\u00edrica. El objetivo de la misma es lograr flexibilidad psicol\u00f3gica ante las situaciones dif\u00edciles de la vida y ante el sufrimiento, entender que nuestra vida es significativa y valiosa aun cuando sufrimos.<br \/>\nUtiliza diferentes t\u00e9cnicas como Mindfulness y ejercicios experienciales entre otros. <\/span><\/i><\/p>\n<p align=\"left\"><i><span style=\"font-family: Verdana; font-size: xx-small;\">Se pueden medir los progresos obtenidos desde la primera sesi\u00f3n, se administran cuestionarios y planillas en los que se eval\u00faan los s\u00edntomas espec\u00edficos, en su frecuencia, duraci\u00f3n, intensidad y caracter\u00edsticas. Esta medici\u00f3n es repetida peri\u00f3dicamente hasta la sesi\u00f3n final, para tener una idea del cambio obtenido. La relaci\u00f3n terapeuta-paciente es de colaboraci\u00f3n y activa. Paciente y terapeuta se comprometen a trabajar con un objetivo com\u00fan. Los pacientes pueden aportar sugerencias y participar en el dise\u00f1o de las tareas para el hogar. <\/span><\/i><\/p>\n<p align=\"left\"><i><span style=\"font-family: Verdana; font-size: xx-small;\">En muchos casos, se utiliza la biblioterapia, que consiste en que el terapeuta recomiende o facilite libros, folletos o apuntes acerca del problema para que el paciente se informe de lo que le sucede. Tiende a fomentar la independencia del paciente. Est\u00e1 centrada en los s\u00edntomas y su resoluci\u00f3n. Se definen objetivos concretos a lograr. La meta de la TCC es eliminar, o al menos reducir los s\u00edntomas, y postula que si desaparecen, por ejemplo, los s\u00edntomas de p\u00e1nico, inmediatamente tambi\u00e9n va a haber una mejor\u00eda en otras \u00e1reas, sin que aparezcan otros s\u00edntomas que los reemplacen. Pone \u00e9nfasis en el cambio. Se le solicita al paciente practicar nuevas conductas y cogniciones en las sesiones, y generalizarlas afuera como parte de la tarea. Desaf\u00eda la posici\u00f3n del paciente, sus conductas y sus creencias. Se centra en la resoluci\u00f3n de problemas. Utiliza planes de tratamiento. Generalmente, la terapia utiliza planes espec\u00edficos de tratamiento para cada problema, no utilizando un formato \u201c\u00fanico\u201d para las diversas consultas. Propone una continuidad tem\u00e1tica entre las sesiones. Es decir, m\u00e1s que simplemente decir que funciona, esta comprobado que funciona.<br \/>\nLos recursos disponibles en este portal, son de car\u00e1cter informativo y no constituyen ni reemplazan el asesoramiento y tratamiento profesional.<\/span><\/i><\/p>\n<p><\/center><\/center><\/center><\/center><\/div>\n","protected":false},"excerpt":{"rendered":"<p>Nuevamente fin de a\u00f1o y llega la \u00e9poca de ex\u00e1menes en todos los niveles.\u00a0 Tal vez sin saberlo, muchos alumnos [&hellip;]<\/p>\n","protected":false},"author":2,"featured_media":8020,"comment_status":"open","ping_status":"open","sticky":false,"template":"","format":"standard","meta":[],"categories":[2],"tags":[],"_links":{"self":[{"href":"https:\/\/quasarcomunicacion.com.ar\/web\/wp-json\/wp\/v2\/posts\/8818"}],"collection":[{"href":"https:\/\/quasarcomunicacion.com.ar\/web\/wp-json\/wp\/v2\/posts"}],"about":[{"href":"https:\/\/quasarcomunicacion.com.ar\/web\/wp-json\/wp\/v2\/types\/post"}],"author":[{"embeddable":true,"href":"https:\/\/quasarcomunicacion.com.ar\/web\/wp-json\/wp\/v2\/users\/2"}],"replies":[{"embeddable":true,"href":"https:\/\/quasarcomunicacion.com.ar\/web\/wp-json\/wp\/v2\/comments?post=8818"}],"version-history":[{"count":0,"href":"https:\/\/quasarcomunicacion.com.ar\/web\/wp-json\/wp\/v2\/posts\/8818\/revisions"}],"wp:featuredmedia":[{"embeddable":true,"href":"https:\/\/quasarcomunicacion.com.ar\/web\/wp-json\/wp\/v2\/media\/8020"}],"wp:attachment":[{"href":"https:\/\/quasarcomunicacion.com.ar\/web\/wp-json\/wp\/v2\/media?parent=8818"}],"wp:term":[{"taxonomy":"category","embeddable":true,"href":"https:\/\/quasarcomunicacion.com.ar\/web\/wp-json\/wp\/v2\/categories?post=8818"},{"taxonomy":"post_tag","embeddable":true,"href":"https:\/\/quasarcomunicacion.com.ar\/web\/wp-json\/wp\/v2\/tags?post=8818"}],"curies":[{"name":"wp","href":"https:\/\/api.w.org\/{rel}","templated":true}]}}