{"id":8808,"date":"2018-11-15T21:14:41","date_gmt":"2018-11-16T00:14:41","guid":{"rendered":"https:\/\/quasarcomunicacion.com.ar\/web\/?p=8808"},"modified":"2018-11-15T21:14:41","modified_gmt":"2018-11-16T00:14:41","slug":"con-su-edicion-17a-estilo-pilar-vuelve-al-distrito","status":"publish","type":"post","link":"https:\/\/quasarcomunicacion.com.ar\/web\/con-su-edicion-17a-estilo-pilar-vuelve-al-distrito\/","title":{"rendered":"Con su edici\u00f3n 17\u00aa Estilo Pilar vuelve al distrito"},"content":{"rendered":"<p style=\"text-align: left;\" align=\"center\"><span style=\"font-family: Verdana;\">\u00a0<b>Amigos del Pilar<\/b>, a 20 a\u00f1os de la primera muestra,<b> <\/b>present\u00f3 en Espacio Pilar la <b>17\u00ba Edici\u00f3n de Estilo Pilar<\/b>, la exposici\u00f3n de decoraci\u00f3n, paisajismo y arte que se realiza a beneficio de los consultorios odontol\u00f3gicos de la instituci\u00f3n. La Edici\u00f3n 2019 se realizar\u00e1 nuevamente en Pilar del <\/span> <span style=\"font-family: Verdana; font-size: small;\">Jueves 28 de Marzo hasta el Domingo 28 de Abril de 2019 inclusive.<!--more--><\/span><\/p>\n<p>\u00a0<span style=\"font-family: Verdana; font-size: small;\">El lugar elegido para el pr\u00f3ximo a\u00f1o es AZZURRA, emprendimiento del Grupo Monarca, un exclusivo desarrollo de 69 hect\u00e1reas de riqueza natural atravesada por un arroyo a lo largo de toda su extensi\u00f3n. Arboles a\u00f1ejos de m\u00e1s de 50 a\u00f1os de antig\u00fcedad y variedad de flores conforman un verdadero bosque que supo amalgamar este espl\u00e9ndido follaje con el caser\u00edo, caballerizas y tinglados existentes propio del campo que supo ser.<\/span><\/p>\n<p><span style=\"font-family: Verdana; font-size: small;\">\u00abUna de las cosas que m\u00e1s nos entusiasma de este proyecto, es que nos trae de vuelta a casa, al partido de Pilar donde nacimos. Hemos bautizado a esta edici\u00f3n N\u00b0 17 <b>\u201cEstilo Pilar, El Bosque\u201d <\/b>porque realza lo m\u00e1s valioso que caracteriza nuestra querida zona, la naturaleza\u00bb, anuncian desde la organizaci\u00f3n.<\/span><\/p>\n<p><span style=\"font-family: Verdana; font-size: small;\">Los \u00e1rboles y sus ra\u00edces son el paisaje perfecto para simbolismos art\u00edsticos, emocionales y espirituales. Su gran poder reside en su maravillosa persistencia en el tiempo, como todas las cosas que perduran y se hacen fuertes con el correr de los a\u00f1os. Por eso Estilo Pilar se identifica particularmente con \u00e9sta edici\u00f3n enfocada en la vuelta a las ra\u00edces.<\/span><\/p>\n<p><span style=\"font-family: Verdana; font-size: small;\">En pocas palabras el concepto del leit-motiv de la nueva muestra ser\u00e1 <b>\u201cSomos nuestras ra\u00edces\u201d<\/b><\/span><\/p>\n<p><span style=\"font-family: Verdana; font-size: small;\">\u00abComo todos los a\u00f1os estamos ilusionados de que sea una muestra maravillosa y en el lugar donde queremos estar todos los a\u00f1os: en Pilar, lo cual nos llena de satisfacci\u00f3n. Este a\u00f1o cumplimos 20 a\u00f1os del lanzamiento, si bien no es la edici\u00f3n 20 porque algunos a\u00f1os no se pudo hacer, haremos un homenaje a las fundadoras\u00bb, dijo Hayd\u00e9e Burgue\u00f1o, presidente de <b>Amigos del Pilar<\/b> y miembro de la Comisi\u00f3n Directiva junto a Mercedes Pieres desde el inicio.<\/span><\/p>\n<p><a href=\"https:\/\/quasarcomunicacion.com.ar\/web\/wp-content\/uploads\/2018\/11\/presentacion11.gif\"><img class=\"aligncenter\" alt=\"presentacion1\" src=\"https:\/\/quasarcomunicacion.com.ar\/web\/wp-content\/uploads\/2018\/11\/presentacion11.gif\" \/><\/a><\/p>\n<p><span style=\"font-family: Verdana; font-size: small;\">\u00abEste camino nos ha dado muchas satisfacciones porque no solo nos ha dado buenos resultados la exposici\u00f3n, sino el ingreso que surge de esta muestra y que nos ha permitido, desde el a\u00f1o 2004, volcarnos a la odontolog\u00eda. Se pudo construir\u00a0 y equipar los consultorios adem\u00e1s de atender a m\u00e1s de 65 mil ni\u00f1os\u00bb, continu\u00f3.<\/span><\/p>\n<p><span style=\"font-family: Verdana; font-size: small;\">Con el dinero recaudado en las dos \u00faltimas ediciones han equipado un consultorio en Pilares de Esperanza para los ni\u00f1os con capacidades diferentes.<\/span><\/p>\n<p><span style=\"font-family: Verdana; font-size: small;\">\u00abAmigos del Pilar convoca, ustedes son los que lo hacen\u00bb, finaliz\u00f3 Burgue\u00f1o durante la presentaci\u00f3n.<\/span><\/p>\n<p><b><span style=\"font-family: Verdana; font-size: small;\">Sobre de Amigos del Pilar<\/span><\/b><\/p>\n<p><span style=\"font-family: Verdana; font-size: xx-small;\">Como todos los a\u00f1os anteriores, Estilo Pilar es organizado por Amigos del Pilar, una Asociaci\u00f3n Civil que surgi\u00f3 de la inquietud de un grupo de mujeres con esp\u00edritu solidario que deseaban colaborar y comprometerse con su comunidad. Desde el a\u00f1o 1996 trabajan en el partido de Pilar con la misi\u00f3n de brindar ayuda a ni\u00f1os de escasos recursos en materia de salud odontol\u00f3gica: \u201cUn Pilar con atenci\u00f3n digna para aquellos de bajos recursos\u201d.<br \/>\nPara llevar a cabo esta tarea, en el a\u00f1o 2004 crearon los consultorios odontol\u00f3gicos propios, que funcionaron ininterrumpidamente hasta Octubre del 2014. A partir del 1 de Octubre de ese a\u00f1o iniciaron un nuevo camino. Formularon un nuevo sistema de becas que hace posible que tanto antiguos pacientes, como aquellos nuevos que soliciten atenci\u00f3n, puedan ser atendidos con la financiaci\u00f3n de Amigos del Pilar. Hasta Diciembre de 2017 se atendieron 64.730 chicos y se realizaron 165.289 prestaciones.<br \/>\nEste nuevo proyecto es posible tambi\u00e9n gracias a la ayuda de profesionales solidarios que comprenden la tarea y est\u00e1n involucrados con la obra de la fundaci\u00f3n. <\/span><\/p>\n<p><span style=\"font-family: Verdana; font-size: xx-small;\"><br \/>\nPara m\u00e1s informaci\u00f3n ingresar a <a href=\"http:\/\/www.amigosdelpilar.org.ar\/\"> http:\/\/www.amigosdelpilar.org.ar\/<\/a><\/span><\/p>\n<p>&nbsp;<\/p>\n<p><span style=\"font-family: Verdana; font-size: small;\"><b><span style=\"text-decoration: underline;\">Ficha T\u00e9cnica:<\/span><\/b><\/span><\/p>\n<p><span style=\"font-family: Verdana; font-size: small;\"><b>Lugar<\/b>: Azzurra &#8211; Av. Patricias Argentinas 3796, Manuel Alberti.<br \/>\n<b>Fecha<\/b>: Desde el Jueves 28 de Marzo hasta el Domingo 28 de Abril de 2019 inclusive.<\/span><\/p>\n<p><b>Horarios de apertura:<\/b> Jueves, Viernes, S\u00e1bados y Domingos de 11 hs. a 19 hs.<br \/>\nDomingo de Pascuas Cerrado.<br \/>\nLunes, Martes y Mi\u00e9rcoles Cerrado.<\/p>\n<p><b>Arte<\/b>: 21 espacios<br \/>\n<b>Decoraci\u00f3n y Showrooms:<\/b> 34 espacios<br \/>\n<b>Paisajismo<\/b>: 11 espacios<br \/>\n<b>Paseo de Compras y Garden Walk:<\/b> 42 espacios<br \/>\n<b>Gastronom\u00eda<\/b>: 6 espacios<br \/>\nEl caf\u00e9<\/p>\n<p><b>Predio<\/b>: 2 has<\/p>\n<p><span style=\"font-family: Verdana; font-size: small;\"><b>Contacto<\/b><br \/>\n<a href=\"https:\/\/www.facebook.com\/estilopilar\"> https:\/\/www.facebook.com\/estilopilar<\/a><br \/>\n<a href=\"http:\/\/www.estilopilar.com.ar\/\"> http:\/\/www.estilopilar.com.ar\/<\/a> <\/span><\/p>\n<p align=\"left\"><span style=\"font-size: small;\"><b><i><span style=\"font-family: Arial;\">Por otras im\u00e1genes, audios o entrevistas no dude en contactarse<\/span><\/i><\/b><\/span><\/p>\n<p align=\"left\">Toda la informaci\u00f3n en <a href=\"http:\/\/www.quasarcomunicacion.com.ar\/web\/estilopilar19\"> www.quasarcomunicacion.com.ar\/web\/estilopilar19<\/a><a href=\"http:\/\/www.quasarcomunicacion.com.ar\/web\/estilopilar18\">\u00a0 <\/a><\/p>\n<p align=\"center\"><span style=\"font-size: small;\"><b><i> Contactos de Prensa<\/i><\/b><\/span><\/p>\n<div align=\"left\">\n<table width=\"100%\" border=\"1\" cellpadding=\"2\" align=\"left\">\n<tbody>\n<tr>\n<td align=\"center\" width=\"50%\">\n<p align=\"left\"><span style=\"font-size: medium;\"><strong><span style=\"color: #808080; font-family: Arial; font-size: small;\"> Candela Villanueva &#8211; Asistente de Cuentas<\/span><\/strong><\/span><\/p>\n<p><span style=\"font-size: xx-small;\"><span style=\"color: #ff0000;\"> Directo<\/span><b>: <\/b> 0230<\/span><span style=\"font-size: xx-small;\">-4664772<br \/>\n<\/span><span style=\"color: #ff0000; font-size: xx-small;\"> Skype:<\/span><span style=\"font-size: xx-small;\"> quasarcomunicacion<br \/>\n<\/span><span style=\"color: #ff0000; font-size: xx-small;\"> Twitter:<\/span><span style=\"font-size: xx-small;\"> @quasarpilar<br \/>\n<\/span><span style=\"color: #ff0000; font-size: xx-small;\"> Gr<\/span><span style=\"color: #ff0000; font-size: xx-small;\">upo y p\u00e1gina en Facebook: <\/span> <span style=\"color: #808080; font-size: xx-small;\">www.facebook.com\/<\/span><a href=\"mailto:mfipata@gmail.com\"><span style=\"font-size: xx-small;\">Quasar<\/span><\/a><span style=\"font-size: xx-small;\">Comunicacion<br \/>\n<\/span><span style=\"color: #ff0000; font-size: xx-small;\"> Web:<\/span><b><\/b> <a href=\"http:\/\/www.quasarcomunicacion.com.ar\/\"> <span style=\"font-size: xx-small;\">www.quasarcomunicacion.com.ar<\/span><\/a><\/p>\n<p align=\"left\"><span style=\"font-size: xx-small;\"> <span style=\"color: #ff0000;\">Mail<\/span><b>:<\/b><\/span><span style=\"font-size: xx-small;\"> <a href=\"mailto:fernanda@quasarcomunicacion.com.ar\"> candela<\/a><a href=\"mailto:fernanda@quasarcomunicacion.com.ar\">@quasarcomunicacion.com.ar<\/a><\/span><\/p>\n<\/td>\n<td align=\"center\" width=\"50%\">\n<p align=\"right\"><span style=\"font-size: medium;\"><strong> <span style=\"color: #808080; font-family: Arial; font-size: small;\"> Lic. Mar\u00eda Fernanda Ipata &#8211; Directora<br \/>\n<\/span> <\/strong><\/span> <span style=\"font-size: xx-small;\"><span style=\"color: #ff0000;\"><br \/>\nDirecto<\/span><b>: <\/b> 0230<\/span><span style=\"font-size: xx-small;\">-4664772<\/span><span style=\"font-size: xx-small;\"><br \/>\n<\/span><span style=\"font-size: xx-small;\"> <span style=\"color: #ff0000;\">M\u00f3vil:<\/span><b> <\/b> 0230<\/span><span style=\"font-size: xx-small;\">-15-4584535<br \/>\n<\/span><span style=\"font-size: xx-small;\"><span style=\"color: #ff0000;\"> Whatsapp<\/span><span style=\"color: #ff0000;\">:<\/span> <a href=\"https:\/\/bit.ly\/2J4cUvm\"> 0230<\/a><\/span><span style=\"font-size: xx-small;\"><a href=\"https:\/\/bit.ly\/2J4cUvm\">-15-4584535<\/a><\/span><br \/>\n<a href=\"https:\/\/bit.ly\/2J4cUvm\"> <span style=\"font-size: small;\">Enviar whatsapp aqu\u00ed<\/span><\/a><span style=\"font-size: small;\"><br \/>\n<\/span><span style=\"color: #ff0000; font-size: xx-small;\"> Skype:<\/span><span style=\"font-size: xx-small;\"> quasarcomunicacion<br \/>\n<\/span><span style=\"color: #ff0000; font-size: xx-small;\"> Twitter:<\/span><span style=\"font-size: xx-small;\"> @quasarpilar<br \/>\n<\/span><span style=\"color: #ff0000; font-size: xx-small;\"> Gr<\/span><span style=\"color: #ff0000; font-size: xx-small;\">upo y p\u00e1gina en Facebook: <\/span> <span style=\"color: #808080; font-size: xx-small;\">www.facebook.com\/<\/span><a href=\"mailto:mfipata@gmail.com\"><span style=\"font-size: xx-small;\">Quasar<\/span><\/a><span style=\"font-size: xx-small;\">Comunicacion<br \/>\n<\/span><span style=\"font-size: xx-small;\"> <span style=\"color: #ff0000;\">LinkedIn<\/span><b>:\u00a0 <\/b><\/span> <span style=\"font-size: xx-small;\"><b> <a href=\"http:\/\/www.linkedin.com\/in\/mfipata\"> http:\/\/www.linkedin.com\/in\/mfipata<\/a><\/b><\/span><span style=\"font-size: xx-small;\"><br \/>\n<\/span><span style=\"color: #ff0000; font-size: xx-small;\"> Web:<\/span><b><\/b> <a href=\"http:\/\/www.quasarcomunicacion.com.ar\/\"> <span style=\"font-size: xx-small;\">www.quasarcomunicacion.com.ar<\/span><\/a><span style=\"font-size: xx-small;\"><br \/>\n<\/span><span style=\"font-size: xx-small;\"> <span style=\"color: #ff0000;\"> Mail<\/span><b>:<\/b><\/span><span style=\"font-size: xx-small;\"><a href=\"mailto:fernanda@quasarcomunicacion.com.ar\"> fernanda@quasarcomunicacion.com.ar<\/a><\/span><\/p>\n<\/td>\n<\/tr>\n<\/tbody>\n<\/table>\n<\/div>\n","protected":false},"excerpt":{"rendered":"<p>\u00a0Amigos del Pilar, a 20 a\u00f1os de la primera muestra, present\u00f3 en Espacio Pilar la 17\u00ba Edici\u00f3n de Estilo Pilar, [&hellip;]<\/p>\n","protected":false},"author":2,"featured_media":8802,"comment_status":"open","ping_status":"open","sticky":false,"template":"","format":"standard","meta":[],"categories":[2],"tags":[],"_links":{"self":[{"href":"https:\/\/quasarcomunicacion.com.ar\/web\/wp-json\/wp\/v2\/posts\/8808"}],"collection":[{"href":"https:\/\/quasarcomunicacion.com.ar\/web\/wp-json\/wp\/v2\/posts"}],"about":[{"href":"https:\/\/quasarcomunicacion.com.ar\/web\/wp-json\/wp\/v2\/types\/post"}],"author":[{"embeddable":true,"href":"https:\/\/quasarcomunicacion.com.ar\/web\/wp-json\/wp\/v2\/users\/2"}],"replies":[{"embeddable":true,"href":"https:\/\/quasarcomunicacion.com.ar\/web\/wp-json\/wp\/v2\/comments?post=8808"}],"version-history":[{"count":0,"href":"https:\/\/quasarcomunicacion.com.ar\/web\/wp-json\/wp\/v2\/posts\/8808\/revisions"}],"wp:featuredmedia":[{"embeddable":true,"href":"https:\/\/quasarcomunicacion.com.ar\/web\/wp-json\/wp\/v2\/media\/8802"}],"wp:attachment":[{"href":"https:\/\/quasarcomunicacion.com.ar\/web\/wp-json\/wp\/v2\/media?parent=8808"}],"wp:term":[{"taxonomy":"category","embeddable":true,"href":"https:\/\/quasarcomunicacion.com.ar\/web\/wp-json\/wp\/v2\/categories?post=8808"},{"taxonomy":"post_tag","embeddable":true,"href":"https:\/\/quasarcomunicacion.com.ar\/web\/wp-json\/wp\/v2\/tags?post=8808"}],"curies":[{"name":"wp","href":"https:\/\/api.w.org\/{rel}","templated":true}]}}