{"id":8700,"date":"2018-10-04T14:12:48","date_gmt":"2018-10-04T17:12:48","guid":{"rendered":"https:\/\/quasarcomunicacion.com.ar\/web\/?p=8700"},"modified":"2018-10-04T14:12:48","modified_gmt":"2018-10-04T17:12:48","slug":"llega-por-primera-vez-a-rosario-el-congreso-destinado-a-las-empresas-expo-pyme","status":"publish","type":"post","link":"https:\/\/quasarcomunicacion.com.ar\/web\/llega-por-primera-vez-a-rosario-el-congreso-destinado-a-las-empresas-expo-pyme\/","title":{"rendered":"Llega por primera vez a Rosario el congreso destinado a las empresas: EXPO PYME"},"content":{"rendered":"<p style=\"text-align: left;\" align=\"center\"><b style=\"font-family: Verdana; font-size: small;\">Expo Pyme<\/b><span style=\"font-family: Verdana; font-size: small;\">, el evento destinado a las empresas, llega por primera vez a Rosario. El mismo se llevar\u00e1 adelante el pr\u00f3ximo viernes 2 de noviembre en el Centro de Convenciones de casino City Center, ubicado en Bv. Oro\u00f1o y Av. Circunvalaci\u00f3n, de 9 a 19 horas y ser\u00e1 con entrada libre y gratuita. Se espera una convocatoria de m\u00e1s de 2 mil personas y contar\u00e1 con el auspicio de empresas como: Intiza, Vodemia, Banco Municipal, Aca Salud, Escuela de Negocios de Fundaci\u00f3n Libertad, Donweb.com, Hansaworld.<!--more--><\/span><\/p>\n<p align=\"left\"><b><\/b><span style=\"font-family: Verdana; font-size: small;\"><b>Expo Pyme <\/b>es un evento que propone una experiencia integral para todos los empresarios pyme, con la finalidad de conocer las \u00faltimas novedades en el sector, nuevas tecnolog\u00edas, innovaciones y mejoras en la productividad.<\/span><\/p>\n<p align=\"left\">\u00a0<a href=\"https:\/\/quasarcomunicacion.com.ar\/web\/wp-content\/uploads\/2017\/03\/expopost.gif\"><img class=\"aligncenter\" alt=\"expopost\" src=\"https:\/\/quasarcomunicacion.com.ar\/web\/wp-content\/uploads\/2017\/03\/expopost.gif\" \/><\/a><\/p>\n<p align=\"left\"><span style=\"font-family: Verdana; font-size: small;\">Se trata de una gran oportunidad para generar sinergia entre los asistentes y cultivar futuros negocios. Ser\u00e1 un ambiente propicio para entablar relaciones e interactuar mediante los diferentes worshops y espacios especialmente preparados para las empresas medianas y peque\u00f1as.<\/span><\/p>\n<p align=\"left\"><span style=\"font-family: Verdana; font-size: small;\">Desde la organizaci\u00f3n, contaron que buscan \u201caportar soluciones en un solo d\u00eda, en un solo lugar y que los participantes tengan la posibilidad de conectarse con empresarios, realizar nuevos negocios, interiorizarse sobre los nuevos productos que se lanzaron al mercado, contactarse con proveedores, disfrutar de charlas motivadoras, entre otras actividades\u201d.<\/span><\/p>\n<p align=\"left\"><span style=\"font-family: Verdana; font-size: small;\">Otra de las actividades que ofrecer\u00e1 Expo Pyme, es una charla que brindar\u00e1 el reconocido periodista econ\u00f3mico, Maximiliano Montenegro, quien se encargar\u00e1 de explicar qu\u00e9 es lo que est\u00e1 sucediendo en el pa\u00eds y cu\u00e1l es el rumbo que puede tomar la econom\u00eda, y as\u00ed tomar mejores decisiones en los negocios.<\/span><\/p>\n<p align=\"left\"><span style=\"font-family: Verdana; font-size: small;\">El evento, que por primera vez se realizar\u00e1 en el interior del pa\u00eds, ya cuenta con dos versiones previas en 2017 y 2018 en Buenos Aires con m\u00e1s de 2.900 asistentes cada uno.<\/span><\/p>\n<p align=\"left\"><b><\/b><span style=\"font-family: Verdana; font-size: small;\"><b>Expo Pyme<\/b> contar\u00e1 con capacidad para m\u00e1s de 2 mil asistentes, 60 stands, 7 consultorios pymes, 2 rondas de negocios, 4 charlas de especialistas y un periodista de alto prestigio.<\/span><\/p>\n<p align=\"left\"><span style=\"font-family: Verdana; font-size: small;\">Las empresas interesadas en participar pueden consultar en el portal oficial (expopyme.com.ar), comercial@expopyme.com.ar o al tel\u00e9fono 011-155 9596 761.<\/span><\/p>\n<p align=\"left\"><span style=\"font-size: small;\"><b><i><span style=\"font-family: Arial;\">Por otras im\u00e1genes, audios o entrevistas no dude en contactarse<\/span><\/i><\/b><\/span><\/p>\n<p align=\"center\"><span style=\"font-size: small;\"><b><i> Contactos de Prensa<\/i><\/b><\/span><\/p>\n<div align=\"left\">\n<table width=\"100%\" border=\"1\" cellpadding=\"2\" align=\"left\">\n<tbody>\n<tr>\n<td width=\"50%\">\n<p align=\"left\"><span style=\"font-size: medium;\"><strong> <span style=\"color: #808080; font-family: Arial; font-size: small;\"> Mayra Ibarra &#8211; Asistente de Cuentas<\/p>\n<p><\/span> <\/strong><\/span> <span style=\"font-size: xx-small;\"><span style=\"color: #ff0000;\"> Directo<\/span><b>: <\/b> 0230<\/span><span style=\"font-size: xx-small;\">-4664772<br \/>\n<\/span><span style=\"color: #ff0000; font-size: xx-small;\"> Skype:<\/span><span style=\"font-size: xx-small;\"> quasarcomunicacion<br \/>\n<\/span><span style=\"color: #ff0000; font-size: xx-small;\"> Twitter:<\/span><span style=\"font-size: xx-small;\"> @quasarpilar<br \/>\n<\/span><span style=\"color: #ff0000; font-size: xx-small;\"> Gr<\/span><span style=\"color: #ff0000; font-size: xx-small;\">upo y p\u00e1gina en Facebook: <\/span> <span style=\"color: #808080; font-size: xx-small;\">www.facebook.com\/<\/span><a href=\"mailto:mfipata@gmail.com\"><span style=\"font-size: xx-small;\">Quasar<\/span><\/a><span style=\"font-size: xx-small;\">Comunicacion<br \/>\n<\/span><span style=\"color: #ff0000; font-size: xx-small;\"> Web:<\/span><b><\/b> <a href=\"http:\/\/www.quasarcomunicacion.com.ar\/\"> <span style=\"font-size: xx-small;\">www.quasarcomunicacion.com.ar<\/span><\/a><br \/>\n<span style=\"font-size: xx-small;\"> <span style=\"color: #ff0000;\">LinkedIn<\/span><\/span>:<span style=\"font-size: xx-small;\"> <a href=\"https:\/\/www.linkedin.com\/company\/quasarcomunicacion\/\"> https:\/\/www.linkedin.com\/company\/quasarcomunicacion\/<\/a><span style=\"color: #ff0000;\"><br \/>\nMail<\/span><b>:<\/b><\/span><span style=\"font-size: xx-small;\"> <a href=\"mailto:fernanda@quasarcomunicacion.com.ar\"> quasar@quasarcomunicacion.com.ar<\/a><\/span><\/p>\n<\/td>\n<td width=\"50%\">\n<p align=\"right\"><span style=\"font-size: medium;\"><strong> <span style=\"color: #808080; font-family: Arial; font-size: small;\"> Lic. Mar\u00eda Fernanda Ipata &#8211; Directora<br \/>\n<\/span> <\/strong><\/span> <span style=\"font-size: xx-small;\"><span style=\"color: #ff0000;\"><br \/>\nDirecto<\/span><b>: <\/b> 0230<\/span><span style=\"font-size: xx-small;\">-4664772<\/span><span style=\"font-size: xx-small;\"><br \/>\n<\/span><span style=\"font-size: xx-small;\"> <span style=\"color: #ff0000;\">M\u00f3vil:<\/span><b> <\/b> 0230<\/span><span style=\"font-size: xx-small;\">-15-4584535<br \/>\n011-15-6096-4656 ID 558*3763<br \/>\n<\/span><span style=\"color: #ff0000; font-size: xx-small;\"> Skype:<\/span><span style=\"font-size: xx-small;\"> quasarcomunicacion<br \/>\n<\/span><span style=\"color: #ff0000; font-size: xx-small;\"> Twitter:<\/span><span style=\"font-size: xx-small;\"> @quasarpilar<br \/>\n<\/span><span style=\"color: #ff0000; font-size: xx-small;\"> Gr<\/span><span style=\"color: #ff0000; font-size: xx-small;\">upo y p\u00e1gina en Facebook: <\/span> <span style=\"color: #808080; font-size: xx-small;\">www.facebook.com\/<\/span><a href=\"mailto:mfipata@gmail.com\"><span style=\"font-size: xx-small;\">Quasar<\/span><\/a><span style=\"font-size: xx-small;\">Comunicacion<br \/>\n<\/span><span style=\"font-size: xx-small;\"> <span style=\"color: #ff0000;\">LinkedIn<\/span><b>:\u00a0 <\/b><\/span> <span style=\"font-size: xx-small;\"><b> <a href=\"http:\/\/www.linkedin.com\/in\/mfipata\"> http:\/\/www.linkedin.com\/in\/mfipata<\/a><\/b><\/span><span style=\"font-size: xx-small;\"><br \/>\n<\/span><span style=\"color: #ff0000; font-size: xx-small;\"> Web:<\/span><b><\/b> <a href=\"http:\/\/www.quasarcomunicacion.com.ar\/\"> <span style=\"font-size: xx-small;\">www.quasarcomunicacion.com.ar<\/span><\/a><span style=\"font-size: xx-small;\"><br \/>\n<\/span><span style=\"font-size: xx-small;\"> <span style=\"color: #ff0000;\"> Mail<\/span><b>:<\/b><\/span><span style=\"font-size: xx-small;\"><a href=\"mailto:fernanda@quasarcomunicacion.com.ar\"> fernanda@quasarcomunicacion.com.ar<\/a><\/span><\/p>\n<\/td>\n<\/tr>\n<\/tbody>\n<\/table>\n<\/div>\n","protected":false},"excerpt":{"rendered":"<p>Expo Pyme, el evento destinado a las empresas, llega por primera vez a Rosario. El mismo se llevar\u00e1 adelante el [&hellip;]<\/p>\n","protected":false},"author":2,"featured_media":7595,"comment_status":"open","ping_status":"open","sticky":false,"template":"","format":"standard","meta":[],"categories":[2],"tags":[],"_links":{"self":[{"href":"https:\/\/quasarcomunicacion.com.ar\/web\/wp-json\/wp\/v2\/posts\/8700"}],"collection":[{"href":"https:\/\/quasarcomunicacion.com.ar\/web\/wp-json\/wp\/v2\/posts"}],"about":[{"href":"https:\/\/quasarcomunicacion.com.ar\/web\/wp-json\/wp\/v2\/types\/post"}],"author":[{"embeddable":true,"href":"https:\/\/quasarcomunicacion.com.ar\/web\/wp-json\/wp\/v2\/users\/2"}],"replies":[{"embeddable":true,"href":"https:\/\/quasarcomunicacion.com.ar\/web\/wp-json\/wp\/v2\/comments?post=8700"}],"version-history":[{"count":0,"href":"https:\/\/quasarcomunicacion.com.ar\/web\/wp-json\/wp\/v2\/posts\/8700\/revisions"}],"wp:featuredmedia":[{"embeddable":true,"href":"https:\/\/quasarcomunicacion.com.ar\/web\/wp-json\/wp\/v2\/media\/7595"}],"wp:attachment":[{"href":"https:\/\/quasarcomunicacion.com.ar\/web\/wp-json\/wp\/v2\/media?parent=8700"}],"wp:term":[{"taxonomy":"category","embeddable":true,"href":"https:\/\/quasarcomunicacion.com.ar\/web\/wp-json\/wp\/v2\/categories?post=8700"},{"taxonomy":"post_tag","embeddable":true,"href":"https:\/\/quasarcomunicacion.com.ar\/web\/wp-json\/wp\/v2\/tags?post=8700"}],"curies":[{"name":"wp","href":"https:\/\/api.w.org\/{rel}","templated":true}]}}