{"id":8636,"date":"2018-09-11T15:45:08","date_gmt":"2018-09-11T18:45:08","guid":{"rendered":"https:\/\/quasarcomunicacion.com.ar\/web\/?p=8636"},"modified":"2018-09-11T15:45:08","modified_gmt":"2018-09-11T18:45:08","slug":"webinar-trucos-efectivos-de-facebook-para-vender-mas","status":"publish","type":"post","link":"https:\/\/quasarcomunicacion.com.ar\/web\/webinar-trucos-efectivos-de-facebook-para-vender-mas\/","title":{"rendered":"Webinar \u00abTrucos efectivos de Facebook para vender m\u00e1s\u00bb"},"content":{"rendered":"<p><span style=\"font-family: Verdana; font-size: small;\"> El pr\u00f3ximo s\u00e1bado 29 de septiembre a las 11 hs (hora Argentina), desde la comodidad de tu casa u oficina, podr\u00e1s acceder al <b>Webinar \u00ab<\/b><\/span><span style=\"font-family: Verdana;\"><span style=\"font-size: small;\"><b>Trucos efectivos de Facebook para vender m\u00e1s&#8230; Los aprend\u00e9s, los aplic\u00e1s y mir\u00e1s los resultados!\u00bb <\/b>a cargo de la Directora de <b>Qu\u00e1sar Comunicaci\u00f3n<\/b>, la Lic. Mar\u00eda Fernanda Ipata. Para tomar la capacitaci\u00f3n s\u00f3lo se necesita una PC, notebook o celular con conexi\u00f3n a internet. M\u00e1s info y formulario de inscripci\u00f3n <\/span> <a href=\"http:\/\/www.quasarcomunicacion.com.ar\/web\/webinarfb\"> <span style=\"font-size: small;\">www.quasarcomunicacion.com.ar\/web\/webinarfb<!--more--><\/span><\/a><\/span><\/p>\n<p><img class=\"aligncenter\" alt=\"\" src=\"https:\/\/quasarcomunicacion.com.ar\/web\/wp-content\/uploads\/2018\/09\/facebook18.gif\" \/><\/p>\n<p><span style=\"font-family: Verdana; font-size: small;\">La capacitaci\u00f3n on line durar\u00e1 aproximadamente 90 minutos y est\u00e1 destinada para emprendedores que deseen ofrecer sus productos o servicios a trav\u00e9s de Facebook. Adem\u00e1s de poder visualizar la presentaci\u00f3n de forma on line, se podr\u00e1n hacer preguntas y consultas durante el webinar.<\/span><\/p>\n<p><span style=\"font-family: Verdana; font-size: small;\">La inversi\u00f3n es de $ 300 y puede abonarse con tarjeta de cr\u00e9dito desde este link <a href=\"https:\/\/bit.ly\/2Q4zfKf\">https:\/\/bit.ly\/2Q4zfKf<\/a> . Si desean abonar por RapiPago o Pago F\u00e1cil hacerlo solicitando una carga a Ual\u00e1 DNI 24623711. Luego informar el pago a info@quasarcomunicacion.com.ar<br \/>\nVer todos los m\u00e9todos de pago <a href=\"https:\/\/quasarcomunicacion.com.ar\/web\/metodosdepago\/\"> https:\/\/quasarcomunicacion.com.ar\/web\/metodosdepago\/<\/a> <\/span><\/p>\n<p><span style=\"font-family: Verdana; font-size: small;\">Durante el webinar se abordar\u00e1n los siguientes temas:<\/span><\/p>\n<p><span style=\"font-family: Verdana; font-size: small;\">Acciones concretas para configurar correctamente tu fan page<br \/>\nMedidas exactas de cada posteo para lograr el \u00e9xito<br \/>\nAn\u00e1lisis de tu emprendimiento como base para dise\u00f1ar tu plan de RRSS<br \/>\nPaso a paso para crear tu tienda en Facebook<br \/>\nMedir resultados y trabajar por objetivos concretos de venta <\/span><\/p>\n<p><span style=\"font-family: Verdana; font-size: small;\">Y todos los inscriptos se llevar\u00e1n:<br \/>\nModelo de an\u00e1lisis de tu emprendimiento para completar<br \/>\nE-book con el tama\u00f1o de im\u00e1genes correctas para tus posts en las redes sociales<br \/>\nPlanilla para planificar tus posteo y realizar el seguimiento de metas<br \/>\nCertificado de asistencia<\/span><\/p>\n<p><span style=\"font-family: Verdana; font-size: small;\"><b>CONSULTAS <\/b>info@quasarcomunicacion.com.ar o comunic\u00e1ndose por whatsapp al 0230 15 4584535 \/ <a href=\"http:\/\/www.facebook.com\/emprenderhoyfanpage\"> www.facebook.com\/quasarcomunicacion<\/a> \/ <a href=\"http:\/\/www.quasarcomunicacion.com.ar\/\"> www.quasarcomunicacion.com.ar<\/a> <\/span><\/p>\n<p align=\"left\"><b><span style=\"font-family: Verdana, sans-serif; font-size: small;\"> Acerca de la Lic. Mar\u00eda Fernanda Ipata<\/span><\/b><\/p>\n<p><img alt=\"\" src=\"https:\/\/quasarcomunicacion.com.ar\/quasar\/fer.gif\" align=\"right\" \/><span style=\"font-family: Verdana; font-size: small;\"><b>Qu\u00e1sar Comunicaci\u00f3n<\/b> est\u00e1 dirigida por la Lic. Mar\u00eda Fernanda Ipata. Ella es Licenciada en Periodismo y Analista en Medios de Comunicaci\u00f3n Social, graduada en la Universidad del Salvador <\/span><\/p>\n<p><span style=\"font-family: Verdana; font-size: small;\">En 2005 cre\u00f3 <b>Qu\u00e1sar Comunicaci\u00f3n<\/b>, la primera consultora boutique de comunicaci\u00f3n de zona norte. Con anterioridad cre\u00f3 y dirigi\u00f3 medios locales y trabaj\u00f3 en el Diario La Naci\u00f3n.<\/span><\/p>\n<p><span style=\"font-family: Verdana; font-size: small;\">Su experiencia como periodista le permite abordar el trabajo de la consultora de prensa pensando en los destinatarios de la comunicaci\u00f3n y prestando atenci\u00f3n a todo lo que el periodista necesita para desarrollar mejor su labor y conseguir mejores resultados en la puesta en marcha de cada estrategia <\/span><\/p>\n<p><span style=\"font-family: Verdana; font-size: small;\">Al darle forma a diversas empresas relacionadas con la tem\u00e1tica, ofrece una visi\u00f3n empresarial a la comunicaci\u00f3n, brindando a sus clientes el enfoque comercial necesario para que su empresa, producto o servicio tengan el \u00e9xito deseado. <\/span><\/p>\n<p><span style=\"font-family: Verdana; font-size: small;\">Asesora a empresas e instituciones. Adem\u00e1s, adapta los conceptos y herramientas a emprendedores y pymes logrando un gran efecto en las comunicaciones <\/span><\/p>\n<p><span style=\"font-family: Verdana; font-size: small;\">Adem\u00e1s, posee un post\u00edtulo en formaci\u00f3n docente que le favorece a la consultora el dictado de los cursos que brinda y el coaching sobre diversos aspectos relacionados con la comunicaci\u00f3n. <\/span><\/p>\n<p><span style=\"font-family: Verdana; font-size: small;\">Desde 2011 trabaja en el asesoramiento de emprendedores a trav\u00e9s de la coordinaci\u00f3n del proyecto Emprender Hoy (www.emprenderhoy.com.ar) y Pilar Emprende (www.pilaremprende.com.ar). A trav\u00e9s de estas iniciativas de emprendedores para emprendedores, le brindan herramientas, espacios de networking y diversas acciones para ayudar a los emprendedores a crecer con sus proyectos y hacerlos sustentables en el tiempo. En 2017 fundi\u00f3 el Club de Emprendedores y Empresarios de la Argentina (CEEA) www.ceea.club <\/span><\/p>\n<p><span style=\"font-family: Verdana; font-size: small;\"><b>Qu\u00e1sar Comunicaci\u00f3n<\/b> cuenta con un staff de ejecutivos vinculados con los principales y m\u00e1s modernos medios de comunicaci\u00f3n y transmisi\u00f3n de informaci\u00f3n. <\/span><\/p>\n<p><a href=\"https:\/\/www.linkedin.com\/profile\/view?id=30549614&amp;trk=nav_responsive_tab_profile\" target=\"_blank\" rel=\"noopener noreferrer\">LinkedIn<\/a><\/p>\n<p><a href=\"https:\/\/www.facebook.com\/fernandaemprendedora\" target=\"_blank\" rel=\"noopener noreferrer\"> Facebook<\/a><\/p>\n<p>fernanda@quasarcomunicacion.com.ar<\/p>\n<p align=\"left\"><b> <span style=\"font-family: Verdana, sans-serif; font-size: small;\"> Acerca de Qu\u00e1sar Comunicaci\u00f3n<\/span><\/b><\/p>\n<p><b> <span style=\"font-size: xx-small;\"> <img loading=\"lazy\" alt=\"\" src=\"http:\/\/www.quasarcomunicacion.com.ar\/quasar\/logoquasar.gif\" width=\"300\" height=\"201\" align=\"right\" border=\"0\" hspace=\"6\" vspace=\"6\" \/><\/span><\/b><\/p>\n<p><span style=\"font-family: Verdana; font-size: small;\"><b>Qu\u00e1sar Comunicaci\u00f3n <\/b> es una empresa especializada en estrategias de comunicaci\u00f3n interna y externa y comunicaci\u00f3n digital; intr\u00ednsecamente ligada a los medios de informaci\u00f3n. <\/span><\/p>\n<p><span style=\"font-family: Verdana; font-size: small;\">Durante este a\u00f1o nuestro objetivo son los EMPRENDEDORES Y NUEVOS EMPRENDIMIENTOS, para introducirlos en la planificaci\u00f3n estrat\u00e9gica de sus comunicaciones concientiz\u00e1ndolos que este servicio no es excluyente de las grandes empresas sino que est\u00e1 al alcance de todos. <\/span><\/p>\n<p><span style=\"font-family: Verdana; font-size: small;\">Desde <b>Qu\u00e1sar Comunicaci\u00f3n<\/b> podemos ofrecerle un mix de comunicaciones integradas que garantizar\u00e1n el \u00e9xito de la difusi\u00f3n de su empresa tanto con medios propios como con otros asociados. Y adaptamos la propuesta a las necesidades del cliente, ideando presupuestos de acuerdo con las posibilidades de cada uno. <\/span><\/p>\n<p><span style=\"font-family: Verdana; font-size: small;\">Es de destacar que nuestro trabajo consiste b\u00e1sicamente en que la informaci\u00f3n de nuestros clientes llegue, a trav\u00e9s de <b>Qu\u00e1sar Comunicaci\u00f3n<\/b>, a los periodistas y medios de comunicaci\u00f3n que a su vez la difundir\u00e1n al p\u00fablico objetivo. Con la gesti\u00f3n en redes sociales propias y de cada cliente, tambi\u00e9n llegamos a los consumidores finales y potenciales clientes de su empresa. Y si incorporamos la generaci\u00f3n de estrategias de marketing, se refuerza la comunicaci\u00f3n con el consumidor final. <\/span><\/p>\n<p><span style=\"font-family: Verdana; font-size: small;\">Adem\u00e1s, la consultora cuenta con un gran n\u00famero de suscriptores que se engloba dentro del p\u00fablico general, sin ser periodistas o comunicadores. <\/span><\/p>\n<p><span style=\"font-family: Verdana; font-size: small;\"><b>Qu\u00e1sar Comunicaci\u00f3n<\/b> entiende c\u00f3mo crear inter\u00e9s en segmentos espec\u00edficos y generar resultados a trav\u00e9s del an\u00e1lisis de las necesidades del cliente, brindando un asesoramiento integral acerca de qu\u00e9 comunicar, a qui\u00e9n comunic\u00e1rselo y c\u00f3mo dirigir exitosamente la informaci\u00f3n a los medios y al target objetivo. <\/span><\/p>\n<p><span style=\"font-family: Verdana; font-size: small;\">El equipo t\u00e9cnico de profesionales de <b>Qu\u00e1sar Comunicaci\u00f3n<\/b>, estudia los objetivos de posicionamiento de cada uno de sus clientes a fin de encontrar la ecuaci\u00f3n m\u00e1s ventajosa a sus necesidades. <\/span><\/p>\n<p><span style=\"font-family: Verdana; font-size: small;\">Contrariamente a lo que com\u00fanmente se cree, contratar a una consultora de estas caracter\u00edsticas es, en relaci\u00f3n costo-beneficio, absolutamente accesible ya que se adaptan los servicios a sus necesidades y a su realidad organizacional, ya sea en proyectos puntuales, in company o near shore.<\/span><\/p>\n<p align=\"center\"><span style=\"font-size: small;\"><b><i> Contactos de Prensa<\/i><\/b><\/span><\/p>\n<div align=\"left\">\n<table width=\"100%\" border=\"1\" cellpadding=\"2\" align=\"left\">\n<tbody>\n<tr>\n<td align=\"center\" width=\"50%\">\n<p align=\"left\"><span style=\"font-size: medium;\"><strong><span style=\"color: #808080; font-family: Arial; font-size: small;\"> Candela Villanueva &#8211; Asistente de Cuentas<\/span><\/strong><\/span><\/p>\n<p><span style=\"font-size: xx-small;\"><span style=\"color: #ff0000;\"> Directo<\/span><b>: <\/b> 0230<\/span><span style=\"font-size: xx-small;\">-4664772<br \/>\n<\/span><span style=\"color: #ff0000; font-size: xx-small;\"> Skype:<\/span><span style=\"font-size: xx-small;\"> quasarcomunicacion<br \/>\n<\/span><span style=\"color: #ff0000; font-size: xx-small;\"> Twitter:<\/span><span style=\"font-size: xx-small;\"> @quasarpilar<br \/>\n<\/span><span style=\"color: #ff0000; font-size: xx-small;\"> Gr<\/span><span style=\"color: #ff0000; font-size: xx-small;\">upo y p\u00e1gina en Facebook: <\/span> <span style=\"color: #808080; font-size: xx-small;\">www.facebook.com\/<\/span><a href=\"mailto:mfipata@gmail.com\"><span style=\"font-size: xx-small;\">Quasar<\/span><\/a><span style=\"font-size: xx-small;\">Comunicacion<br \/>\n<\/span><span style=\"color: #ff0000; font-size: xx-small;\"> Web:<\/span><b><\/b> <a href=\"http:\/\/www.quasarcomunicacion.com.ar\/\"> <span style=\"font-size: xx-small;\">www.quasarcomunicacion.com.ar<\/span><\/a><\/p>\n<p align=\"left\"><span style=\"font-size: xx-small;\"> <span style=\"color: #ff0000;\">Mail<\/span><b>:<\/b><\/span><span style=\"font-size: xx-small;\"> <a href=\"mailto:fernanda@quasarcomunicacion.com.ar\"> candela<\/a><a href=\"mailto:fernanda@quasarcomunicacion.com.ar\">@quasarcomunicacion.com.ar<\/a><\/span><\/p>\n<\/td>\n<td align=\"center\" width=\"50%\">\n<p align=\"right\"><span style=\"font-size: medium;\"><strong> <span style=\"color: #808080; font-family: Arial; font-size: small;\"> Lic. Mar\u00eda Fernanda Ipata &#8211; Directora<br \/>\n<\/span> <\/strong><\/span> <span style=\"font-size: xx-small;\"><span style=\"color: #ff0000;\"><br \/>\nDirecto<\/span><b>: <\/b> 0230<\/span><span style=\"font-size: xx-small;\">-4664772<\/span><span style=\"font-size: xx-small;\"><br \/>\n<\/span><span style=\"font-size: xx-small;\"> <span style=\"color: #ff0000;\">M\u00f3vil:<\/span><b> <\/b> 0230<\/span><span style=\"font-size: xx-small;\">-15-4584535<br \/>\n<\/span><span style=\"font-size: xx-small;\"><span style=\"color: #ff0000;\"> Whatsapp<\/span><span style=\"color: #ff0000;\">:<\/span> <a href=\"https:\/\/bit.ly\/2J4cUvm\"> 0230<\/a><\/span><span style=\"font-size: xx-small;\"><a href=\"https:\/\/bit.ly\/2J4cUvm\">-15-4584535<\/a><\/span><br \/>\n<a href=\"https:\/\/bit.ly\/2J4cUvm\"> <span style=\"font-size: small;\">Enviar whatsapp aqu\u00ed<\/span><\/a><span style=\"font-size: small;\"><br \/>\n<\/span><span style=\"color: #ff0000; font-size: xx-small;\"> Skype:<\/span><span style=\"font-size: xx-small;\"> quasarcomunicacion<br \/>\n<\/span><span style=\"color: #ff0000; font-size: xx-small;\"> Twitter:<\/span><span style=\"font-size: xx-small;\"> @quasarpilar<br \/>\n<\/span><span style=\"color: #ff0000; font-size: xx-small;\"> Gr<\/span><span style=\"color: #ff0000; font-size: xx-small;\">upo y p\u00e1gina en Facebook: <\/span> <span style=\"color: #808080; font-size: xx-small;\">www.facebook.com\/<\/span><a href=\"mailto:mfipata@gmail.com\"><span style=\"font-size: xx-small;\">Quasar<\/span><\/a><span style=\"font-size: xx-small;\">Comunicacion<br \/>\n<\/span><span style=\"font-size: xx-small;\"> <span style=\"color: #ff0000;\">LinkedIn<\/span><b>:\u00a0 <\/b><\/span> <span style=\"font-size: xx-small;\"><b> <a href=\"http:\/\/www.linkedin.com\/in\/mfipata\"> http:\/\/www.linkedin.com\/in\/mfipata<\/a><\/b><\/span><span style=\"font-size: xx-small;\"><br \/>\n<\/span><span style=\"color: #ff0000; font-size: xx-small;\"> Web:<\/span><b><\/b> <a href=\"http:\/\/www.quasarcomunicacion.com.ar\/\"> <span style=\"font-size: xx-small;\">www.quasarcomunicacion.com.ar<\/span><\/a><span style=\"font-size: xx-small;\"><br \/>\n<\/span><span style=\"font-size: xx-small;\"> <span style=\"color: #ff0000;\"> Mail<\/span><b>:<\/b><\/span><span style=\"font-size: xx-small;\"><a href=\"mailto:fernanda@quasarcomunicacion.com.ar\"> fernanda@quasarcomunicacion.com.ar<\/a><\/span><span style=\"font-size: xx-small;\"><a href=\"mailto:fernanda@quasarcomunicacion.com.ar\"> r<\/a><\/span><\/p>\n<\/td>\n<\/tr>\n<\/tbody>\n<\/table>\n<p align=\"right\">\n<\/div>\n","protected":false},"excerpt":{"rendered":"<p>El pr\u00f3ximo s\u00e1bado 29 de septiembre a las 11 hs (hora Argentina), desde la comodidad de tu casa u oficina, [&hellip;]<\/p>\n","protected":false},"author":2,"featured_media":8631,"comment_status":"open","ping_status":"open","sticky":false,"template":"","format":"standard","meta":[],"categories":[2],"tags":[],"_links":{"self":[{"href":"https:\/\/quasarcomunicacion.com.ar\/web\/wp-json\/wp\/v2\/posts\/8636"}],"collection":[{"href":"https:\/\/quasarcomunicacion.com.ar\/web\/wp-json\/wp\/v2\/posts"}],"about":[{"href":"https:\/\/quasarcomunicacion.com.ar\/web\/wp-json\/wp\/v2\/types\/post"}],"author":[{"embeddable":true,"href":"https:\/\/quasarcomunicacion.com.ar\/web\/wp-json\/wp\/v2\/users\/2"}],"replies":[{"embeddable":true,"href":"https:\/\/quasarcomunicacion.com.ar\/web\/wp-json\/wp\/v2\/comments?post=8636"}],"version-history":[{"count":0,"href":"https:\/\/quasarcomunicacion.com.ar\/web\/wp-json\/wp\/v2\/posts\/8636\/revisions"}],"wp:featuredmedia":[{"embeddable":true,"href":"https:\/\/quasarcomunicacion.com.ar\/web\/wp-json\/wp\/v2\/media\/8631"}],"wp:attachment":[{"href":"https:\/\/quasarcomunicacion.com.ar\/web\/wp-json\/wp\/v2\/media?parent=8636"}],"wp:term":[{"taxonomy":"category","embeddable":true,"href":"https:\/\/quasarcomunicacion.com.ar\/web\/wp-json\/wp\/v2\/categories?post=8636"},{"taxonomy":"post_tag","embeddable":true,"href":"https:\/\/quasarcomunicacion.com.ar\/web\/wp-json\/wp\/v2\/tags?post=8636"}],"curies":[{"name":"wp","href":"https:\/\/api.w.org\/{rel}","templated":true}]}}