{"id":8621,"date":"2018-09-06T13:11:18","date_gmt":"2018-09-06T16:11:18","guid":{"rendered":"https:\/\/quasarcomunicacion.com.ar\/web\/?p=8621"},"modified":"2018-09-06T13:11:18","modified_gmt":"2018-09-06T16:11:18","slug":"alto-traful-lodges-suites-abre-la-temporada-con-un-abanico-de-actividades-2","status":"publish","type":"post","link":"https:\/\/quasarcomunicacion.com.ar\/web\/alto-traful-lodges-suites-abre-la-temporada-con-un-abanico-de-actividades-2\/","title":{"rendered":"Alto Traful Lodges &#038; Suites abre la temporada con un abanico de actividades"},"content":{"rendered":"<p style=\"text-align: left;\" align=\"center\"><span style=\"font-size: small;\"><b>A<\/b><span style=\"font-family: Verdana;\"><b>lto Traful Lodges &amp; Suites<\/b>\u00a0inicia la temporada abriendo sus puertas el 15 de septiembre con importantes remodelaciones edilicias para brindar mejores servicios a sus hu\u00e9spedes. Desde el 15 de septiembre los hu\u00e9spedes podr\u00e1n disfrutar de lo mejor de Villa Traful con una promoci\u00f3n del 25% off para la estad\u00edas hasta el 15 de noviembre en todas las categor\u00edas.\u00a0 <\/span><\/span><span style=\"font-family: Verdana; font-size: small;\">M\u00e1s informaci\u00f3n y reservas online en\u00a0<a href=\"http:\/\/www.altotraful.com.ar\/\" target=\"_blank\" rel=\"noopener noreferrer\">www.altotraful.com.ar<\/a>\u00a0o comunic\u00e1ndote al +54 11 47031688 o escribiendo a\u00a0<a href=\"mailto:AltoTraful@TandemHoteles.com\" target=\"_blank\" rel=\"noopener noreferrer\">AltoTraful@TandemHoteles.com<\/a>.<\/span><\/p>\n<p><!--more--><\/p>\n<p><span style=\"font-family: Verdana; font-size: small;\">Adem\u00e1s de las comodidades d<\/span><span style=\"font-size: small;\">e las 27 habitaciones interconectadas, \u00e9l hu\u00e9sped podr\u00e1 alojarse en alguna de las 3 c<span style=\"font-family: Verdana;\">aba\u00f1as pensadas para hacer de cada estad\u00eda una experiencia \u00fanica y confortable. <\/span><\/span><\/p>\n<p><span style=\"font-family: Verdana; font-size: small;\">Entre los amenities, se destaca la Piscina Climatizada con jacuzzi, la Sala de Relax y Masajes con el sauna seco y h\u00famedo, la ducha finlandesa y el Lounge con vista panor\u00e1mica y deck al aire libre.\u00a0 <\/span><\/p>\n<p><span style=\"font-family: Verdana; font-size: small;\">Quien elige alojarse en las caba\u00f1as, adem\u00e1s de los servicios del hotel, vienen totalmente equipadas con parrilla individual, internet, DirecTV, y se encuentran siempre abiertas\u00a0como una opci\u00f3n para disfrutar del majestuoso paisaje de Villa Traful durante todas las estaciones del a\u00f1o. En alta temporada los\u00a0hu\u00e9spedes\u00a0pueden deleitarse de los mismos servicios y\u00a0amenities\u00a0del hotel pero en la baja temporada de este a\u00f1o estos servicios est\u00e1n un poco limitados, lo que no impide que estas caba\u00f1as sigan con sus encantos.<\/span><\/p>\n<p><span style=\"font-family: Verdana; font-size: small;\">Villa Traful ofrece un amplio abanico de actividades para hacer, las cuales incluyen senderismo &#8211; treking, bicicleteadas, paseos en canoa o kayaks, cabalgatas y mucha sopciones de paseos y excursiones a Villa La Angostura, Camino de los 7 Lagos, San Mart\u00edn de los Andes, entre otros puntos tur\u00edsticos imperdibles.<\/span><\/p>\n<p><a href=\"https:\/\/quasarcomunicacion.com.ar\/web\/wp-content\/uploads\/2018\/01\/altotraful.gif\"><img class=\"aligncenter\" alt=\"altotraful\" src=\"https:\/\/quasarcomunicacion.com.ar\/web\/wp-content\/uploads\/2018\/01\/altotraful.gif\" \/><\/a><\/p>\n<p><span style=\"font-family: Verdana; font-size: small;\">Adem\u00e1s, se puede visitar el Bosque Sumergido, la Gruta de la Virgen, las Lagunas Las Mellizas, disfrutar de excursiones de pesa y bautismo de buceo, entre otras actividades llenas de adrenalina. <\/span><\/p>\n<p><span style=\"font-family: Verdana; font-size: small;\">Alto Traful, est\u00e1 ubicado en Villa Traful, un para\u00edso en el camino de los 7 lagos, con sus paisajes agrestes, su belleza \u00fanica y su tranquilidad incomparable.<\/span><\/p>\n<p><span style=\"font-family: Verdana; font-size: small;\">Esta confluencia de atractivos es lo que hacen de\u00a0Alto Traful Lodges &amp; Suites\u00a0y Villa Traful un destino \u00fanico, combinando paisajes, fauna, flora, deporte, tradici\u00f3n y gastronom\u00eda; todo en un s\u00f3lo lugar.<\/span><\/p>\n<p><span style=\"font-family: Verdana; font-size: small;\"><b>Alto Traful\u00a0<\/b>ofrece servicios de alojamiento y esparcimiento integral sustentable, privilegiando el confort y la calidez desarrollando un ambiente c\u00e1lido, acogedor, pero de vanguardia. Todo en medio de la naturaleza m\u00e1s pura.\u00a0<\/span><\/p>\n<p><span style=\"font-size: small;\"><span style=\"font-family: Verdana;\">Con una superficie total de 2000 m2, el apart hotel cuenta con hasta 70 plazas, distribu\u00eddas en 27 habitaciones y 3 caba\u00f1as, las cuales pueden ser combinadas de diversas formas, seg\u00fan la cantidad de hu\u00e9spedes y el tipo de estad\u00eda. As\u00ed podemos encontrar Suites tradicionales, Studios y Lofts ,que combinados pueden albergar a <\/span> grupos de hasta 8 personas. El concepto de\u00a0<b>Alto Traful Lodges &amp; Suites<\/b>\u00a0es brindarles a sus hu\u00e9spedes la calidez y la versatilidad del hogar.\u00a0\u00a0<\/span><\/p>\n<p><b> <span style=\"font-size: small;\">Alto Traful<\/span><\/b><span style=\"font-size: small;\">\u00a0es uno de los establecimientos comercializados por\u00a0<\/span><b><span style=\"font-size: small;\">Tandem Hoteles.<\/span><\/b><\/p>\n<p><b><span style=\"font-family: Verdana; font-size: small;\">Acerca de Tandem<\/span><\/b><\/p>\n<p><b> TANDEM<\/b> es una compa\u00f1\u00eda que brinda servicios globales vinculados con el \u00e1rea hotelera y servicios tur\u00edsticos de excepci\u00f3n. Los crea, administra, promueve y coloca en el centro de la acci\u00f3n.<\/p>\n<p>M\u00e1s info <a href=\"http:\/\/www.tandemhoteles.com\/\"> http:\/\/www.tandemhoteles.com\/<\/a><\/p>\n<p align=\"center\"><span style=\"font-family: Verdana; font-size: small;\">Acceso a toda la informaci\u00f3n ingresando en <a href=\"http:\/\/www.quasarcomunicacion.com.ar\/web\/tamdem\"> www.quasarcomunicacion.com.ar\/web\/tamdem<\/a> <\/span><\/p>\n<p align=\"right\"><span style=\"font-size: small;\"><b><i><span style=\"font-family: Arial;\">Por\u00a0 im\u00e1genes, audios o entrevistas no dude en contactarse<\/span><\/i><\/b><\/span><\/p>\n<div align=\"center\"><center><\/p>\n<div align=\"center\"><center><\/p>\n<p align=\"center\"><span style=\"font-size: small;\"><b><i> Contactos de Prensa<\/i><\/b><\/span><\/p>\n<div align=\"left\">\n<table width=\"100%\" border=\"1\" cellpadding=\"2\" align=\"left\">\n<tbody>\n<tr>\n<td align=\"center\" width=\"50%\">\n<p align=\"left\"><span style=\"font-size: medium;\"><strong><span style=\"color: #808080; font-family: Arial; font-size: small;\"> Candela Villanueva &#8211; Asistente de Cuentas<\/p>\n<p><\/span> <\/strong><\/span> <span style=\"font-size: xx-small;\"><span style=\"color: #ff0000;\"> Directo<\/span><b>: <\/b> 0230<\/span><span style=\"font-size: xx-small;\">-4664772<br \/>\n<\/span><span style=\"color: #ff0000; font-size: xx-small;\"> Skype:<\/span><span style=\"font-size: xx-small;\"> quasarcomunicacion<br \/>\n<\/span><span style=\"color: #ff0000; font-size: xx-small;\"> Twitter:<\/span><span style=\"font-size: xx-small;\"> @quasarpilar<br \/>\n<\/span><span style=\"color: #ff0000; font-size: xx-small;\"> Gr<\/span><span style=\"color: #ff0000; font-size: xx-small;\">upo y p\u00e1gina en Facebook: <\/span> <span style=\"color: #808080; font-size: xx-small;\">www.facebook.com\/<\/span><a href=\"mailto:mfipata@gmail.com\"><span style=\"font-size: xx-small;\">Quasar<\/span><\/a><span style=\"font-size: xx-small;\">Comunicacion<br \/>\n<\/span><span style=\"color: #ff0000; font-size: xx-small;\"> Web:<\/span><b><\/b> <a href=\"http:\/\/www.quasarcomunicacion.com.ar\/\"> <span style=\"font-size: xx-small;\">www.quasarcomunicacion.com.ar<\/span><\/a><\/p>\n<p align=\"left\"><span style=\"font-size: xx-small;\"> <span style=\"color: #ff0000;\">Mail<\/span><b>:<\/b><\/span><span style=\"font-size: xx-small;\"> <a href=\"mailto:fernanda@quasarcomunicacion.com.ar\"> candela<\/a><a href=\"mailto:fernanda@quasarcomunicacion.com.ar\">@quasarcomunicacion.com.ar<\/a><\/span><\/p>\n<\/td>\n<td align=\"center\" width=\"50%\">\n<p align=\"right\"><span style=\"font-size: medium;\"><strong> <span style=\"color: #808080; font-family: Arial; font-size: small;\"> Lic. Mar\u00eda Fernanda Ipata &#8211; Directora<br \/>\n<\/span> <\/strong><\/span> <span style=\"font-size: xx-small;\"><span style=\"color: #ff0000;\"><br \/>\nDirecto<\/span><b>: <\/b> 0230<\/span><span style=\"font-size: xx-small;\">-4664772<\/span><span style=\"font-size: xx-small;\"><br \/>\n<\/span><span style=\"font-size: xx-small;\"> <span style=\"color: #ff0000;\">M\u00f3vil:<\/span><b> <\/b> 0230<\/span><span style=\"font-size: xx-small;\">-15-4584535<br \/>\n<\/span><span style=\"color: #ff0000; font-size: xx-small;\"> Skype:<\/span><span style=\"font-size: xx-small;\"> quasarcomunicacion<br \/>\n<\/span><span style=\"color: #ff0000; font-size: xx-small;\"> Twitter:<\/span><span style=\"font-size: xx-small;\"> @quasarpilar<br \/>\n<\/span><span style=\"color: #ff0000; font-size: xx-small;\"> Gr<\/span><span style=\"color: #ff0000; font-size: xx-small;\">upo y p\u00e1gina en Facebook: <\/span> <span style=\"color: #808080; font-size: xx-small;\">www.facebook.com\/<\/span><a href=\"mailto:mfipata@gmail.com\"><span style=\"font-size: xx-small;\">Quasar<\/span><\/a><span style=\"font-size: xx-small;\">Comunicacion<br \/>\n<\/span><span style=\"font-size: xx-small;\"> <span style=\"color: #ff0000;\">LinkedIn<\/span><b>:\u00a0 <\/b><\/span> <span style=\"font-size: xx-small;\"><b> <a href=\"http:\/\/www.linkedin.com\/in\/mfipata\"> http:\/\/www.linkedin.com\/in\/mfipata<\/a><\/b><\/span><span style=\"font-size: xx-small;\"><br \/>\n<\/span><span style=\"color: #ff0000; font-size: xx-small;\"> Web:<\/span><b><\/b> <a href=\"http:\/\/www.quasarcomunicacion.com.ar\/\"> <span style=\"font-size: xx-small;\">www.quasarcomunicacion.com.ar<\/span><\/a><span style=\"font-size: xx-small;\"><br \/>\n<\/span><span style=\"font-size: xx-small;\"> <span style=\"color: #ff0000;\"> Mail<\/span><b>:<\/b><\/span><span style=\"font-size: xx-small;\"><a href=\"mailto:fernanda@quasarcomunicacion.com.ar\"> fernanda@quasarcomunicacion.com.ar<\/a><\/span><\/p>\n<\/td>\n<\/tr>\n<\/tbody>\n<\/table>\n<\/div>\n<p><\/center><\/div>\n<p><\/center><\/div>\n","protected":false},"excerpt":{"rendered":"<p>Alto Traful Lodges &amp; Suites\u00a0inicia la temporada abriendo sus puertas el 15 de septiembre con importantes remodelaciones edilicias para brindar [&hellip;]<\/p>\n","protected":false},"author":2,"featured_media":8600,"comment_status":"open","ping_status":"open","sticky":false,"template":"","format":"standard","meta":[],"categories":[2],"tags":[],"_links":{"self":[{"href":"https:\/\/quasarcomunicacion.com.ar\/web\/wp-json\/wp\/v2\/posts\/8621"}],"collection":[{"href":"https:\/\/quasarcomunicacion.com.ar\/web\/wp-json\/wp\/v2\/posts"}],"about":[{"href":"https:\/\/quasarcomunicacion.com.ar\/web\/wp-json\/wp\/v2\/types\/post"}],"author":[{"embeddable":true,"href":"https:\/\/quasarcomunicacion.com.ar\/web\/wp-json\/wp\/v2\/users\/2"}],"replies":[{"embeddable":true,"href":"https:\/\/quasarcomunicacion.com.ar\/web\/wp-json\/wp\/v2\/comments?post=8621"}],"version-history":[{"count":0,"href":"https:\/\/quasarcomunicacion.com.ar\/web\/wp-json\/wp\/v2\/posts\/8621\/revisions"}],"wp:featuredmedia":[{"embeddable":true,"href":"https:\/\/quasarcomunicacion.com.ar\/web\/wp-json\/wp\/v2\/media\/8600"}],"wp:attachment":[{"href":"https:\/\/quasarcomunicacion.com.ar\/web\/wp-json\/wp\/v2\/media?parent=8621"}],"wp:term":[{"taxonomy":"category","embeddable":true,"href":"https:\/\/quasarcomunicacion.com.ar\/web\/wp-json\/wp\/v2\/categories?post=8621"},{"taxonomy":"post_tag","embeddable":true,"href":"https:\/\/quasarcomunicacion.com.ar\/web\/wp-json\/wp\/v2\/tags?post=8621"}],"curies":[{"name":"wp","href":"https:\/\/api.w.org\/{rel}","templated":true}]}}