{"id":8587,"date":"2018-08-28T16:24:03","date_gmt":"2018-08-28T19:24:03","guid":{"rendered":"https:\/\/quasarcomunicacion.com.ar\/web\/?p=8587"},"modified":"2018-08-28T16:24:03","modified_gmt":"2018-08-28T19:24:03","slug":"charla-taller-para-docentes-autorregulacion-emocional-organizada-por-el-polo-educativo","status":"publish","type":"post","link":"https:\/\/quasarcomunicacion.com.ar\/web\/charla-taller-para-docentes-autorregulacion-emocional-organizada-por-el-polo-educativo\/","title":{"rendered":"Charla-Taller para docentes \u201cAutorregulaci\u00f3n Emocional\u201c organizada por el Polo Educativo"},"content":{"rendered":"<p style=\"text-align: left;\" align=\"center\">\u00a0El <b>Polo Educativo Pilar<\/b> realizar\u00e1 el pr\u00f3ximo jueves 6 de septiembre de 17.30 a 19.30 hs una <b>Charla-Taller\u00a0 Gratuita \u201cAutoregulaci\u00f3n Emocional\u201d <\/b>en el Brick Towers College (Florida 8701 &#8211; Panamericana Ramal Pilar Km 45). La actividad estar\u00e1 a cargo de la Lic. Adriana Canga y est\u00e1 destinada a docentes y directivos.\u00a0 \u00a0Inscripci\u00f3n SIN CARGO aqu\u00ed\u00a0<a href=\"http:\/\/www.poloeducativopilar.org.ar\/inscripciongratuita\/\" target=\"_blank\" rel=\"noopener nofollow noreferrer\" data-ft=\"{&quot;tn&quot;:&quot;-U&quot;}\" data-lynx-mode=\"async\" data-lynx-uri=\"https:\/\/l.facebook.com\/l.php?u=http%3A%2F%2Fwww.poloeducativopilar.org.ar%2Finscripciongratuita%2F&amp;h=AT0oNnFQSn8w4KFQ56ZOavhGm66j9OFgc1UWtZRGNfZoLA573UUOhPh25b-e3-b8XDf9kYGNyGHLPg2arnTLvOPc7w7M4bvz_ZSmz0jFCRuPWeIDjiO_jiI0yXFyw3UlDnQJMPAMyc8pTfWSK5jmGhiF5Np7WLO6S4mxb5vqeltqKn2mHZBb_klpLvQpKfNIjgeFxM23GjCAzBEbkCVEG048xNJkRSx0VGLU7KrXnENZJ1YBIDi1AG6g6D3oX5nGhfHDyHOfKzY-G3xLR07HXC0H7ewuZ0629UHTjwYFMtTYAd3t9VwwrdGqVPPP9C_e_1qZFNx1KjbGbUO_XWXRf4fiuQQbv-xZw6Sd4m2FgSD6JA\">http:\/\/www.poloeducativopilar.org.ar\/inscripciongratuita\/<!--more--><\/a><\/p>\n<p><a href=\"https:\/\/quasarcomunicacion.com.ar\/web\/wp-content\/uploads\/2018\/07\/canga1.gif\"><img class=\"aligncenter\" alt=\"canga1\" src=\"https:\/\/quasarcomunicacion.com.ar\/web\/wp-content\/uploads\/2018\/07\/canga1.gif\" \/><\/a><\/p>\n<p><span style=\"font-size: small;\">Esta charla-taller se da <\/span> como continuaci\u00f3n de la conferencia anterior. Ser\u00e1 un encuentro focalizado en lo pr\u00e1ctico para aplicar en el aula. La especialista realizar\u00e1 un breve resumen de lo tratado en la reuni\u00f3n anterior para los que no pudieron asistir y se abocar\u00e1 de lleno a las experiencias reales que pueden afrontar a diario los docentes.<\/p>\n<p><span style=\"font-size: small;\">Durante la actividad se abordar\u00e1n los siguientes temas:<\/span><\/p>\n<p><span style=\"font-size: small;\">&#8211; Ejercicios de autoregulaci\u00f3n emociona<\/span><\/p>\n<p><span style=\"font-size: small;\">&#8211; Tips sobre comunicaci\u00f3n asertiva<\/span><\/p>\n<p><span style=\"font-size: small;\">&#8211; Intervenciones posibles en conflictos<\/span><\/p>\n<p><span style=\"font-size: small;\">&#8211; Estrategias y herramientas de abordaje en el aula<\/span><\/p>\n<p><span style=\"font-family: Verdana; font-size: small;\">Adriana Canga es tambi\u00e9n<br \/>\nDirectora General y Coordinadora del \u00c1rea de Educaci\u00f3n de AGC Consultora. Psicoterapeuta, Consultora y Capacitadora. <\/span><\/p>\n<p><span style=\"font-family: Verdana; font-size: small;\">Realiz\u00f3 Postgrados en Adolescencia y Juventud, en Terapias Estra<\/span><span style=\"font-family: Verdana; font-size: small;\">t\u00e9gicas, Sexolog\u00eda y Educaci\u00f3n Sexual. Se ha especializado en Creatividad, Inteligencias M\u00faltiples, Coaching vocacional y organizacional, capacitaci\u00f3n docente, PNL y en Mindfulnes- Heartfulnes. <\/span><\/p>\n<p><span style=\"font-family: Verdana; font-size: small;\">www.agconsultora.com.ar<\/span><\/p>\n<p><span style=\"font-size: small;\"><b><i><span style=\"font-family: Arial;\">Por otras im\u00e1genes, audios o entrevistas no dude en contactarse entrevistas no dude en contactarse<\/span><\/i><\/b><\/span><\/p>\n<div align=\"left\">\n<table width=\"100%\" border=\"1\" cellpadding=\"2\" align=\"left\">\n<tbody>\n<tr>\n<td align=\"center\" width=\"50%\">\n<p align=\"left\"><strong> <span style=\"color: #ff0000; font-family: Arial; font-size: small;\">Candela Villanueva<\/span><\/strong><span style=\"font-size: medium;\"><strong><span style=\"color: #808080; font-family: Arial; font-size: small;\"> &#8211; Asistente de Cuentas<\/p>\n<p><\/span> <\/strong><\/span> <span style=\"font-size: xx-small;\"><span style=\"color: #ff0000;\"> Directo<\/span><b>: <\/b> 0230<\/span><span style=\"font-size: xx-small;\">-4664772<br \/>\n<\/span><span style=\"color: #ff0000; font-size: xx-small;\"> Skype:<\/span><span style=\"font-size: xx-small;\"> quasarcomunicacion<br \/>\n<\/span><span style=\"color: #ff0000; font-size: xx-small;\"> Twitter:<\/span><span style=\"font-size: xx-small;\"> @quasarpilar<br \/>\n<\/span><span style=\"color: #ff0000; font-size: xx-small;\"> Gr<\/span><span style=\"color: #ff0000; font-size: xx-small;\">upo y p\u00e1gina en Facebook: <\/span> <span style=\"color: #808080; font-size: xx-small;\">www.facebook.com\/<\/span><a href=\"mailto:mfipata@gmail.com\"><span style=\"font-size: xx-small;\">Quasar<\/span><\/a><span style=\"font-size: xx-small;\">Comunicacion<br \/>\n<\/span><span style=\"color: #ff0000; font-size: xx-small;\"> Web:<\/span><b><\/b> <a href=\"http:\/\/www.quasarcomunicacion.com.ar\/\"> <span style=\"font-size: xx-small;\">www.quasarcomunicacion.com.ar<\/span><\/a><\/p>\n<p align=\"left\"><span style=\"font-size: xx-small;\"> <span style=\"color: #ff0000;\">Mail<\/span><b>:<\/b><\/span><span style=\"font-size: xx-small;\"> <a href=\"mailto:fernanda@quasarcomunicacion.com.ar\"> candela<\/a><a href=\"mailto:fernanda@quasarcomunicacion.com.ar\">@quasarcomunicacion.com.ar<\/a><\/span><\/p>\n<\/td>\n<td align=\"center\" width=\"50%\">\n<p align=\"right\"><span style=\"font-size: medium;\"><strong> <span style=\"color: #808080; font-family: Arial; font-size: small;\"> Lic. Mar\u00eda Fernanda Ipata &#8211; Directora<br \/>\n<\/span> <\/strong><\/span> <span style=\"font-size: xx-small;\"><span style=\"color: #ff0000;\"><br \/>\nDirecto<\/span><b>: <\/b> 0230<\/span><span style=\"font-size: xx-small;\">-4664772<\/span><span style=\"font-size: xx-small;\"><br \/>\n<\/span><span style=\"font-size: xx-small;\"> <span style=\"color: #ff0000;\">M\u00f3vil:<\/span><b> <\/b> 0230<\/span><span style=\"font-size: xx-small;\">-15-4584535<br \/>\n<\/span><span style=\"font-size: xx-small;\"><span style=\"color: #ff0000;\"> Whatsapp<\/span><span style=\"color: #ff0000;\">:<\/span> <a href=\"https:\/\/bit.ly\/2J4cUvm\"> 0230<\/a><\/span><span style=\"font-size: xx-small;\"><a href=\"https:\/\/bit.ly\/2J4cUvm\">-15-4584535<\/a><\/span><br \/>\n<a href=\"https:\/\/bit.ly\/2J4cUvm\"> Enviar whatsapp aqu\u00ed<\/a><span style=\"font-size: xx-small;\"><br \/>\n<\/span><span style=\"color: #ff0000; font-size: xx-small;\"> Skype:<\/span><span style=\"font-size: xx-small;\"> quasarcomunicacion<br \/>\n<\/span><span style=\"color: #ff0000; font-size: xx-small;\"> Twitter:<\/span><span style=\"font-size: xx-small;\"> @quasarpilar<br \/>\n<\/span><span style=\"color: #ff0000; font-size: xx-small;\"> Gr<\/span><span style=\"color: #ff0000; font-size: xx-small;\">upo y p\u00e1gina en Facebook: <\/span> <span style=\"color: #808080; font-size: xx-small;\">www.facebook.com\/<\/span><a href=\"mailto:mfipata@gmail.com\"><span style=\"font-size: xx-small;\">Quasar<\/span><\/a><span style=\"font-size: xx-small;\">Comunicacion<br \/>\n<\/span><span style=\"font-size: xx-small;\"> <span style=\"color: #ff0000;\">LinkedIn<\/span><b>:\u00a0 <\/b><\/span> <span style=\"font-size: xx-small;\"><b> <a href=\"http:\/\/www.linkedin.com\/in\/mfipata\"> http:\/\/www.linkedin.com\/in\/mfipata<\/a><\/b><\/span><span style=\"font-size: xx-small;\"><br \/>\n<\/span><span style=\"color: #ff0000; font-size: xx-small;\"> Web:<\/span><b><\/b> <a href=\"http:\/\/www.quasarcomunicacion.com.ar\/\"> <span style=\"font-size: xx-small;\">www.quasarcomunicacion.com.ar<\/span><\/a><span style=\"font-size: xx-small;\"><br \/>\n<\/span><span style=\"font-size: xx-small;\"> <span style=\"color: #ff0000;\"> Mail<\/span><b>:<\/b><\/span><span style=\"font-size: xx-small;\"><a href=\"mailto:fernanda@quasarcomunicacion.com.ar\"> fernanda@quasarcomunicacion.com.ar<\/a><\/span><\/p>\n<\/td>\n<\/tr>\n<\/tbody>\n<\/table>\n<\/div>\n<p align=\"right\">\n<p align=\"left\">\n<p align=\"left\"><b> <span style=\"color: #ff0000; font-family: Verdana; font-size: small;\">Acerca del Polo Educativo Pilar<\/span><\/b><\/p>\n<p align=\"left\">\u00a0El\u00a0<b>Polo Educativo Pilar\u00a0<\/b>es una asociaci\u00f3n civil sin fines de lucro que fue fundada en el a\u00f1o 2002, que re\u00fane a instituciones educativas del Partido de Pilar y tiene como objetivo principal el promover y desarrollar la educaci\u00f3n, p\u00fablica y privada, en todo el distrito.<\/p>\n<p>La asociaci\u00f3n nace a partir de 1999 cuando los directivos de los j\u00f3venes colegios privados de Pilar, junto con los que llevaban m\u00e1s a\u00f1os en la ciudad, comienzan a reunirse para considerar sus problem\u00e1ticas comunes. Este hecho, in\u00e9dito en la educaci\u00f3n privada en la Argentina, alcanza un alto grado de sinergia cuando los Colegios deciden trazar un plan para convertir al Partido de Pilar en una localidad que sea conocida por su alto nivel educativo, tanto en las instituciones privadas como en las p\u00fablicas. Con esa idea, un grupo original de 14 Colegios de distintos niveles, funda el\u00a0<b>Polo Educativo Pilar<\/b>.<\/p>\n<p>Cabe destacar que entidad obtuvo su personer\u00eda jur\u00eddica en diciembre de 2004 bajo el Nro. 7000\/04 expedido por la Inspecci\u00f3n de Persona jur\u00eddica de la Provincia de Buenos Aires. En el a\u00f1o 2003 es declarada entidad de Bien P\u00fablico por el Municipio de Pilar por Decreto Municipal Nro. 6679\/2003.<\/p>\n","protected":false},"excerpt":{"rendered":"<p>\u00a0El Polo Educativo Pilar realizar\u00e1 el pr\u00f3ximo jueves 6 de septiembre de 17.30 a 19.30 hs una Charla-Taller\u00a0 Gratuita \u201cAutoregulaci\u00f3n [&hellip;]<\/p>\n","protected":false},"author":2,"featured_media":8442,"comment_status":"open","ping_status":"open","sticky":false,"template":"","format":"standard","meta":[],"categories":[2],"tags":[],"_links":{"self":[{"href":"https:\/\/quasarcomunicacion.com.ar\/web\/wp-json\/wp\/v2\/posts\/8587"}],"collection":[{"href":"https:\/\/quasarcomunicacion.com.ar\/web\/wp-json\/wp\/v2\/posts"}],"about":[{"href":"https:\/\/quasarcomunicacion.com.ar\/web\/wp-json\/wp\/v2\/types\/post"}],"author":[{"embeddable":true,"href":"https:\/\/quasarcomunicacion.com.ar\/web\/wp-json\/wp\/v2\/users\/2"}],"replies":[{"embeddable":true,"href":"https:\/\/quasarcomunicacion.com.ar\/web\/wp-json\/wp\/v2\/comments?post=8587"}],"version-history":[{"count":0,"href":"https:\/\/quasarcomunicacion.com.ar\/web\/wp-json\/wp\/v2\/posts\/8587\/revisions"}],"wp:featuredmedia":[{"embeddable":true,"href":"https:\/\/quasarcomunicacion.com.ar\/web\/wp-json\/wp\/v2\/media\/8442"}],"wp:attachment":[{"href":"https:\/\/quasarcomunicacion.com.ar\/web\/wp-json\/wp\/v2\/media?parent=8587"}],"wp:term":[{"taxonomy":"category","embeddable":true,"href":"https:\/\/quasarcomunicacion.com.ar\/web\/wp-json\/wp\/v2\/categories?post=8587"},{"taxonomy":"post_tag","embeddable":true,"href":"https:\/\/quasarcomunicacion.com.ar\/web\/wp-json\/wp\/v2\/tags?post=8587"}],"curies":[{"name":"wp","href":"https:\/\/api.w.org\/{rel}","templated":true}]}}