{"id":858,"date":"2012-10-04T16:34:51","date_gmt":"2012-10-04T16:34:51","guid":{"rendered":"http:\/\/quasarcomunicacion.wordpress.com\/?p=858"},"modified":"2012-10-04T16:34:51","modified_gmt":"2012-10-04T16:34:51","slug":"torneo-de-golf-solidario-de-la-fundacion-daicad","status":"publish","type":"post","link":"https:\/\/quasarcomunicacion.com.ar\/web\/torneo-de-golf-solidario-de-la-fundacion-daicad\/","title":{"rendered":"Torneo de Golf Solidario de la Fundaci\u00f3n DAICAD"},"content":{"rendered":"<p style=\"text-align:left;\" align=\"center\"><span style=\"font-size:small;\">\u00a0L<\/span><span style=\"font-family:Verdana;font-size:small;\">a\u00a0<strong>Fundaci\u00f3n DAICAD\u00a0<\/strong>(Dedicada a Individuos con Capacidades Diferentes) organiza para el pr\u00f3ximo viernes 12 de octubre la\u00a0<strong>Copa Fundaci\u00f3n DAICAD<\/strong>, un torneo de golf a realizarse en el Club CUBA (F\u00e1tima, Buenos Aires) a partir de las 11:30.<!--more--><\/span><\/p>\n<p><span style=\"font-family:Verdana;font-size:small;\">Se jugar\u00e1n 18 hoyos en la modalidad de Medal Play, Long Drive y Approach, con salida simult\u00e1nea a las 11.30. Categor\u00edas CABALLEROS O-12;13-24;25-36; y DAMAS 0-18; 19-36. Finalizado el Torneo se realizar\u00e1 el cocktail de cierre y la correspondiente entrega de importantes premios y sorteos.<\/span><br \/>\n<span style=\"font-family:Verdana;font-size:small;\">El valor del Green Fee es de $200 para el p\u00fablico en general y $180 para los socios de CUBA. Lo recaudado estar\u00e1 destinado al Programa de Capacitaci\u00f3n en TEA que realiza la fundaci\u00f3n.<\/span><br \/>\n<span style=\"font-family:Verdana;font-size:small;\"><strong>Inscripciones<\/strong>:<br \/>\n&#8211; Telef\u00f3nica: 011 15\u00a0\u00a03553-5349\u00a0\/ 011-15-6183-9338<br \/>\n&#8211; Ingresando a http:\/\/fundaciondaicad.org.ar\/lafundacion\/eventos\/ y completando el formulario online;<br \/>\n&#8211; V\u00eda mail a golf@fundaciondaicad.org.ar<\/span><br \/>\n<strong><span style=\"font-family:Verdana;font-size:small;\">Acerca de la Fundaci\u00f3n DAICAD<\/span><\/strong><br \/>\n<span style=\"font-family:Verdana;font-size:xx-small;\">Desde el 5 de septiembre de 2003, la<strong>Fundaci\u00f3n DAICAD (Dedicada A Individuos con Capacidades Diferentes)<\/strong>\u00a0comenz\u00f3 a funcionar en una casa quinta alquilada en la localidad de F\u00e1tima (Pilar). All\u00ed comenz\u00f3 a concurrir un grupo de ni\u00f1os y j\u00f3venes con TEA (Trastorno del Espectro Autista)<\/span><br \/>\n<span style=\"font-family:Verdana;font-size:xx-small;\">Desde aqu\u00e9l momento, un equipo interdisciplinario de profesionales especializados en la tem\u00e1tica, los acompa\u00f1a en su crecimiento y desarrollo a trav\u00e9s de un plan educativo terap\u00e9utico.<\/span><br \/>\n<span style=\"font-family:Verdana;font-size:xx-small;\">A\u00f1os m\u00e1s tarde, se recibieron una serie de donaciones que permitieron la construcci\u00f3n del edificio actual del CET (Centro Educativo Terap\u00e9utico), dise\u00f1ado especialmente para poder llevar adelante la tarea educativa que permitiera a sus alumnos alcanzar una plenitud y realizaci\u00f3n acorde a sus capacidades.<\/span><br \/>\n<span style=\"font-family:Verdana;font-size:xx-small;\"><strong>DAICAD<\/strong>, a trav\u00e9s de personal especializado, busca que la persona desarrolle el m\u00e1ximo grado de autonom\u00eda posible, como as\u00ed tambi\u00e9n su capacidad de interacci\u00f3n y vinculaci\u00f3n con el entorno.<\/span><br \/>\n<span style=\"font-family:Verdana;font-size:xx-small;\">La Fundaci\u00f3n, adem\u00e1s del CET, lleva adelante otras tareas como Cursos y Formaciones de actualizaci\u00f3n y perfeccionamiento en la implementaci\u00f3n de estrategias y recursos a fin de poder orientar a las personas con TEA en su proceso de crecimiento y desarrollo.<\/span><br \/>\n<span style=\"font-family:Verdana;font-size:xx-small;\">La\u00a0<strong>Fundaci\u00f3n DAICAD<\/strong>\u00a0est\u00e1 ubicada sobre colectora de Ruta 8 a la altura de F\u00e1tima, en Pilar, m\u00e1s precisamente en J. E. Uriburu 4829 Km 61.7 Colectora Norte<\/span><br \/>\n<span style=\"font-family:Verdana;font-size:xx-small;\">Toda la informaci\u00f3n institucional de la\u00a0<strong>Fundaci\u00f3n DAICAD<\/strong>\u00a0ingresando en<a href=\"http:\/\/www.fundaciondaicad.org.ar\/\">www.fundaciondaicad.org.ar<\/a><\/span><\/p>\n<p align=\"center\"><strong><span style=\"font-family:Arial;font-size:small;\">Toda la info de la Fundaci\u00f3n DAICAD ingresando en\u00a0<\/span><\/strong><br \/>\n<a href=\"http:\/\/www.quasarcomunicacion.com.ar\/daicad\">http:\/\/www.quasarcomunicacion.com.ar\/daicad<\/a><\/p>\n","protected":false},"excerpt":{"rendered":"<p>\u00a0La\u00a0Fundaci\u00f3n DAICAD\u00a0(Dedicada a Individuos con Capacidades Diferentes) organiza para el pr\u00f3ximo viernes 12 de octubre la\u00a0Copa Fundaci\u00f3n DAICAD, un torneo [&hellip;]<\/p>\n","protected":false},"author":2,"featured_media":0,"comment_status":"open","ping_status":"open","sticky":false,"template":"","format":"standard","meta":[],"categories":[2],"tags":[],"_links":{"self":[{"href":"https:\/\/quasarcomunicacion.com.ar\/web\/wp-json\/wp\/v2\/posts\/858"}],"collection":[{"href":"https:\/\/quasarcomunicacion.com.ar\/web\/wp-json\/wp\/v2\/posts"}],"about":[{"href":"https:\/\/quasarcomunicacion.com.ar\/web\/wp-json\/wp\/v2\/types\/post"}],"author":[{"embeddable":true,"href":"https:\/\/quasarcomunicacion.com.ar\/web\/wp-json\/wp\/v2\/users\/2"}],"replies":[{"embeddable":true,"href":"https:\/\/quasarcomunicacion.com.ar\/web\/wp-json\/wp\/v2\/comments?post=858"}],"version-history":[{"count":0,"href":"https:\/\/quasarcomunicacion.com.ar\/web\/wp-json\/wp\/v2\/posts\/858\/revisions"}],"wp:attachment":[{"href":"https:\/\/quasarcomunicacion.com.ar\/web\/wp-json\/wp\/v2\/media?parent=858"}],"wp:term":[{"taxonomy":"category","embeddable":true,"href":"https:\/\/quasarcomunicacion.com.ar\/web\/wp-json\/wp\/v2\/categories?post=858"},{"taxonomy":"post_tag","embeddable":true,"href":"https:\/\/quasarcomunicacion.com.ar\/web\/wp-json\/wp\/v2\/tags?post=858"}],"curies":[{"name":"wp","href":"https:\/\/api.w.org\/{rel}","templated":true}]}}