{"id":8577,"date":"2018-08-17T16:48:10","date_gmt":"2018-08-17T19:48:10","guid":{"rendered":"https:\/\/quasarcomunicacion.com.ar\/web\/?p=8577"},"modified":"2018-08-17T16:48:10","modified_gmt":"2018-08-17T19:48:10","slug":"nuevo-encuentro-coral-organizado-por-el-polo-educativo-pilar-en-la-usal","status":"publish","type":"post","link":"https:\/\/quasarcomunicacion.com.ar\/web\/nuevo-encuentro-coral-organizado-por-el-polo-educativo-pilar-en-la-usal\/","title":{"rendered":"Nuevo encuentro coral organizado por el Polo Educativo Pilar en la USAL"},"content":{"rendered":"<p style=\"text-align: left;\" align=\"center\">Se realiz\u00f3 un nuevo <span style=\"font-family: Verdana; font-size: small;\"> <b>Encuentro Coral<\/b> organizado por el <b>Polo Educativo Pilar<\/b> en el Auditorio de la Universidad del Salvador. Por octavo a\u00f1o consecutivo la entidad lleva adelante esta actividad cultural que este a\u00f1o tuvo dos ediciones. Un total de 6 colegios demostraron sus capacidades art\u00edsticas y trabajo en equipo a un auditorio completo de padres, docentes y familiares.<\/span>\u00a0<!--more--><\/p>\n<p><a href=\"https:\/\/quasarcomunicacion.com.ar\/web\/wp-content\/uploads\/2018\/08\/northfield.gif\"><img class=\"aligncenter\" alt=\"northfield\" src=\"https:\/\/quasarcomunicacion.com.ar\/web\/wp-content\/uploads\/2018\/08\/northfield.gif\" \/><\/a><\/p>\n<p><span style=\"font-family: Verdana; font-size: small;\">El encuentro estuvo conducido por el director ejecutivo del <b>Polo Educativo Pilar<\/b>, el Lic. Marcelo Gilly y la presidente de la entidad, Graciela Rold\u00e1n.<\/span><\/p>\n<p><span style=\"font-family: Verdana; font-size: small;\">\u00abLo importante de este encuentro es poder disfrutar, disfrutar y disfrutar y mostrar lo que cada uno hace cada d\u00eda y pasarlo bien entre todos. En este encuentro no gana nadie, no se trata de una competencia con otros coros sino de una competencia con cada uno. Aqu\u00ed ganadores somos todos, porque ganador es aquel que aprende a superarse a s\u00ed mismo, es el que emprende desaf\u00edos, el que no compite con otros sino consigo mismo para dar lo mejor de si, para mostrar lo mejor que sabe hacer\u00bb, indic\u00f3 Rold\u00e1n.<\/span><\/p>\n<p><a href=\"https:\/\/quasarcomunicacion.com.ar\/web\/wp-content\/uploads\/2018\/08\/corosagosto1.gif\"><img class=\"aligncenter\" alt=\"corosagosto1\" src=\"https:\/\/quasarcomunicacion.com.ar\/web\/wp-content\/uploads\/2018\/08\/corosagosto1.gif\" \/><\/a><\/p>\n<p><span style=\"font-family: Verdana; font-size: small;\">\u00abSi hacemos un repaso por el repertorio que van a interpretar, vamos a ver que hay canciones de siempre, canciones tradicionales, canciones vinculadas con lo \u00e9tnico, canciones de los 60, de los 70 y actualizadas a los 80. La m\u00fasica es algo que perdura en el tiempo, algo que moviliza nuestras emociones, nos alegra, nos trae recuerdos, nos ayuda a superar tristezas, nos da energ\u00eda, la m\u00fasica nos da vida, la m\u00fasica est\u00e1 presente en todo y nos ayuda a expresarnos a trav\u00e9s de la m\u00fasica\u00bb, finaliz\u00f3 la presidente del <b>Polo Educativo Pilar.<\/b><\/span><\/p>\n<p><span style=\"font-family: Verdana; font-size: small;\">En este encuentro los alumnos interpretaron los siguientes temas:<\/span><\/p>\n<p><b><span style=\"font-family: Verdana; font-size: small;\">Del Viso Day School \u2013 Directora Prof. Mar\u00eda Eugenia Navarro <\/span><\/b><\/p>\n<p><span style=\"font-family: Verdana; font-size: small;\">\u201cBanaha\u201d (An\u00f3nimo, tradicional congolesa))<br \/>\n\u201cMayo en Buenos Aires\u201d (Sebasti\u00e1n Monk)<br \/>\n\u201cLa Bikina\u201d (Rub\u00e9n Fuentes; versi\u00f3n pel\u00edcula Coco) <\/span><\/p>\n<p><span style=\"font-family: Verdana; font-size: small;\"><b>Bede\u2019s Grammar School &#8211; Directora: Prof. Clara Luther.<\/b><br \/>\n\u201cMedley\u201d (Musical Matilda; arreglos Clara Luther)<br \/>\n\u201cA million dreams\u201d (BenjPasek\/Justin Paul; arreglos Clara Luther)<b><\/p>\n<p>Colegio Los Robles \u2013 Directora: Prof. Victoria Ramonda <\/b><\/span><\/p>\n<p><span style=\"font-family: Verdana; font-size: small;\">\u201cIpharadisi\/Siyahamba\u201d (Canciones tradicionales africanas)<br \/>\n\u201cWhen you believe\u201d (Stephen Schwartz y Babyface)<br \/>\n\u201cMashup\u201d (Disney)<br \/>\n<b><br \/>\nSan Jorge Loma Verde \u2013 Directora: Prof. Mabel Bellini <\/b><\/span><\/p>\n<p><span style=\"font-family: Verdana; font-size: small;\">\u201cPopurr\u00ed\u201d (canciones de la banda sonora del film Coco)<br \/>\n\u201cAfrica\u201d (Toto)<b><\/p>\n<p>Northfield School \u2013 Directora: Prof. Mariela Muchico <\/b><\/span><\/p>\n<p><span style=\"font-family: Verdana; font-size: small;\">\u201cLike a ping pong ball\u201d (an\u00f3nimo)<br \/>\n\u201cEdelweiss\u201d &#8211; Sound of music (Oscar Hammerstein)<br \/>\n\u201cMi memoria\u201d (Lisandro Aristimu\u00f1o)<br \/>\n\u201cUn poco loco\u201d (del film Coco)<br \/>\n<b><br \/>\nColegio Norbridge\u2013Director: Prof. Gustavo P\u00e9rez <\/b><\/span><\/p>\n<p><span style=\"font-family: Verdana; font-size: small;\">\u201cCan\u2019ttakemyeyes off you\u201d (Gloria Gaynor)<br \/>\n\u201cLa Bikina\u201d (Rub\u00e9n Fuentes)<br \/>\n\u201cCongresales\u201d (Karina y Gustavo P\u00e9rez)<\/span><\/p>\n<p><span style=\"font-family: Verdana; font-size: small;\">El hit del encuentro fue el tema de la pel\u00edcula Coco, La Bikina que fue interpretada por varias agrupaciones corales con arreglos propios.<\/span><\/p>\n<p align=\"center\"><span style=\"font-size: small;\"><b><i><span style=\"font-family: Arial;\">Por otras im\u00e1genes, audios o entrevistas no dude en contactarse entrevistas no dude en contactarse<\/span><\/i><\/b><\/span><\/p>\n<div align=\"left\">\n<table width=\"100%\" border=\"1\" cellpadding=\"2\" align=\"left\">\n<tbody>\n<tr>\n<td align=\"center\" width=\"50%\">\n<p align=\"left\"><span style=\"font-size: medium;\"><strong><span style=\"color: #808080; font-family: Arial; font-size: small;\"> Mariela Porrini &#8211; Asistente de Cuentas<\/p>\n<p><\/span> <\/strong><\/span> <span style=\"font-size: xx-small;\"><span style=\"color: #ff0000;\"> Directo<\/span><b>: <\/b> 0230<\/span><span style=\"font-size: xx-small;\">-4664772<br \/>\n<\/span><span style=\"color: #ff0000; font-size: xx-small;\"> Skype:<\/span><span style=\"font-size: xx-small;\"> quasarcomunicacion<br \/>\n<\/span><span style=\"color: #ff0000; font-size: xx-small;\"> Twitter:<\/span><span style=\"font-size: xx-small;\"> @quasarpilar<br \/>\n<\/span><span style=\"color: #ff0000; font-size: xx-small;\"> Gr<\/span><span style=\"color: #ff0000; font-size: xx-small;\">upo y p\u00e1gina en Facebook: <\/span> <span style=\"color: #808080; font-size: xx-small;\">www.facebook.com\/<\/span><a href=\"mailto:mfipata@gmail.com\"><span style=\"font-size: xx-small;\">Quasar<\/span><\/a><span style=\"font-size: xx-small;\">Comunicacion<br \/>\n<\/span><span style=\"color: #ff0000; font-size: xx-small;\"> Web:<\/span><b><\/b> <a href=\"http:\/\/www.quasarcomunicacion.com.ar\/\"> <span style=\"font-size: xx-small;\">www.quasarcomunicacion.com.ar<\/span><\/a><\/p>\n<p align=\"left\"><span style=\"font-size: xx-small;\"> <span style=\"color: #ff0000;\">Mail<\/span><b>:<\/b><\/span><span style=\"font-size: xx-small;\"> <a href=\"mailto:fernanda@quasarcomunicacion.com.ar\"> quasar<\/a><a href=\"mailto:fernanda@quasarcomunicacion.com.ar\">@quasarcomunicacion.com.ar<\/a><\/span><\/p>\n<\/td>\n<td align=\"center\" width=\"50%\">\n<p align=\"right\"><span style=\"font-size: medium;\"><strong> <span style=\"color: #808080; font-family: Arial; font-size: small;\"> Lic. Mar\u00eda Fernanda Ipata &#8211; Directora<br \/>\n<\/span> <\/strong><\/span> <span style=\"font-size: xx-small;\"><span style=\"color: #ff0000;\"><br \/>\nDirecto<\/span><b>: <\/b> 0230<\/span><span style=\"font-size: xx-small;\">-4664772<\/span><span style=\"font-size: xx-small;\"><br \/>\n<\/span><span style=\"font-size: xx-small;\"> <span style=\"color: #ff0000;\">M\u00f3vil:<\/span><b> <\/b> 0230<\/span><span style=\"font-size: xx-small;\">-15-4584535<br \/>\n<\/span><span style=\"color: #ff0000; font-size: xx-small;\"> Skype:<\/span><span style=\"font-size: xx-small;\"> quasarcomunicacion<br \/>\n<\/span><span style=\"color: #ff0000; font-size: xx-small;\"> Twitter:<\/span><span style=\"font-size: xx-small;\"> @quasarpilar<br \/>\n<\/span><span style=\"color: #ff0000; font-size: xx-small;\"> Gr<\/span><span style=\"color: #ff0000; font-size: xx-small;\">upo y p\u00e1gina en Facebook: <\/span> <span style=\"color: #808080; font-size: xx-small;\">www.facebook.com\/<\/span><a href=\"mailto:mfipata@gmail.com\"><span style=\"font-size: xx-small;\">Quasar<\/span><\/a><span style=\"font-size: xx-small;\">Comunicacion<br \/>\n<\/span><span style=\"font-size: xx-small;\"> <span style=\"color: #ff0000;\">LinkedIn<\/span><b>:\u00a0 <\/b><\/span> <span style=\"font-size: xx-small;\"><b> <a href=\"http:\/\/www.linkedin.com\/in\/mfipata\"> http:\/\/www.linkedin.com\/in\/mfipata<\/a><\/b><\/span><span style=\"font-size: xx-small;\"><br \/>\n<\/span><span style=\"color: #ff0000; font-size: xx-small;\"> Web:<\/span><b><\/b> <a href=\"http:\/\/www.quasarcomunicacion.com.ar\/\"> <span style=\"font-size: xx-small;\">www.quasarcomunicacion.com.ar<\/span><\/a><span style=\"font-size: xx-small;\"><br \/>\n<\/span><span style=\"font-size: xx-small;\"> <span style=\"color: #ff0000;\">Mail<\/span><b>:<\/b><\/span><span style=\"font-size: xx-small;\"><a href=\"mailto:fernanda@quasarcomunicacion.com.ar\"> fernanda@quasarcomunicacion.com.ar<\/a><\/span><\/p>\n<\/td>\n<\/tr>\n<\/tbody>\n<\/table>\n<\/div>\n<p align=\"right\">\n<p align=\"left\">\n<p align=\"left\">\u00a0<b><span style=\"color: #ff0000; font-family: Verdana; font-size: small;\">Acerca del Polo Educativo Pilar<\/span><\/b><\/p>\n<p align=\"left\">El\u00a0<b>Polo Educativo Pilar\u00a0<\/b>es una asociaci\u00f3n civil sin fines de lucro que fue fundada en el a\u00f1o 2002, que re\u00fane a instituciones educativas del Partido de Pilar y tiene como objetivo principal el promover y desarrollar la educaci\u00f3n, p\u00fablica y privada, en todo el distrito.<\/p>\n<p>La asociaci\u00f3n nace a partir de 1999 cuando los directivos de los j\u00f3venes colegios privados de Pilar, junto con los que llevaban m\u00e1s a\u00f1os en la ciudad, comienzan a reunirse para considerar sus problem\u00e1ticas comunes. Este hecho, in\u00e9dito en la educaci\u00f3n privada en la Argentina, alcanza un alto grado de sinergia cuando los Colegios deciden trazar un plan para convertir al Partido de Pilar en una localidad que sea conocida por su alto nivel educativo, tanto en las instituciones privadas como en las p\u00fablicas. Con esa idea, un grupo original de 14 Colegios de distintos niveles, funda el\u00a0<b>Polo Educativo Pilar<\/b>.<\/p>\n<p>Cabe destacar que entidad obtuvo su personer\u00eda jur\u00eddica en diciembre de 2004 bajo el Nro. 7000\/04 expedido por la Inspecci\u00f3n de Persona jur\u00eddica de la Provincia de Buenos Aires. En el a\u00f1o 2003 es declarada entidad de Bien P\u00fablico por el Municipio de Pilar por Decreto Municipal Nro. 6679\/2003.<\/p>\n","protected":false},"excerpt":{"rendered":"<p>Se realiz\u00f3 un nuevo Encuentro Coral organizado por el Polo Educativo Pilar en el Auditorio de la Universidad del Salvador. [&hellip;]<\/p>\n","protected":false},"author":2,"featured_media":8573,"comment_status":"open","ping_status":"open","sticky":false,"template":"","format":"standard","meta":[],"categories":[2],"tags":[],"_links":{"self":[{"href":"https:\/\/quasarcomunicacion.com.ar\/web\/wp-json\/wp\/v2\/posts\/8577"}],"collection":[{"href":"https:\/\/quasarcomunicacion.com.ar\/web\/wp-json\/wp\/v2\/posts"}],"about":[{"href":"https:\/\/quasarcomunicacion.com.ar\/web\/wp-json\/wp\/v2\/types\/post"}],"author":[{"embeddable":true,"href":"https:\/\/quasarcomunicacion.com.ar\/web\/wp-json\/wp\/v2\/users\/2"}],"replies":[{"embeddable":true,"href":"https:\/\/quasarcomunicacion.com.ar\/web\/wp-json\/wp\/v2\/comments?post=8577"}],"version-history":[{"count":0,"href":"https:\/\/quasarcomunicacion.com.ar\/web\/wp-json\/wp\/v2\/posts\/8577\/revisions"}],"wp:featuredmedia":[{"embeddable":true,"href":"https:\/\/quasarcomunicacion.com.ar\/web\/wp-json\/wp\/v2\/media\/8573"}],"wp:attachment":[{"href":"https:\/\/quasarcomunicacion.com.ar\/web\/wp-json\/wp\/v2\/media?parent=8577"}],"wp:term":[{"taxonomy":"category","embeddable":true,"href":"https:\/\/quasarcomunicacion.com.ar\/web\/wp-json\/wp\/v2\/categories?post=8577"},{"taxonomy":"post_tag","embeddable":true,"href":"https:\/\/quasarcomunicacion.com.ar\/web\/wp-json\/wp\/v2\/tags?post=8577"}],"curies":[{"name":"wp","href":"https:\/\/api.w.org\/{rel}","templated":true}]}}