{"id":852,"date":"2012-10-01T17:29:26","date_gmt":"2012-10-01T17:29:26","guid":{"rendered":"http:\/\/quasarcomunicacion.wordpress.com\/?p=852"},"modified":"2012-10-01T17:29:26","modified_gmt":"2012-10-01T17:29:26","slug":"concierto-de-alumnos-del-profesor-mantuani-en-la-biblioteca-bartolome-mitre","status":"publish","type":"post","link":"https:\/\/quasarcomunicacion.com.ar\/web\/concierto-de-alumnos-del-profesor-mantuani-en-la-biblioteca-bartolome-mitre\/","title":{"rendered":"Concierto de Alumnos del Profesor Mantuani en la Biblioteca Bartolom\u00e9 Mitre"},"content":{"rendered":"<p style=\"text-align:left;\" align=\"center\"><span style=\"font-family:Verdana;font-size:small;\">El pr\u00f3ximo s\u00e1bado 6 de Octubre a las 20:30 hs., se realizar\u00e1 en la Biblioteca Popular Bartolom\u00e9 Mitre (Belgrano 553) el Concierto de Alumnos del profesor Diego Mantuani. Se trata de una presentaci\u00f3n donde los estudiantes de guitarra y viol\u00edn ejecutar\u00e1n piezas de diversos referentes de la m\u00fasica cl\u00e1sica y otros g\u00e9neros; a su vez, tambi\u00e9n habr\u00e1n m\u00fasicos invitados como gu\u00edas para los ensambles de cuerda, complementando el trabajo de los alumnos.<!--more--><\/span><\/p>\n<p><img loading=\"lazy\" src=\"http:\/\/www.quasarcomunicacion.com.ar\/varios\/auspicios\/alumnos.gif\" alt=\"\" width=\"500\" height=\"324\" border=\"0\" \/><br \/>\n&nbsp;<br \/>\n<span style=\"font-family:Verdana;font-size:small;\">Para asistir, pueden adquirir las entradas anticipadas a un valor de $30 escribiendo a diegomantuani@gmail.com o en la Biblioteca Popular Bartolom\u00e9 Mitre. Otra opci\u00f3n es comprarlas en la puerta, el d\u00eda del concierto, a un valor de $35.<\/span><br \/>\n<span style=\"font-family:Verdana;font-size:small;\">En esta oportunidad, se presentar\u00e1n Uriel Aguilera, El\u00edas Leonov y Juan Cruz Szhewarek Gianelli en guitarra<\/span><br \/>\n<span style=\"font-family:Verdana;font-size:small;\">En viol\u00edn se presentar\u00e1n Naiara Giordano, Julieta Lezcano, Valeria Laura, Gonzalo Solana, Ver\u00f3nica Ramos, Juli\u00e1n Toro, Andrea Vargas, Mat\u00edas Gonz\u00e1lez, Mar\u00eda Ana Loubes y Leticia Ruffo.<\/span><br \/>\n<span style=\"font-family:Verdana;font-size:small;\">Adem\u00e1s, acompa\u00f1ar\u00e1n los m\u00fasicos invitados Xoana Espil (viol\u00edn), Leslie Ort\u00edz (viola), Alexander Ortiz (viola) y Mat\u00edas Lezcano (violonchelo)<\/span><\/p>\n","protected":false},"excerpt":{"rendered":"<p>El pr\u00f3ximo s\u00e1bado 6 de Octubre a las 20:30 hs., se realizar\u00e1 en la Biblioteca Popular Bartolom\u00e9 Mitre (Belgrano 553) [&hellip;]<\/p>\n","protected":false},"author":2,"featured_media":0,"comment_status":"open","ping_status":"open","sticky":false,"template":"","format":"standard","meta":[],"categories":[2],"tags":[],"_links":{"self":[{"href":"https:\/\/quasarcomunicacion.com.ar\/web\/wp-json\/wp\/v2\/posts\/852"}],"collection":[{"href":"https:\/\/quasarcomunicacion.com.ar\/web\/wp-json\/wp\/v2\/posts"}],"about":[{"href":"https:\/\/quasarcomunicacion.com.ar\/web\/wp-json\/wp\/v2\/types\/post"}],"author":[{"embeddable":true,"href":"https:\/\/quasarcomunicacion.com.ar\/web\/wp-json\/wp\/v2\/users\/2"}],"replies":[{"embeddable":true,"href":"https:\/\/quasarcomunicacion.com.ar\/web\/wp-json\/wp\/v2\/comments?post=852"}],"version-history":[{"count":0,"href":"https:\/\/quasarcomunicacion.com.ar\/web\/wp-json\/wp\/v2\/posts\/852\/revisions"}],"wp:attachment":[{"href":"https:\/\/quasarcomunicacion.com.ar\/web\/wp-json\/wp\/v2\/media?parent=852"}],"wp:term":[{"taxonomy":"category","embeddable":true,"href":"https:\/\/quasarcomunicacion.com.ar\/web\/wp-json\/wp\/v2\/categories?post=852"},{"taxonomy":"post_tag","embeddable":true,"href":"https:\/\/quasarcomunicacion.com.ar\/web\/wp-json\/wp\/v2\/tags?post=852"}],"curies":[{"name":"wp","href":"https:\/\/api.w.org\/{rel}","templated":true}]}}