{"id":8494,"date":"2018-07-26T10:59:03","date_gmt":"2018-07-26T13:59:03","guid":{"rendered":"https:\/\/quasarcomunicacion.com.ar\/web\/?p=8494"},"modified":"2018-07-26T10:59:03","modified_gmt":"2018-07-26T13:59:03","slug":"taller-de-habilidades-sociales-para-mejorar-la-comunicacion-en-belgrano","status":"publish","type":"post","link":"https:\/\/quasarcomunicacion.com.ar\/web\/taller-de-habilidades-sociales-para-mejorar-la-comunicacion-en-belgrano\/","title":{"rendered":"Taller de Habilidades Sociales para mejorar la comunicaci\u00f3n en Belgrano"},"content":{"rendered":"<p style=\"text-align: left;\" align=\"center\"><span style=\"font-family: Verdana; font-size: small;\">\u00a0A partir del 14 de agosto, el<b> Centro de Estudios Especializados en Trastornos de Ansiedad (CEETA)<\/b>, lanza un nuevo <b>Taller de Habilidades Sociales, <\/b>destinado para personas con dificultades en la comunicaci\u00f3n, problemas en la interacci\u00f3n social, verg\u00fcenza extrema y<\/span><span style=\"font-family: Verdana; font-size: small;\"> ansiedad o fobia social.\u00a0\u00a0 El mismo se dictar\u00e1 en Belgrano (Virrey del Pino 2428 4\u00ba piso oficina 27. Entre Cabildo y Cuidad de la Paz) a partir del martes 14 de agosto de 19 a 20.30 hs y durante 12 encuentros. El valor mensual es de $ 3000.<!--more--><\/span><\/p>\n<p><span style=\"font-family: Verdana; font-size: small;\">El objetivo es mejorar la comunicaci\u00f3n y las relaciones interpersonales de los asistentes. Est\u00e1 dirigido a personas que padecen trastornos de ansiedad social y est\u00e1 coordinado por Erika Rosetti, del staff del <b>CEETA<\/b>. <\/span><\/p>\n<p><span style=\"font-family: Verdana; font-size: small;\">Los interesados en recibir m\u00e1s informaci\u00f3n podr\u00e1n dejar sus datos en este formulario <\/span> <a href=\"http:\/\/www.ceeta.org\/habilidadessociales\/\"> http:\/\/www.ceeta.org\/habilidadessociales\/<\/a>\u00a0 indicando la sede en la cual desean realizar el Taller. La actividad es arancelada. <span style=\"font-family: Verdana; font-size: small;\">Consultas po<\/span>r WHATSAPP: +54 9 11 4402 7733 o comunic\u00e1ndose al (02304) 66 7175 \/\/ (011) 4788 6245 de lunes a viernes de 13 a 19 hs<\/p>\n<p><a href=\"https:\/\/quasarcomunicacion.com.ar\/web\/wp-content\/uploads\/2017\/07\/habilidades.gif\"><img class=\"aligncenter\" alt=\"habilidades\" src=\"https:\/\/quasarcomunicacion.com.ar\/web\/wp-content\/uploads\/2017\/07\/habilidades.gif\" \/><\/a><\/p>\n<p><span style=\"font-family: Verdana; font-size: small;\">Es de destacar que las habilidades sociales \u00f3ptimamente desarrolladas son fundamentales para disfrutar de una vida sana. El taller tiene una duraci\u00f3n de 12 sesiones en un encuentro semanal- Los talleres comenzar\u00e1n al completarse el cupo requerido de inscriptos.<\/span><\/p>\n<p><span style=\"font-family: Verdana; font-size: small;\">Los interesados en participar tendr\u00e1n una entrevista previa para diagnosticar el problema y ofrecer la mejor soluci\u00f3n.<\/span><\/p>\n<p><span style=\"font-family: Verdana; font-size: small;\">El objetivo del taller mejorar la comunicaci\u00f3n y las relaciones interpersonales de los asistentes y est\u00e1 destinado a j\u00f3venes, adolescentes y adultos. <\/span><\/p>\n<p><span style=\"font-family: Verdana; font-size: small;\">La fobia o ansiedad social consiste en el temor acusado y persistente por una o m\u00e1s situaciones sociales o actuaciones en p\u00fablico en las que el sujeto se ve expuesto a personas que no pertenecen al \u00e1mbito familiar o a la posible evaluaci\u00f3n negativa por parte de los dem\u00e1s. <\/span><\/p>\n<p><span style=\"font-family: Verdana; font-size: small;\">El individuo teme actuar de un modo (o mostrar s\u00edntomas de ansiedad) que sea humillante o embarazoso. La exposici\u00f3n a las situaciones sociales temidas provoca casi invariablemente una respuesta inmediata de ansiedad, que puede tomar la forma de una crisis de p\u00e1nico. <\/span><\/p>\n<p><span style=\"font-family: Verdana; font-size: small;\">La persona reconoce que su temor es excesivo e irracional. Las situaciones sociales temidas, se evitan, o se experimentan con ansiedad o malestar intensos.<br \/>\nLa evitaci\u00f3n, ansiedad, o malestar que aparecen interfieren acusadamente con la rutina normal del sujeto (\u00e1mbito laboral, acad\u00e9mico, social) y de no ser tratado el cuadro, llega a ser incapacitante.<\/span><\/p>\n<div align=\"center\"><center><\/p>\n<table width=\"90%\" border=\"0\" cellspacing=\"4\" cellpadding=\"4\">\n<tbody>\n<tr>\n<td bgcolor=\"#ECFFF9\" width=\"100%\"><i> <span style=\"font-family: Verdana; font-size: xx-small;\">La licenciada Gabriela Mart\u00ed<\/span><\/i><span style=\"font-family: Verdana; font-size: xx-small;\"><i>nez Castro, directora del CEETA, est\u00e1 disponible para consultas o entrevistas sobre el tema. Comunicarse al 0230-4664772 \u00f3 0230 15 4584535 para concretarlas o enviar un mail a <a href=\"mailto:gabriela@quasarcomunicacion.com.ar\"> candela@quasarcomunicacion.com.ar <\/a>\u00a0<\/i><\/span><\/td>\n<\/tr>\n<\/tbody>\n<\/table>\n<p>&nbsp;<\/p>\n<p><\/center><\/div>\n<p align=\"left\"><span style=\"font-family: Verdana; font-size: small;\">Existen dos tipos de fobia social: generalizada (si los temores hacen referencia a la mayor\u00eda de las situaciones sociales) y discreta (cuando los temores se reducen un \u00e1rea espec\u00edfica, como por ej.: temor a rendir ex\u00e1menes o a hablar en p\u00fablico)<\/span><\/p>\n<p><b><span style=\"font-family: Verdana; font-size: small;\">LA SOLUCI\u00d3N <\/span><\/b><\/p>\n<p><span style=\"font-family: Verdana; font-size: small;\">A pesar de este panorama desalentador de aumento de estos trastornos de ansiedad, los profesionales especializados ofrecen una soluci\u00f3n a este problema.<br \/>\nEn el caso particular de la Licenciada Mart\u00ednez Castro, quien se especializa en el \u00e1rea, propone realizar terapias cognitivas conductuales de tercera generacionque se caracterizan fundamentalmente porque son breves: de 6 meses a 1 a\u00f1o con una alta participaci\u00f3n del paciente, con tareas para el hogar y acompa\u00f1amiento del enfermo en la situaci\u00f3n de dificultad. <\/span><\/p>\n<p><span style=\"font-family: Verdana; font-size: small;\">Mart\u00ednez Castro trabaja sobre los patrones de conducta que est\u00e1n distorsionados y que por lo tanto no son acordes a una vida saludable, como as\u00ed tambi\u00e9n sobre el aspecto cognitivo, es decir, sobre las formas que adquiere el pensamiento de la persona, que en caso de ser enferma est\u00e1 alterado al realizar conclusiones err\u00f3neas. Dicha terapia se realiza en conjunto psic\u00f3logo-paciente, con la participaci\u00f3n eventual de un acompa\u00f1ante terap\u00e9utico o co-terapeuta, por lo general alguien del c\u00edrculo familiar. Tambi\u00e9n se rescata que durante las sesiones la psic\u00f3loga, seg\u00fan el avance que presente el paciente, lo acompa\u00f1a a la situaci\u00f3n concreta que le produce ansiedad. <\/span><\/p>\n<p><span style=\"font-family: Verdana; font-size: small;\">Lo importante es que es necesario tratarlos ya que \u201ccon un trastorno de ansiedad es imposible vivir. Ninguno permite el curso normal de la vida, y la persona no puede solucionarlo sola, debe recurrir a ayuda profesional\u201d, explica la Psic\u00f3loga. Y en este tipo de tratamientos se provee las herramientas necesarias para que quien lo padezca se sienta recuperado y pueda continuar una vida saludable.<\/span><\/p>\n<p><span style=\"font-family: Verdana; font-size: small;\">E<\/span>l <b>Centro de Estudios Especializados en Trastornos de Ansiedad (CEETA)<\/b> tiene su sede central en el Edificio Concord-Sector Los Almendros-piso segundo Oficina 202. Km 50 de la ruta Panamericana ramal Pilar. Tel\u00e9fono: \u00a00230-4667175 o al 011-4788-6245 \u00f3 al Celular +54 9 11 4402 7733 <a href=\"http:\/\/www.ceeta.org\/\"> www.ceeta.org<\/a>\u00a0 Tambi\u00e9n tiene sedes en\u00a0 Parque Patricios, Barrio Norte, Belgrano, San Isidro, Mor\u00f3n, Lomas de Zamora y Quilmes. En <b>facebook<\/b>, la fan page es <a href=\"https:\/\/www.facebook.com\/ansiedad.ceeta\"> https:\/\/www.facebook.com\/ansiedad.ceeta<\/a><\/p>\n<div align=\"center\"><center><\/p>\n<table width=\"90%\" border=\"0\" cellspacing=\"4\" cellpadding=\"4\">\n<tbody>\n<tr>\n<td bgcolor=\"#ECFFF9\" width=\"100%\"><i> <span style=\"font-family: Verdana; font-size: xx-small;\">La licenciada Gabriela Mart\u00ed<\/span><\/i><span style=\"font-family: Verdana; font-size: xx-small;\"><i>nez Castro, directora del CEETA, est\u00e1 disponible para consultas o entrevistas sobre el tema. Comunicarse al 0230-4664772 \u00f3 0230 15 4584535 para concretarlas o enviar un mail a <a href=\"mailto:gabriela@quasarcomunicacion.com.ar\"> candela@quasarcomunicacion.com.ar <\/a>\u00a0<\/i><\/span><\/td>\n<\/tr>\n<\/tbody>\n<\/table>\n<p>&nbsp;<\/p>\n<p><\/center><\/div>\n<p align=\"left\">\u00a0<span style=\"font-family: Verdana; font-size: small;\">Acceso a toda la informaci\u00f3n ingresando en <a href=\"http:\/\/www.quasarcomunicacion.com.ar\/ceeta\"> www.quasarcomunicacion.com.ar\/web\/ceeta<\/a><\/span><\/p>\n<p align=\"center\"><span style=\"font-size: small;\"><b><i> Contactos de Prensa<\/i><\/b><\/span><\/p>\n<div align=\"left\">\n<table width=\"100%\" border=\"1\" cellpadding=\"2\" align=\"left\">\n<tbody>\n<tr>\n<td align=\"center\" width=\"50%\">\n<p align=\"left\"><strong> <span style=\"color: #ff0000; font-family: Arial; font-size: small;\">Candela Villanueva<\/span><\/strong><span style=\"font-size: medium;\"><strong><span style=\"color: #808080; font-family: Arial; font-size: small;\"> &#8211; Asistente de Cuentas<\/span><\/strong><\/span><\/p>\n<p><span style=\"font-size: xx-small;\"><span style=\"color: #ff0000;\"> Directo<\/span><b>: <\/b> 0230<\/span><span style=\"font-size: xx-small;\">-4664772<br \/>\n<\/span><span style=\"color: #ff0000; font-size: xx-small;\"> Skype:<\/span><span style=\"font-size: xx-small;\"> quasarcomunicacion<br \/>\n<\/span><span style=\"color: #ff0000; font-size: xx-small;\"> Twitter:<\/span><span style=\"font-size: xx-small;\"> @quasarpilar<br \/>\n<\/span><span style=\"color: #ff0000; font-size: xx-small;\"> Gr<\/span><span style=\"color: #ff0000; font-size: xx-small;\">upo y p\u00e1gina en Facebook: <\/span> <span style=\"color: #808080; font-size: xx-small;\">www.facebook.com\/<\/span><a href=\"mailto:mfipata@gmail.com\"><span style=\"font-size: xx-small;\">Quasar<\/span><\/a><span style=\"font-size: xx-small;\">Comunicacion<br \/>\n<\/span><span style=\"color: #ff0000; font-size: xx-small;\"> Web:<\/span><b><\/b> <a href=\"http:\/\/www.quasarcomunicacion.com.ar\/\"> <span style=\"font-size: xx-small;\">www.quasarcomunicacion.com.ar<\/span><\/a><\/p>\n<p align=\"left\"><span style=\"font-size: xx-small;\"> <span style=\"color: #ff0000;\">Mail<\/span><b>:<\/b><\/span><span style=\"font-size: xx-small;\"> <a href=\"mailto:fernanda@quasarcomunicacion.com.ar\"> quasar@quasarcomunicacion.com.ar<\/a><\/span><\/p>\n<\/td>\n<td align=\"center\" width=\"50%\">\n<p align=\"right\"><span style=\"font-size: medium;\"><strong> <span style=\"color: #808080; font-family: Arial; font-size: small;\"> Lic. Mar\u00eda Fernanda Ipata &#8211; Directora<br \/>\n<\/span> <\/strong><\/span> <span style=\"font-size: xx-small;\"><span style=\"color: #ff0000;\"><br \/>\nDirecto<\/span><b>: <\/b> 0230<\/span><span style=\"font-size: xx-small;\">-4664772<\/span><span style=\"font-size: xx-small;\"><br \/>\n<\/span><span style=\"font-size: xx-small;\"> <span style=\"color: #ff0000;\">M\u00f3vil:<\/span><b> <\/b> 0230<\/span><span style=\"font-size: xx-small;\">-15-4584535<br \/>\n<\/span><span style=\"font-size: xx-small;\"><span style=\"color: #ff0000;\"> Whatsapp<\/span><span style=\"color: #ff0000;\">:<\/span> <a href=\"https:\/\/bit.ly\/2J4cUvm\"> 0230<\/a><\/span><span style=\"font-size: xx-small;\"><a href=\"https:\/\/bit.ly\/2J4cUvm\">-15-4584535<\/a><\/span><br \/>\n<a href=\"https:\/\/bit.ly\/2J4cUvm\"> Enviar whatsapp aqu\u00ed<\/a><span style=\"font-size: xx-small;\"><br \/>\n<\/span><span style=\"color: #ff0000; font-size: xx-small;\"> Skype:<\/span><span style=\"font-size: xx-small;\"> quasarcomunicacion<br \/>\n<\/span><span style=\"color: #ff0000; font-size: xx-small;\"> Twitter:<\/span><span style=\"font-size: xx-small;\"> @quasarpilar<br \/>\n<\/span><span style=\"color: #ff0000; font-size: xx-small;\"> Gr<\/span><span style=\"color: #ff0000; font-size: xx-small;\">upo y p\u00e1gina en Facebook: <\/span> <span style=\"color: #808080; font-size: xx-small;\">www.facebook.com\/<\/span><a href=\"mailto:mfipata@gmail.com\"><span style=\"font-size: xx-small;\">Quasar<\/span><\/a><span style=\"font-size: xx-small;\">Comunicacion<br \/>\n<\/span><span style=\"font-size: xx-small;\"> <span style=\"color: #ff0000;\">LinkedIn<\/span><b>:\u00a0 <\/b><\/span> <span style=\"font-size: xx-small;\"><b> <a href=\"http:\/\/www.linkedin.com\/in\/mfipata\"> http:\/\/www.linkedin.com\/in\/mfipata<\/a><\/b><\/span><span style=\"font-size: xx-small;\"><br \/>\n<\/span><span style=\"color: #ff0000; font-size: xx-small;\"> Web:<\/span><b><\/b> <a href=\"http:\/\/www.quasarcomunicacion.com.ar\/\"> <span style=\"font-size: xx-small;\">www.quasarcomunicacion.com.ar<\/span><\/a><span style=\"font-size: xx-small;\"><br \/>\n<\/span><span style=\"font-size: xx-small;\"> <span style=\"color: #ff0000;\"> Mail<\/span><b>:<\/b><\/span><span style=\"font-size: xx-small;\"><a href=\"mailto:fernanda@quasarcomunicacion.com.ar\"> fernanda@quasarcomunicacion.com.ar<\/a><\/span><\/p>\n<\/td>\n<\/tr>\n<\/tbody>\n<\/table>\n<\/div>\n<hr \/>\n<div align=\"center\"><center><center><b style=\"font-family: Verdana; font-size: xx-small;\">Acerca de la Lic. Erika Rosetti<\/b>&nbsp;<\/p>\n<p align=\"left\"><i><span style=\"font-family: Verdana; font-size: xx-small;\">Psic\u00f3loga egresada con Diploma de Honor de la Universidad de Buenos Aires.<br \/>\nCarrera de Especializaci\u00f3n en Psicolog\u00eda Cl\u00ednica y Terapia Cognitiva. Universidad de Buenos Aires.<br \/>\nFormaci\u00f3n de posgrado en Terapia Cognitivo Conductual para Ni\u00f1os y Adolescentes. Fundaci\u00f3n ETCI y Fundaci\u00f3n Desarrollo.<br \/>\nFormaci\u00f3n de posgrado en Terapia Dial\u00e9ctico Comportamental. Fundaci\u00f3n Foro.<br \/>\nFormaci\u00f3n en Tepapia Cognitivo Conductual para Trastornos de Ansiedad. Cetecic<br \/>\nEx Residente de Psicolog\u00eda Cl\u00ednica Infanto Juvenil en Hospital Infanto Juvenil Dra. Carolina Tobar Garc\u00eda.<br \/>\nJefa de Residentes de Psicolog\u00eda en Hospital Infanto Juvenil Dra. Carolina Tobar Garc\u00eda<\/span><\/i><\/p>\n<p><span style=\"font-family: Verdana; font-size: xx-small;\"><b>Acerca de la Lic. Gabriela Mart\u00ednez Castro<\/b><\/span><\/p>\n<p>&nbsp;<\/p>\n<p><\/center><\/p>\n<p align=\"left\">\u00a0<i><span style=\"font-family: Verdana; font-size: xx-small;\">Gabriela Mart\u00ednez Castro es Licenciada en Psicolog\u00eda egresada de la Universidad de Belgrano en 1991. M\u00e1ster en Psicolog\u00eda Cl\u00ednica en M\u00e9xico.<\/span><\/i><\/p>\n<p>&nbsp;<\/p>\n<p align=\"left\"><i><span style=\"font-family: Verdana; font-size: xx-small;\">Post-grado en Trastornos de Ansiedad de la Asociaci\u00f3n Argentina de Trastornos de Ansiedad. Psicoterapeuta Cognitiva-Conductual, orientada al trabajo con Trastornos de Ansiedad y Trastornos de la Personalidad.<\/span><\/i><\/p>\n<p align=\"left\"><i><span style=\"font-family: Verdana; font-size: xx-small;\">Formaci\u00f3n en Terapia Cognitivo Conductual de Tercera Ola en la Fundaci\u00f3n Favaloro.<\/span><\/i><\/p>\n<p>Ex coordinadora docente de la c\u00e1tedra de Psicolog\u00eda General en la Universidad de Belgrano. Ex coordinadora del Departamento de Psicodiagn\u00f3stico del Hospital Franc\u00e9s, \u00e1rea de Consultorios Externos.<\/p>\n<p>&nbsp;<\/p>\n<p align=\"left\"><i><span style=\"font-family: Verdana; font-size: xx-small;\">Miembro de la Asociaci\u00f3n Argentina de Trastornos de Ansiedad. <\/span><\/i><\/p>\n<p>&nbsp;<\/p>\n<p align=\"left\"><i><span style=\"font-family: Verdana; font-size: xx-small;\">Directora de CEETA (Centro de Estudios Especializados en Trastornos de Ansiedad) <\/span><\/i><\/p>\n<p>&nbsp;<\/p>\n<p align=\"left\"><span style=\"font-family: Verdana; font-size: xx-small;\"><i>Centro de Estudios Especializados en Trastornos de Ansiedad (CEETA) &#8211; Edificio Concord-Sector los Almendros-piso segundo Oficina 202. Km 50 de la ruta Panamericana ramal Pilar. Tel\u00e9fono: 02322-667175 \u00f3 al Celular 15-4416-1578 <a href=\"http:\/\/www.ceeta.org\/\">www.ceeta.org<\/a>\u00a0 <\/i><\/span><\/p>\n<p align=\"left\"><b><i><span style=\"font-family: Verdana; font-size: xx-small;\">Acerca de la Terapia Cognitivo Conductual de Tercera Ola o Tercera Generaci\u00f3n<\/span><\/i><\/b><\/p>\n<p>&nbsp;<\/p>\n<p><\/center><\/p>\n<p align=\"left\"><i><span style=\"font-family: Verdana; font-size: xx-small;\">Se trata de una innovadora terapia cognitivo conductual, que a diferencia de otras terapias, se aboca a modificar comportamientos y pensamientos. Est\u00e1 orientada hacia el presente, se investiga el funcionamiento actual. El \u00e9nfasis de la TCC est\u00e1 puesto m\u00e1s en el \u201cQu\u00e9 tengo que hacer para cambiar\u201d que en el \u201cPor qu\u00e9\u201d. Muchas veces, el explorar expresamente y conocer cu\u00e1les son los motivos de lo que nos ocurre no alcanza a brindar una soluci\u00f3n y no es suficiente para producir un cambio.<\/span><\/i><\/p>\n<p align=\"left\"><i><span style=\"font-family: Verdana; font-size: xx-small;\">Es una psicoterapia basada en la evidencia y con un basamento cient\u00edfico y 100% comprobado. Los resultados se ven en el cort\u00edsimo plazo. El paciente tiene un papel activo, con tareas para realizar dentro y fuera de la sesi\u00f3n a trav\u00e9s de la aplicaci\u00f3n de las herramientas que se le brindan.<\/span><\/i><\/p>\n<p align=\"left\"><i><span style=\"font-family: Verdana; font-size: xx-small;\">La terapia cognitiva conductual de tercera ola o tercera generaci\u00f3n cuenta con numerosos aportes validados cient\u00edficamente en los \u00faltimos a\u00f1os. Son las denominadas Terapias de Tercera Generaci\u00f3n o Contextuales.<br \/>\nSon modelos de intervenci\u00f3n que ponen su foco de atenci\u00f3n en el contexto y la funci\u00f3n de nuestros eventos privados como ser los pensamientos, emociones, sensaciones en lugar de su contenido, frecuencia o duraci\u00f3n. La Terapia de Aceptaci\u00f3n y Compromiso (ACT), uno de los nuevos modelos de tratamiento que ofrecen las terapias contextuales, es uno de los mas reconocidos con evidencia emp\u00edrica. El objetivo de la misma es lograr flexibilidad psicol\u00f3gica ante las situaciones dif\u00edciles de la vida y ante el sufrimiento, entender que nuestra vida es significativa y valiosa aun cuando sufrimos.<br \/>\nUtiliza diferentes t\u00e9cnicas como Mindfulness y ejercicios experienciales entre otros. <\/span><\/i><\/p>\n<p align=\"left\"><i><span style=\"font-family: Verdana; font-size: xx-small;\">Se pueden medir los progresos obtenidos desde la primera sesi\u00f3n, se administran cuestionarios y planillas en los que se eval\u00faan los s\u00edntomas espec\u00edficos, en su frecuencia, duraci\u00f3n, intensidad y caracter\u00edsticas. Esta medici\u00f3n es repetida peri\u00f3dicamente hasta la sesi\u00f3n final, para tener una idea del cambio obtenido. La relaci\u00f3n terapeuta-paciente es de colaboraci\u00f3n y activa. Paciente y terapeuta se comprometen a trabajar con un objetivo com\u00fan. Los pacientes pueden aportar sugerencias y participar en el dise\u00f1o de las tareas para el hogar. <\/span><\/i><\/p>\n<p align=\"left\"><i><span style=\"font-family: Verdana; font-size: xx-small;\">En muchos casos, se utiliza la biblioterapia, que consiste en que el terapeuta recomiende o facilite libros, folletos o apuntes acerca del problema para que el paciente se informe de lo que le sucede. Tiende a fomentar la independencia del paciente. Est\u00e1 centrada en los s\u00edntomas y su resoluci\u00f3n. Se definen objetivos concretos a lograr. La meta de la TCC es eliminar, o al menos reducir los s\u00edntomas, y postula que si desaparecen, por ejemplo, los s\u00edntomas de p\u00e1nico, inmediatamente tambi\u00e9n va a haber una mejor\u00eda en otras \u00e1reas, sin que aparezcan otros s\u00edntomas que los reemplacen. Pone \u00e9nfasis en el cambio. Se le solicita al paciente practicar nuevas conductas y cogniciones en las sesiones, y generalizarlas afuera como parte de la tarea. Desafia la posici\u00f3n del paciente, sus conductas y sus creencias. Se centra en la resoluci\u00f3n de problemas. Utiliza planes de tratamiento. Generalmente, la terapia utiliza planes espec\u00edficos de tratamiento para cada problema, no utilizando un formato \u201c\u00fanico\u201d para las diversas consultas. Propone una continuidad tem\u00e1tica entre las sesiones. Es decir, m\u00e1s que simplemente decir que funciona, esta comprobado que funciona.<br \/>\nLos recursos disponibles en este portal, son de car\u00e1cter informativo y no constituyen ni reemplazan el asesoramiento y tratamiento profesional.<\/span><\/i><\/p>\n<p>&nbsp;<\/p>\n<\/div>\n","protected":false},"excerpt":{"rendered":"<p>\u00a0A partir del 14 de agosto, el Centro de Estudios Especializados en Trastornos de Ansiedad (CEETA), lanza un nuevo Taller [&hellip;]<\/p>\n","protected":false},"author":2,"featured_media":7828,"comment_status":"open","ping_status":"open","sticky":false,"template":"","format":"standard","meta":[],"categories":[2],"tags":[],"_links":{"self":[{"href":"https:\/\/quasarcomunicacion.com.ar\/web\/wp-json\/wp\/v2\/posts\/8494"}],"collection":[{"href":"https:\/\/quasarcomunicacion.com.ar\/web\/wp-json\/wp\/v2\/posts"}],"about":[{"href":"https:\/\/quasarcomunicacion.com.ar\/web\/wp-json\/wp\/v2\/types\/post"}],"author":[{"embeddable":true,"href":"https:\/\/quasarcomunicacion.com.ar\/web\/wp-json\/wp\/v2\/users\/2"}],"replies":[{"embeddable":true,"href":"https:\/\/quasarcomunicacion.com.ar\/web\/wp-json\/wp\/v2\/comments?post=8494"}],"version-history":[{"count":0,"href":"https:\/\/quasarcomunicacion.com.ar\/web\/wp-json\/wp\/v2\/posts\/8494\/revisions"}],"wp:featuredmedia":[{"embeddable":true,"href":"https:\/\/quasarcomunicacion.com.ar\/web\/wp-json\/wp\/v2\/media\/7828"}],"wp:attachment":[{"href":"https:\/\/quasarcomunicacion.com.ar\/web\/wp-json\/wp\/v2\/media?parent=8494"}],"wp:term":[{"taxonomy":"category","embeddable":true,"href":"https:\/\/quasarcomunicacion.com.ar\/web\/wp-json\/wp\/v2\/categories?post=8494"},{"taxonomy":"post_tag","embeddable":true,"href":"https:\/\/quasarcomunicacion.com.ar\/web\/wp-json\/wp\/v2\/tags?post=8494"}],"curies":[{"name":"wp","href":"https:\/\/api.w.org\/{rel}","templated":true}]}}