{"id":8474,"date":"2018-07-24T11:43:54","date_gmt":"2018-07-24T14:43:54","guid":{"rendered":"https:\/\/quasarcomunicacion.com.ar\/web\/?p=8474"},"modified":"2018-07-24T11:43:54","modified_gmt":"2018-07-24T14:43:54","slug":"comprometidas-asociacion-civil-recibe-libros-infantiles-y-ropa-para-los-ninos-de-la-maternidad","status":"publish","type":"post","link":"https:\/\/quasarcomunicacion.com.ar\/web\/comprometidas-asociacion-civil-recibe-libros-infantiles-y-ropa-para-los-ninos-de-la-maternidad\/","title":{"rendered":"Comprometidas Asociaci\u00f3n Civil recibe libros infantiles y ropa para los beb\u00e9s de la Maternidad"},"content":{"rendered":"<p style=\"text-align: left;\" align=\"center\"><span style=\"font-family: Verdana; font-size: small;\">\u00a0La <\/span><b style=\"font-family: Verdana; font-size: small;\">Asociaci\u00f3n Civil Comprometidas<\/b><span style=\"font-family: Verdana; font-size: small;\"> inici\u00f3 una campa\u00f1a de recolecci\u00f3n de libros infantiles y ropa para beb\u00e9s para ser donadas al Hospital Materno Infantil Hugo C\u00e9sar Meisner en ocasi\u00f3n del d\u00eda del ni\u00f1o. Quienes deseen colaborar pueden sumarse por las redes sociales @comprometidasAC o enviar un mail a <\/span><a style=\"font-family: Verdana; font-size: small;\" href=\"mailto:comprometidasasociacioncivil@gmail.com\"> comprometidasasociacioncivil@gmail.com<\/a><span style=\"font-family: Verdana; font-size: small;\"> para coordinar el retiro de la donaci\u00f3n o su entrega.<!--more--><\/span><\/p>\n<p align=\"left\"><span style=\"font-family: Verdana; font-size: small;\">La entrega de lo recaudado se har\u00e1 en ocasi\u00f3n del D\u00eda del Ni\u00f1o, en el mes de agosto.<\/span><\/p>\n<p align=\"left\"><img loading=\"lazy\" class=\"aligncenter\" alt=\"\" src=\"https:\/\/quasarcomunicacion.com.ar\/web\/wp-content\/uploads\/2018\/06\/mantas4.gif\" width=\"550\" height=\"413\" \/><\/p>\n<p align=\"left\"><span style=\"font-family: Verdana; font-size: small;\">Esta campa\u00f1a se inici\u00f3 inmediatamente despu\u00e9s de finalizar la campa\u00f1a de invierno que dot\u00f3 de mantas a los reci\u00e9n nacidos. <\/span><\/p>\n<p align=\"left\"><span style=\"font-family: Verdana; font-size: small;\">La Maternidad Comodoro Meisner naci\u00f3 en el a\u00f1o 2004 y est\u00e1 ubicado en la localidad de Derqui. La maternidad tiene el objetivo de mejorar la calidad de vida de las mujeres y ni\u00f1os asistentes. Actualmente cuenta con 44 camas obst\u00e9tricas, 30 plazas de neonatolog\u00eda, servicio social y servicio de psicolog\u00eda. Hay un proyecto de construcci\u00f3n de una nueva sede para seguir mejorando la calidad de vida de mas madres y ni\u00f1os.<\/span><\/p>\n<p align=\"left\"><img loading=\"lazy\" alt=\"\" src=\"https:\/\/quasarcomunicacion.com.ar\/web\/wp-content\/uploads\/2017\/10\/comprometidas.gif\" width=\"233\" height=\"233\" align=\"right\" hspace=\"6\" vspace=\"6\" \/><span style=\"font-family: Verdana; font-size: small;\">La <b>Asociaci\u00f3n Civil \u201cComprometidas\u201d<\/b> es una entidad sin fines de lucro que naci\u00f3 en el a\u00f1o 2016 cuando un grupo de amigas se reuni\u00f3 para tomar conocimiento y comprender las necesidades existentes en el municipio de Pilar. La asociaci\u00f3n se enfoca en ayudar especialmente a ni\u00f1os, ni\u00f1as, adolescentes y adultos mayores en situaci\u00f3n de vulnerabilidad. <\/span><\/p>\n<p style=\"text-align: center;\" align=\"left\"><span style=\"font-family: Verdana; font-size: small;\">M\u00e1s info en <a href=\"https:\/\/www.facebook.com\/ComprometidasAC\/\"> https:\/\/www.facebook.com\/ComprometidasAC\/<\/a> o en Twitter e Instagram como @ComprometidasAC o v\u00eda mail <a href=\"mailto:comprometidasasociaci%C3%B3ncivil@gmail.com\">comprometidasasociacioncivil@gmail.com<\/a>.<\/span><\/p>\n","protected":false},"excerpt":{"rendered":"<p>\u00a0La Asociaci\u00f3n Civil Comprometidas inici\u00f3 una campa\u00f1a de recolecci\u00f3n de libros infantiles y ropa para beb\u00e9s para ser donadas al [&hellip;]<\/p>\n","protected":false},"author":2,"featured_media":8422,"comment_status":"open","ping_status":"open","sticky":false,"template":"","format":"standard","meta":[],"categories":[2],"tags":[],"_links":{"self":[{"href":"https:\/\/quasarcomunicacion.com.ar\/web\/wp-json\/wp\/v2\/posts\/8474"}],"collection":[{"href":"https:\/\/quasarcomunicacion.com.ar\/web\/wp-json\/wp\/v2\/posts"}],"about":[{"href":"https:\/\/quasarcomunicacion.com.ar\/web\/wp-json\/wp\/v2\/types\/post"}],"author":[{"embeddable":true,"href":"https:\/\/quasarcomunicacion.com.ar\/web\/wp-json\/wp\/v2\/users\/2"}],"replies":[{"embeddable":true,"href":"https:\/\/quasarcomunicacion.com.ar\/web\/wp-json\/wp\/v2\/comments?post=8474"}],"version-history":[{"count":0,"href":"https:\/\/quasarcomunicacion.com.ar\/web\/wp-json\/wp\/v2\/posts\/8474\/revisions"}],"wp:featuredmedia":[{"embeddable":true,"href":"https:\/\/quasarcomunicacion.com.ar\/web\/wp-json\/wp\/v2\/media\/8422"}],"wp:attachment":[{"href":"https:\/\/quasarcomunicacion.com.ar\/web\/wp-json\/wp\/v2\/media?parent=8474"}],"wp:term":[{"taxonomy":"category","embeddable":true,"href":"https:\/\/quasarcomunicacion.com.ar\/web\/wp-json\/wp\/v2\/categories?post=8474"},{"taxonomy":"post_tag","embeddable":true,"href":"https:\/\/quasarcomunicacion.com.ar\/web\/wp-json\/wp\/v2\/tags?post=8474"}],"curies":[{"name":"wp","href":"https:\/\/api.w.org\/{rel}","templated":true}]}}