{"id":8462,"date":"2018-07-11T14:44:35","date_gmt":"2018-07-11T17:44:35","guid":{"rendered":"https:\/\/quasarcomunicacion.com.ar\/web\/?p=8462"},"modified":"2018-07-11T14:44:35","modified_gmt":"2018-07-11T17:44:35","slug":"se-realizo-la-conferencia-autorregulacion-emocional-organizada-por-el-polo-educativo","status":"publish","type":"post","link":"https:\/\/quasarcomunicacion.com.ar\/web\/se-realizo-la-conferencia-autorregulacion-emocional-organizada-por-el-polo-educativo\/","title":{"rendered":"Se realiz\u00f3 la conferencia \u201cAutorregulaci\u00f3n Emocional\u201c organizada por el Polo Educativo"},"content":{"rendered":"<p style=\"text-align: left;\" align=\"center\">\u00a0Con una amplia convocatoria, el <b>Polo Educativo Pilar <\/b>llev\u00f3 a cabo la <b>Conferencia \u201cAutoregulaci\u00f3n Emocional\u201d <\/b>en el<\/p>\n<p>Godspell College a cargo de la Lic. Adriana Canga. La actividad fue organizada por la Subcomisi\u00f3n de Capacitaci\u00f3n del <b>Polo Educativo Pilar <\/b> y estuvo dirigida a docentes y directivos de instituciones educativas de Pilar.<!--more--><\/p>\n<p><a href=\"https:\/\/quasarcomunicacion.com.ar\/web\/wp-content\/uploads\/2018\/07\/canga.gif\"><img class=\"aligncenter\" alt=\"canga\" src=\"https:\/\/quasarcomunicacion.com.ar\/web\/wp-content\/uploads\/2018\/07\/canga.gif\" \/><\/a><\/p>\n<p>En una presentaci\u00f3n din\u00e1mica, con participaci\u00f3n activa del p\u00fablico, la licenciada en Psicolog\u00eda, egresada de la Universidad de Belgrano, Adriana Canga, abord\u00f3 los siguientes ejes tem\u00e1ticos: Alcances y consecuencias de la falta de regulaci\u00f3n emocional, Interdependencia del tomo emocional docente \u2013 alumnos, C\u00f3mo incrementar la capacidad de anticipar e intervenir y Estrategias y Herramientas de abordaje en el aula.<\/p>\n<p>Durante la presentaci\u00f3n se habl\u00f3 de los ciclos del sue\u00f1o y su relaci\u00f3n con los per\u00edodos de atenci\u00f3n de las personas, del cerebro triuno, de la rueda de las emociones, la regulaci\u00f3n emocional, la inteligencia emocional, la empat\u00eda y otros t\u00e9rminos que pusieron a los asistentes en conocimiento de todos los conceptos necesarios para que logren autoregular sus emociones como puntapi\u00e9 inicial para regular las de los dem\u00e1s.<\/p>\n<p>En di\u00e1logo con la Lic. Canga, asegur\u00f3 que \u00abel objetivo de esta charla es trabajar sobre la autoregulaci\u00f3n emocional, porque consider\u00f3 que es sumamente importante que el docente primero sea capaz de regularse a si mismo, de manejar bien sus emociones, gestionarlas bien para luego poder trabajar con grupos de chicos y a su vez ayudarlos y acompa\u00f1arlos en su proceso de aprendizaje y de gestionar sus emociones.<\/p>\n<p>Esto se logra trabajando sobre uno mismo, con herramientas que surgen de la pedagog\u00eda sist\u00e9mica, de las neurociencias, del mindfulness y con todos<br \/>\nesos elementos el adulto, m\u00e1s regulado, puede acompa\u00f1ar mejor al ni\u00f1o o al adolescente en este proceso de aprender a autoregularse\u00bb.<\/p>\n<p><span style=\"font-family: Verdana; font-size: small;\">Respecto de los beneficios, Canga indic\u00f3 que \u00abprimero los beneficios son para el docente como persona porque es una herramienta para la vida, y en el aula porque logra mayor armon\u00eda, los chicos se adhieren m\u00e1s al docente por las din\u00e1micas que se generan, se logra una mejor comunicaci\u00f3n, y donde hay mejor comunicaci\u00f3n, mayor conexi\u00f3n y apertura, el aprendizaje tiene lugar\u00bb, ampl\u00eda Canga.<\/span><\/p>\n<p><span style=\"font-family: Verdana; font-size: small;\">Adriana Canga es tambi\u00e9n<br \/>\nDirectora General y Coordinadora del \u00c1rea de Educaci\u00f3n de AGC Consultora. Psicoterapeuta, Consultora y Capacitadora. <\/span><\/p>\n<p><span style=\"font-family: Verdana; font-size: small;\">Realiz\u00f3 Postgrados en Adolescencia y Juventud, en Terapias Estra<\/span><span style=\"font-family: Verdana; font-size: small;\">t\u00e9gicas, Sexolog\u00eda y Educaci\u00f3n Sexual. Se ha especializado en Creatividad, Inteligencias M\u00faltiples, Coaching vocacional y organizacional, capacitaci\u00f3n docente, PNL y en Mindfulnes- Heartfulnes. <\/span><\/p>\n<p>&nbsp;<\/p>\n<p align=\"center\"><span style=\"font-size: small;\"><b><i><span style=\"font-family: Arial;\">Por otras im\u00e1genes, audios o entrevistas no dude en contactarse entrevistas no dude en contactarse<\/span><\/i><\/b><\/span><\/p>\n<div align=\"left\">\n<table width=\"100%\" border=\"1\" cellpadding=\"2\" align=\"left\">\n<tbody>\n<tr>\n<td align=\"center\" width=\"50%\">\n<p align=\"left\"><span style=\"font-size: medium;\"><strong><span style=\"color: #808080; font-family: Arial; font-size: small;\"> Mariela Porrini &#8211; Asistente de Cuentas<\/p>\n<p><\/span> <\/strong><\/span> <span style=\"font-size: xx-small;\"><span style=\"color: #ff0000;\"> Directo<\/span><b>: <\/b> 0230<\/span><span style=\"font-size: xx-small;\">-4664772<br \/>\n<\/span><span style=\"color: #ff0000; font-size: xx-small;\"> Skype:<\/span><span style=\"font-size: xx-small;\"> quasarcomunicacion<br \/>\n<\/span><span style=\"color: #ff0000; font-size: xx-small;\"> Twitter:<\/span><span style=\"font-size: xx-small;\"> @quasarpilar<br \/>\n<\/span><span style=\"color: #ff0000; font-size: xx-small;\"> Gr<\/span><span style=\"color: #ff0000; font-size: xx-small;\">upo y p\u00e1gina en Facebook: <\/span> <span style=\"color: #808080; font-size: xx-small;\">www.facebook.com\/<\/span><a href=\"mailto:mfipata@gmail.com\"><span style=\"font-size: xx-small;\">Quasar<\/span><\/a><span style=\"font-size: xx-small;\">Comunicacion<br \/>\n<\/span><span style=\"color: #ff0000; font-size: xx-small;\"> Web:<\/span><b><\/b> <a href=\"http:\/\/www.quasarcomunicacion.com.ar\/\"> <span style=\"font-size: xx-small;\">www.quasarcomunicacion.com.ar<\/span><\/a><\/p>\n<p align=\"left\"><span style=\"font-size: xx-small;\"> <span style=\"color: #ff0000;\">Mail<\/span><b>:<\/b><\/span><span style=\"font-size: xx-small;\"> <a href=\"mailto:fernanda@quasarcomunicacion.com.ar\"> quasar<\/a><a href=\"mailto:fernanda@quasarcomunicacion.com.ar\">@quasarcomunicacion.com.ar<\/a><\/span><\/p>\n<\/td>\n<td align=\"center\" width=\"50%\">\n<p align=\"right\"><span style=\"font-size: medium;\"><strong> <span style=\"color: #808080; font-family: Arial; font-size: small;\"> Lic. Mar\u00eda Fernanda Ipata &#8211; Directora<br \/>\n<\/span> <\/strong><\/span> <span style=\"font-size: xx-small;\"><span style=\"color: #ff0000;\"><br \/>\nDirecto<\/span><b>: <\/b> 0230<\/span><span style=\"font-size: xx-small;\">-4664772<\/span><span style=\"font-size: xx-small;\"><br \/>\n<\/span><span style=\"font-size: xx-small;\"> <span style=\"color: #ff0000;\">M\u00f3vil:<\/span><b> <\/b> 0230<\/span><span style=\"font-size: xx-small;\">-15-4584535<br \/>\n<\/span><span style=\"color: #ff0000; font-size: xx-small;\"> Skype:<\/span><span style=\"font-size: xx-small;\"> quasarcomunicacion<br \/>\n<\/span><span style=\"color: #ff0000; font-size: xx-small;\"> Twitter:<\/span><span style=\"font-size: xx-small;\"> @quasarpilar<br \/>\n<\/span><span style=\"color: #ff0000; font-size: xx-small;\"> Gr<\/span><span style=\"color: #ff0000; font-size: xx-small;\">upo y p\u00e1gina en Facebook: <\/span> <span style=\"color: #808080; font-size: xx-small;\">www.facebook.com\/<\/span><a href=\"mailto:mfipata@gmail.com\"><span style=\"font-size: xx-small;\">Quasar<\/span><\/a><span style=\"font-size: xx-small;\">Comunicacion<br \/>\n<\/span><span style=\"font-size: xx-small;\"> <span style=\"color: #ff0000;\">LinkedIn<\/span><b>:\u00a0 <\/b><\/span> <span style=\"font-size: xx-small;\"><b> <a href=\"http:\/\/www.linkedin.com\/in\/mfipata\"> http:\/\/www.linkedin.com\/in\/mfipata<\/a><\/b><\/span><span style=\"font-size: xx-small;\"><br \/>\n<\/span><span style=\"color: #ff0000; font-size: xx-small;\"> Web:<\/span><b><\/b> <a href=\"http:\/\/www.quasarcomunicacion.com.ar\/\"> <span style=\"font-size: xx-small;\">www.quasarcomunicacion.com.ar<\/span><\/a><span style=\"font-size: xx-small;\"><br \/>\n<\/span><span style=\"font-size: xx-small;\"> <span style=\"color: #ff0000;\">Mail<\/span><b>:<\/b><\/span><span style=\"font-size: xx-small;\"><a href=\"mailto:fernanda@quasarcomunicacion.com.ar\"> fernanda@quasarcomunicacion.com.ar<\/a><\/span><\/p>\n<\/td>\n<\/tr>\n<\/tbody>\n<\/table>\n<\/div>\n<p align=\"right\">\n<hr \/>\n<p align=\"left\">\n<p align=\"left\"><b><span style=\"color: #ff0000; font-family: Verdana; font-size: small;\">Acerca del Polo Educativo Pilar<\/span><\/b><\/p>\n<p align=\"left\">El\u00a0<b>Polo Educativo Pilar\u00a0<\/b>es una asociaci\u00f3n civil sin fines de lucro que fue fundada en el a\u00f1o 2002, que re\u00fane a instituciones educativas del Partido de Pilar y tiene como objetivo principal el promover y desarrollar la educaci\u00f3n, p\u00fablica y privada, en todo el distrito.<\/p>\n<p>La asociaci\u00f3n nace a partir de 1999 cuando los directivos de los j\u00f3venes colegios privados de Pilar, junto con los que llevaban m\u00e1s a\u00f1os en la ciudad, comienzan a reunirse para considerar sus problem\u00e1ticas comunes. Este hecho, in\u00e9dito en la educaci\u00f3n privada en la Argentina, alcanza un alto grado de sinergia cuando los Colegios deciden trazar un plan para convertir al Partido de Pilar en una localidad que sea conocida por su alto nivel educativo, tanto en las instituciones privadas como en las p\u00fablicas. Con esa idea, un grupo original de 14 Colegios de distintos niveles, funda el\u00a0<b>Polo Educativo Pilar<\/b>.<\/p>\n<p>Cabe destacar que entidad obtuvo su personer\u00eda jur\u00eddica en diciembre de 2004 bajo el Nro. 7000\/04 expedido por la Inspecci\u00f3n de Persona jur\u00eddica de la Provincia de Buenos Aires. En el a\u00f1o 2003 es declarada entidad de Bien P\u00fablico por el Municipio de Pilar por Decreto Municipal Nro. 6679\/2003.<\/p>\n","protected":false},"excerpt":{"rendered":"<p>\u00a0Con una amplia convocatoria, el Polo Educativo Pilar llev\u00f3 a cabo la Conferencia \u201cAutoregulaci\u00f3n Emocional\u201d en el Godspell College a [&hellip;]<\/p>\n","protected":false},"author":2,"featured_media":8444,"comment_status":"open","ping_status":"open","sticky":false,"template":"","format":"standard","meta":[],"categories":[2],"tags":[],"_links":{"self":[{"href":"https:\/\/quasarcomunicacion.com.ar\/web\/wp-json\/wp\/v2\/posts\/8462"}],"collection":[{"href":"https:\/\/quasarcomunicacion.com.ar\/web\/wp-json\/wp\/v2\/posts"}],"about":[{"href":"https:\/\/quasarcomunicacion.com.ar\/web\/wp-json\/wp\/v2\/types\/post"}],"author":[{"embeddable":true,"href":"https:\/\/quasarcomunicacion.com.ar\/web\/wp-json\/wp\/v2\/users\/2"}],"replies":[{"embeddable":true,"href":"https:\/\/quasarcomunicacion.com.ar\/web\/wp-json\/wp\/v2\/comments?post=8462"}],"version-history":[{"count":0,"href":"https:\/\/quasarcomunicacion.com.ar\/web\/wp-json\/wp\/v2\/posts\/8462\/revisions"}],"wp:featuredmedia":[{"embeddable":true,"href":"https:\/\/quasarcomunicacion.com.ar\/web\/wp-json\/wp\/v2\/media\/8444"}],"wp:attachment":[{"href":"https:\/\/quasarcomunicacion.com.ar\/web\/wp-json\/wp\/v2\/media?parent=8462"}],"wp:term":[{"taxonomy":"category","embeddable":true,"href":"https:\/\/quasarcomunicacion.com.ar\/web\/wp-json\/wp\/v2\/categories?post=8462"},{"taxonomy":"post_tag","embeddable":true,"href":"https:\/\/quasarcomunicacion.com.ar\/web\/wp-json\/wp\/v2\/tags?post=8462"}],"curies":[{"name":"wp","href":"https:\/\/api.w.org\/{rel}","templated":true}]}}