{"id":8439,"date":"2018-07-03T15:52:02","date_gmt":"2018-07-03T18:52:02","guid":{"rendered":"https:\/\/quasarcomunicacion.com.ar\/web\/?p=8439"},"modified":"2018-07-03T15:52:02","modified_gmt":"2018-07-03T18:52:02","slug":"nuevo-encuentro-coral-organizado-por-el-polo-educativo-pilar","status":"publish","type":"post","link":"https:\/\/quasarcomunicacion.com.ar\/web\/nuevo-encuentro-coral-organizado-por-el-polo-educativo-pilar\/","title":{"rendered":"Nuevo encuentro coral organizado por el Polo Educativo Pilar"},"content":{"rendered":"<p style=\"text-align: left;\" align=\"center\">\u00a0Se realiz\u00f3 un nuevo <span style=\"font-family: Verdana; font-size: small;\"> <b>Encuentro Coral<\/b> organizado por el <b>Polo Educativo Pilar<\/b> en el Auditorio de la Universidad del Salvador. Por octavo a\u00f1o consecutivo la entidad lleva adelante esta actividad cultural.<!--more--><\/span><\/p>\n<p><a href=\"https:\/\/quasarcomunicacion.com.ar\/web\/wp-content\/uploads\/2018\/07\/coros.gif\"><img class=\"aligncenter\" alt=\"coros\" src=\"https:\/\/quasarcomunicacion.com.ar\/web\/wp-content\/uploads\/2018\/07\/coros.gif\" \/><\/a><\/p>\n<p align=\"left\"><span style=\"font-family: Verdana; font-size: small;\">Esta vez se dieron cita alumnos de 3 colegios acompa\u00f1ados por sus directores de coro y familiares con un auditorio colmado, como sucede siempre en esta actividad. M\u00e1s de 200 alumnos pasaron por el escenario del Auditorio para demostrar sus capacidades art\u00edsticas y de trabajo en equipo. Como ya es costumbre el presentador fue el Prof. Javier Escobar.<\/span><\/p>\n<p align=\"left\"><span style=\"font-family: Verdana; font-size: small;\">El nivel art\u00edstico de los alumnos y la preparaci\u00f3n que cada uno tuvo con sus directores despert\u00f3 enorme entusiasmo en el p\u00fablico que con inocultable emoci\u00f3n y alegr\u00eda festejaron cada interpretaci\u00f3n. Tambi\u00e9n los ni\u00f1os y j\u00f3venes participantes, y sus directores de coro, disfrutaron como todos los presentes cre\u00e1ndose un clima de alta emotividad y alegr\u00eda contagiosa en todo el auditorio durante el transcurso de la actividad.\u00a0 <\/span><\/p>\n<p align=\"left\"><span style=\"font-family: Verdana; font-size: small;\">En este encuentro los alumnos interpretaron los siguientes temas:<\/span><\/p>\n<p align=\"left\"><b> <span style=\"font-family: Verdana; font-size: small;\">Colegio Norbridge\u2013Director: Prof. Gustavo P\u00e9rez <\/span><\/b><\/p>\n<p align=\"left\"><span style=\"font-family: Verdana; font-size: small;\">\u201cLa Bikina\u201d (Rub\u00e9n Fuentes)<br \/>\n\u201cSi yo fuera rico\u201d -del musical \u201cEl violinista en el tejado\u201d- (SholemAleijem y Joseph Stein)<br \/>\n\u201cCan\u2019t take my eyes off you\u201d (Gloria Gaynor)<\/p>\n<p><b>Bede\u2019s Grammar School &#8211; Directora: Prof. Clara Luther<\/b><\/span><\/p>\n<p align=\"left\"><span style=\"font-family: Verdana; font-size: small;\">\u201cToco y me voy\u201d (BersuitVegarabat)<br \/>\n\u201cImagine\u201d (John Lennon)<br \/>\n\u201cYou will be Found\u201d (BenjPasek\/Justin Paul) <\/span><\/p>\n<p align=\"left\">\n<p align=\"left\"><span style=\"font-family: Verdana; font-size: small;\"><b>Northern International School &#8211; Director: Prof. Gustavo P\u00e9rez<\/b><\/span><\/p>\n<p align=\"left\"><span style=\"font-family: Verdana; font-size: small;\">\u201cDerechos, derechos\u201d (Hugo Mid\u00f3n)<br \/>\n\u201cIn ogni parte del mio coraz\u00f3n\u201d (del film \u201cCoco\u201d)<br \/>\n\u201cCanci\u00f3n de Mayo\u201d (Castro y P\u00e9rez)<\/span><\/p>\n<p align=\"left\"><span style=\"font-family: Verdana; font-size: small;\">El pr\u00f3ximo encuentro ser\u00e1 el 16 de agosto en el mismo lugar con la participaci\u00f3n confirmada de 6 coros. <\/span><\/p>\n<p align=\"center\"><span style=\"font-size: small;\"><b><i><span style=\"font-family: Arial;\">Por otras im\u00e1genes, audios o entrevistas no dude en contactarse entrevistas no dude en contactarse<\/span><\/i><\/b><\/span><\/p>\n<div align=\"left\">\n<table width=\"100%\" border=\"1\" cellpadding=\"2\" align=\"left\">\n<tbody>\n<tr>\n<td align=\"center\" width=\"50%\">\n<p align=\"left\"><span style=\"font-size: medium;\"><strong><span style=\"color: #808080; font-family: Arial; font-size: small;\"> Mariela Porrini &#8211; Asistente de Cuentas<\/p>\n<p><\/span> <\/strong><\/span> <span style=\"font-size: xx-small;\"><span style=\"color: #ff0000;\"> Directo<\/span><b>: <\/b> 0230<\/span><span style=\"font-size: xx-small;\">-4664772<br \/>\n<\/span><span style=\"color: #ff0000; font-size: xx-small;\"> Skype:<\/span><span style=\"font-size: xx-small;\"> quasarcomunicacion<br \/>\n<\/span><span style=\"color: #ff0000; font-size: xx-small;\"> Twitter:<\/span><span style=\"font-size: xx-small;\"> @quasarpilar<br \/>\n<\/span><span style=\"color: #ff0000; font-size: xx-small;\"> Gr<\/span><span style=\"color: #ff0000; font-size: xx-small;\">upo y p\u00e1gina en Facebook: <\/span> <span style=\"color: #808080; font-size: xx-small;\">www.facebook.com\/<\/span><a href=\"mailto:mfipata@gmail.com\"><span style=\"font-size: xx-small;\">Quasar<\/span><\/a><span style=\"font-size: xx-small;\">Comunicacion<br \/>\n<\/span><span style=\"color: #ff0000; font-size: xx-small;\"> Web:<\/span><b><\/b> <a href=\"http:\/\/www.quasarcomunicacion.com.ar\/\"> <span style=\"font-size: xx-small;\">www.quasarcomunicacion.com.ar<\/span><\/a><\/p>\n<p align=\"left\"><span style=\"font-size: xx-small;\"> <span style=\"color: #ff0000;\">Mail<\/span><b>:<\/b><\/span><span style=\"font-size: xx-small;\"> <a href=\"mailto:fernanda@quasarcomunicacion.com.ar\"> quasar<\/a><a href=\"mailto:fernanda@quasarcomunicacion.com.ar\">@quasarcomunicacion.com.ar<\/a><\/span><\/p>\n<\/td>\n<td align=\"center\" width=\"50%\">\n<p align=\"right\"><span style=\"font-size: medium;\"><strong> <span style=\"color: #808080; font-family: Arial; font-size: small;\"> Lic. Mar\u00eda Fernanda Ipata &#8211; Directora<br \/>\n<\/span> <\/strong><\/span> <span style=\"font-size: xx-small;\"><span style=\"color: #ff0000;\"><br \/>\nDirecto<\/span><b>: <\/b> 0230<\/span><span style=\"font-size: xx-small;\">-4664772<\/span><span style=\"font-size: xx-small;\"><br \/>\n<\/span><span style=\"font-size: xx-small;\"> <span style=\"color: #ff0000;\">M\u00f3vil:<\/span><b> <\/b> 0230<\/span><span style=\"font-size: xx-small;\">-15-4584535<br \/>\n<\/span><span style=\"color: #ff0000; font-size: xx-small;\"> Skype:<\/span><span style=\"font-size: xx-small;\"> quasarcomunicacion<br \/>\n<\/span><span style=\"color: #ff0000; font-size: xx-small;\"> Twitter:<\/span><span style=\"font-size: xx-small;\"> @quasarpilar<br \/>\n<\/span><span style=\"color: #ff0000; font-size: xx-small;\"> Gr<\/span><span style=\"color: #ff0000; font-size: xx-small;\">upo y p\u00e1gina en Facebook: <\/span> <span style=\"color: #808080; font-size: xx-small;\">www.facebook.com\/<\/span><a href=\"mailto:mfipata@gmail.com\"><span style=\"font-size: xx-small;\">Quasar<\/span><\/a><span style=\"font-size: xx-small;\">Comunicacion<br \/>\n<\/span><span style=\"font-size: xx-small;\"> <span style=\"color: #ff0000;\">LinkedIn<\/span><b>:\u00a0 <\/b><\/span> <span style=\"font-size: xx-small;\"><b> <a href=\"http:\/\/www.linkedin.com\/in\/mfipata\"> http:\/\/www.linkedin.com\/in\/mfipata<\/a><\/b><\/span><span style=\"font-size: xx-small;\"><br \/>\n<\/span><span style=\"color: #ff0000; font-size: xx-small;\"> Web:<\/span><b><\/b> <a href=\"http:\/\/www.quasarcomunicacion.com.ar\/\"> <span style=\"font-size: xx-small;\">www.quasarcomunicacion.com.ar<\/span><\/a><span style=\"font-size: xx-small;\"><br \/>\n<\/span><span style=\"font-size: xx-small;\"> <span style=\"color: #ff0000;\">Mail<\/span><b>:<\/b><\/span><span style=\"font-size: xx-small;\"><a href=\"mailto:fernanda@quasarcomunicacion.com.ar\"> fernanda@quasarcomunicacion.com.ar<\/a><\/span><\/p>\n<\/td>\n<\/tr>\n<\/tbody>\n<\/table>\n<\/div>\n<p align=\"right\">\n<p align=\"left\">\n<p align=\"left\"><b> <span style=\"color: #ff0000; font-family: Verdana; font-size: small;\">Acerca del Polo Educativo Pilar<\/span><\/b><\/p>\n<p align=\"left\">El\u00a0<b>Polo Educativo Pilar\u00a0<\/b>es una asociaci\u00f3n civil sin fines de lucro que fue fundada en el a\u00f1o 2002, que re\u00fane a instituciones educativas del Partido de Pilar y tiene como objetivo principal el promover y desarrollar la educaci\u00f3n, p\u00fablica y privada, en todo el distrito.<\/p>\n<p>La asociaci\u00f3n nace a partir de 1999 cuando los directivos de los j\u00f3venes colegios privados de Pilar, junto con los que llevaban m\u00e1s a\u00f1os en la ciudad, comienzan a reunirse para considerar sus problem\u00e1ticas comunes. Este hecho, in\u00e9dito en la educaci\u00f3n privada en la Argentina, alcanza un alto grado de sinergia cuando los Colegios deciden trazar un plan para convertir al Partido de Pilar en una localidad que sea conocida por su alto nivel educativo, tanto en las instituciones privadas como en las p\u00fablicas. Con esa idea, un grupo original de 14 Colegios de distintos niveles, funda el\u00a0<b>Polo Educativo Pilar<\/b>.<\/p>\n<p>Cabe destacar que entidad obtuvo su personer\u00eda jur\u00eddica en diciembre de 2004 bajo el Nro. 7000\/04 expedido por la Inspecci\u00f3n de Persona jur\u00eddica de la Provincia de Buenos Aires. En el a\u00f1o 2003 es declarada entidad de Bien P\u00fablico por el Municipio de Pilar por Decreto Municipal Nro. 6679\/2003.<\/p>\n","protected":false},"excerpt":{"rendered":"<p>\u00a0Se realiz\u00f3 un nuevo Encuentro Coral organizado por el Polo Educativo Pilar en el Auditorio de la Universidad del Salvador. [&hellip;]<\/p>\n","protected":false},"author":2,"featured_media":0,"comment_status":"open","ping_status":"open","sticky":false,"template":"","format":"standard","meta":[],"categories":[2],"tags":[],"_links":{"self":[{"href":"https:\/\/quasarcomunicacion.com.ar\/web\/wp-json\/wp\/v2\/posts\/8439"}],"collection":[{"href":"https:\/\/quasarcomunicacion.com.ar\/web\/wp-json\/wp\/v2\/posts"}],"about":[{"href":"https:\/\/quasarcomunicacion.com.ar\/web\/wp-json\/wp\/v2\/types\/post"}],"author":[{"embeddable":true,"href":"https:\/\/quasarcomunicacion.com.ar\/web\/wp-json\/wp\/v2\/users\/2"}],"replies":[{"embeddable":true,"href":"https:\/\/quasarcomunicacion.com.ar\/web\/wp-json\/wp\/v2\/comments?post=8439"}],"version-history":[{"count":0,"href":"https:\/\/quasarcomunicacion.com.ar\/web\/wp-json\/wp\/v2\/posts\/8439\/revisions"}],"wp:attachment":[{"href":"https:\/\/quasarcomunicacion.com.ar\/web\/wp-json\/wp\/v2\/media?parent=8439"}],"wp:term":[{"taxonomy":"category","embeddable":true,"href":"https:\/\/quasarcomunicacion.com.ar\/web\/wp-json\/wp\/v2\/categories?post=8439"},{"taxonomy":"post_tag","embeddable":true,"href":"https:\/\/quasarcomunicacion.com.ar\/web\/wp-json\/wp\/v2\/tags?post=8439"}],"curies":[{"name":"wp","href":"https:\/\/api.w.org\/{rel}","templated":true}]}}