{"id":841,"date":"2012-09-26T17:31:54","date_gmt":"2012-09-26T17:31:54","guid":{"rendered":"http:\/\/quasarcomunicacion.wordpress.com\/?p=841"},"modified":"2012-09-26T17:31:54","modified_gmt":"2012-09-26T17:31:54","slug":"pilar-point-se-suma-a-la-campana-un-trato-por-el-buen-trato","status":"publish","type":"post","link":"https:\/\/quasarcomunicacion.com.ar\/web\/pilar-point-se-suma-a-la-campana-un-trato-por-el-buen-trato\/","title":{"rendered":"Pilar Point se suma a la campa\u00f1a &quot;Un trato por el Buen Trato&quot;"},"content":{"rendered":"<p style=\"text-align:left;\" align=\"center\">\u00a0<span style=\"font-family:Verdana;font-size:small;\">Durante el mes de octubre en el Partido de Pilar, y en todo el pa\u00eds, se realizar\u00e1 la campa\u00f1a <strong>\u201cUn Trato por el Buen Trato\u201d<\/strong>, contra el maltrato a ni\u00f1os, ni\u00f1as, adolescentes y j\u00f3venes. <strong>Pilar Point<\/strong>, el shopping del centro, se suma a la iniciativa prestando sus instalaciones para la gran apertura de la propuesta, el s\u00e1bado 6 de octubre de 19 a 24 hs.<!--more-->\u00a0<\/span><\/p>\n<p align=\"center\"><img loading=\"lazy\" src=\"http:\/\/www.quasarcomunicacion.com.ar\/pilarpoint\/2012\/buentrato.gif\" alt=\"\" width=\"500\" height=\"453\" border=\"0\" \/><\/p>\n<p><span style=\"font-family:Verdana;font-size:small;\">Ese d\u00eda, con entrada libre y gratuita, habr\u00e1 m\u00fasica en vivo, circo, poes\u00edas, teatro, expresi\u00f3n corporal, intervenciones art\u00edsticas, murgas y vacunaci\u00f3n. <\/span><br \/>\n<span style=\"font-family:Verdana;font-size:small;\">El s\u00e1bado 20 de octubre continuar\u00e1 la propuesta en el Club Uni\u00f3n de Del Viso (French y Chiclana), de 17 a 22 hs, donde se combinar\u00e1 la cultura con el deporte. <\/span><br \/>\n<span style=\"font-family:Verdana;font-size:small;\">El s\u00e1bado 27 de octubre las actividades se trasladar\u00e1n a Presidente Derqui con el Festival + CULTURA + EXPRESION al aire libre, que se realizar\u00e1 en la Estaci\u00f3n Derqui y en Estaci\u00f3n Toro de 15 a 23 hs para finalizar el s\u00e1bado 3 de noviembre cuando la campa\u00f1a se traslade a la localidad de Sol y Verde de Jos\u00e9 C. Paz. <\/span><br \/>\n<span style=\"font-family:Verdana;font-size:small;\">Buen Trato Pilar 2012 cuenta con la participaci\u00f3n y adhesi\u00f3n de organizaciones, grupos vecinales, medios de comunicaci\u00f3n y empresas; es convocado por Fundaci\u00f3n CREAS y Cultura al Hombro junto al Shopping Pilar Point<\/span><br \/>\n<span style=\"font-size:small;\"> Segu\u00ed a <strong>Pilar Point<\/strong> en <a href=\"http:\/\/www.facebook.com\/pilarpoint\"> www.facebook.com\/pilarpoint<\/a> <\/span><\/p>\n","protected":false},"excerpt":{"rendered":"<p>\u00a0Durante el mes de octubre en el Partido de Pilar, y en todo el pa\u00eds, se realizar\u00e1 la campa\u00f1a \u201cUn [&hellip;]<\/p>\n","protected":false},"author":2,"featured_media":0,"comment_status":"open","ping_status":"open","sticky":false,"template":"","format":"standard","meta":[],"categories":[2],"tags":[],"_links":{"self":[{"href":"https:\/\/quasarcomunicacion.com.ar\/web\/wp-json\/wp\/v2\/posts\/841"}],"collection":[{"href":"https:\/\/quasarcomunicacion.com.ar\/web\/wp-json\/wp\/v2\/posts"}],"about":[{"href":"https:\/\/quasarcomunicacion.com.ar\/web\/wp-json\/wp\/v2\/types\/post"}],"author":[{"embeddable":true,"href":"https:\/\/quasarcomunicacion.com.ar\/web\/wp-json\/wp\/v2\/users\/2"}],"replies":[{"embeddable":true,"href":"https:\/\/quasarcomunicacion.com.ar\/web\/wp-json\/wp\/v2\/comments?post=841"}],"version-history":[{"count":0,"href":"https:\/\/quasarcomunicacion.com.ar\/web\/wp-json\/wp\/v2\/posts\/841\/revisions"}],"wp:attachment":[{"href":"https:\/\/quasarcomunicacion.com.ar\/web\/wp-json\/wp\/v2\/media?parent=841"}],"wp:term":[{"taxonomy":"category","embeddable":true,"href":"https:\/\/quasarcomunicacion.com.ar\/web\/wp-json\/wp\/v2\/categories?post=841"},{"taxonomy":"post_tag","embeddable":true,"href":"https:\/\/quasarcomunicacion.com.ar\/web\/wp-json\/wp\/v2\/tags?post=841"}],"curies":[{"name":"wp","href":"https:\/\/api.w.org\/{rel}","templated":true}]}}