{"id":838,"date":"2012-09-26T17:30:45","date_gmt":"2012-09-26T17:30:45","guid":{"rendered":"http:\/\/quasarcomunicacion.wordpress.com\/?p=838"},"modified":"2012-09-26T17:30:45","modified_gmt":"2012-09-26T17:30:45","slug":"iniciacion-en-la-observacion-de-aves-en-la-reserva-natural-del-pilar","status":"publish","type":"post","link":"https:\/\/quasarcomunicacion.com.ar\/web\/iniciacion-en-la-observacion-de-aves-en-la-reserva-natural-del-pilar\/","title":{"rendered":"Iniciaci\u00f3n en la Observaci\u00f3n de Aves en la Reserva Natural del Pilar"},"content":{"rendered":"<p style=\"text-align:left;\" align=\"center\"><span style=\"font-family:Verdana;font-size:small;\">El pr\u00f3ximo viernes 28 de setiembre <\/span><strong>El Club Observadores de Aves de Pilar i<\/strong><span style=\"font-family:Verdana;font-size:small;\">nvita a toda la comunidad a una charla de <\/span><strong> INICIACION EN LA OBSERVACI\u00d3N DE AVES<\/strong><span style=\"font-family:Verdana;font-size:small;\"> a realizarse en el primer piso de Pilar Point (Estanislao L\u00f3pez esquina Ituzaing\u00f3) a las 18 hs. Al d\u00eda siguiente, el s\u00e1bado 29 a las 9 hs se proceder\u00e1 en la <\/span><strong>Reserva Natural del Pilar<\/strong><span style=\"font-family:Verdana;font-size:small;\"> a la parte te\u00f3rica de la charla.<!--more--><\/span><\/p>\n<p style=\"text-align:center;\" align=\"center\"><a href=\"http:\/\/quasarcomunicacion.files.wordpress.com\/2012\/09\/coaprimavera.gif\"><img loading=\"lazy\" class=\"size-full wp-image-839 aligncenter\" title=\"coaprimavera\" src=\"http:\/\/quasarcomunicacion.files.wordpress.com\/2012\/09\/coaprimavera.gif\" alt=\"\" width=\"541\" height=\"722\" \/><\/a><\/p>\n<p><span style=\"font-family:Verdana;font-size:small;\">La iniciativa se da como eco de una propuesta de Aves Argentinas para promover grupos locales que contribuyan con la educaci\u00f3n ambiental, la gesti\u00f3n conservacionista y la observaci\u00f3n de aves de nuestro pa\u00eds, dos j\u00f3venes voluntarios de la Asociaci\u00f3n Patrimonio Natural, Sebasti\u00e1n Mu\u00f1oz y Marcos Cabrera, han logrado la formaci\u00f3n del <strong>Club Observadores de Aves del Partido del Pilar.<\/strong><\/span><br \/>\n<span style=\"font-family:Verdana;font-size:small;\">La charla se realizar\u00e1 en Pilar Point, en el primer piso, junto a la librer\u00eda, a las 18 hs del viernes y esl s\u00e1bado 29 de setiembre a 9 hs, en la Reserva Natural del Pilar, se realizar\u00e1 una Jornada de Observaci\u00f3n para aplicar lo trabajado el d\u00eda viernes.<\/span><br \/>\n&nbsp;<br \/>\n<span style=\"font-family:Verdana;font-size:small;\">La actividad es libre y gratuita. No hay requerimiento de edad para la realizaci\u00f3n de las salidas.<\/span><br \/>\n<span style=\"font-family:Verdana;font-size:small;\">M\u00e1s informaci\u00f3n escribiendo a <a href=\"mailto:info@patrimonionatural.org.ar\">info@patrimonionatural.org.ar<\/a>\u00a0 o a<br \/>\n<a href=\"mailto:coadelpilar@patrimonionatural.org.ar\"> coadelpilar@patrimonionatural.org.ar<\/a> <\/span><br \/>\n<span style=\"font-family:Verdana;font-size:small;\">La <strong>Reserva Natural del Pilar <\/strong>se encuentra a menos de 2 km del casco urbano de la ciudad del Pilar y de la Panamericana (Ramal Pilar). Su acceso es muy f\u00e1cil ya que hay asfalto hasta el ingreso a la misma y el colectivo 501 llega hasta all\u00ed, indica a Ex F\u00e1brica Militar y parte del centro de Pilar. La Reserva se encuentra en la calle Argerich sin n\u00famero, detr\u00e1s de la ex F\u00e1brica Militar, por ruta 25 camino a Escobar.<\/span><br \/>\n<span style=\"font-family:Verdana;font-size:small;\">Los Clubes de Observadores de Aves est\u00e1n pensados como grupos de aficionados a la observaci\u00f3n de aves, independientes, voluntarios, organizados bajo normas propias, sin fines de lucro, con esp\u00edritu democr\u00e1tico y participativo, integrados por movilizadores de la tem\u00e1tica ambiental en la ciudad donde habitan. Puede participar toda persona que disfrute del contacto con la Naturaleza, sin necesidad de ninguna instrucci\u00f3n en el tema.<\/span><br \/>\n<span style=\"font-family:Verdana;font-size:small;\">De esta forma, desde las 9 hs en la Reserva Natural del Pilar se realizar\u00e1n salidas de Observaci\u00f3n a cargo de naturalistas del Club.<\/span><br \/>\n<span style=\"font-family:Verdana;font-size:small;\">Los Clubes de Observadores de Aves se conforman para:<\/span><br \/>\n<span style=\"font-family:Verdana;font-size:small;\">\u2022 Impulsar la observaci\u00f3n de aves en su \u00e1rea de acci\u00f3n;<br \/>\n\u2022 Motivar a las comunidades locales a entrar en contacto con la naturaleza;<br \/>\n\u2022 Desarrollar acciones de educaci\u00f3n orientadas a conservar las aves<br \/>\nsilvestres y sus ambientes;<br \/>\n\u2022 Generar en las autoridades locales inter\u00e9s por la preservaci\u00f3n de los<br \/>\nambientes donde viven las aves;<br \/>\n\u2022 Difundir la necesidad de conservar las \u00c1reas Importantes para la<br \/>\nConservaci\u00f3n de las Aves en su provincia o zona de acci\u00f3n;<br \/>\n\u2022 Desalentar el comercio ilegal de aves silvestres;<br \/>\n\u2022 Promover la creaci\u00f3n de reservas naturales;<br \/>\n\u2022 Promocionar en medios de prensa locales el valor social, ambiental,<br \/>\ncultural y educativo que tienen las aves silvestres;<br \/>\n\u2022 Promocionar la actividad de Aves Argentinas y sumar adeptos al<br \/>\nmovimiento de conservaci\u00f3n de aves.<br \/>\nTodos los meses el Club organizara dos salidas, una en d\u00eda s\u00e1bado y otra en domingo con el fin de acercar esta actividad a la comunidad<\/span><\/p>\n","protected":false},"excerpt":{"rendered":"<p>El pr\u00f3ximo viernes 28 de setiembre El Club Observadores de Aves de Pilar invita a toda la comunidad a una [&hellip;]<\/p>\n","protected":false},"author":2,"featured_media":0,"comment_status":"open","ping_status":"open","sticky":false,"template":"","format":"standard","meta":[],"categories":[2],"tags":[],"_links":{"self":[{"href":"https:\/\/quasarcomunicacion.com.ar\/web\/wp-json\/wp\/v2\/posts\/838"}],"collection":[{"href":"https:\/\/quasarcomunicacion.com.ar\/web\/wp-json\/wp\/v2\/posts"}],"about":[{"href":"https:\/\/quasarcomunicacion.com.ar\/web\/wp-json\/wp\/v2\/types\/post"}],"author":[{"embeddable":true,"href":"https:\/\/quasarcomunicacion.com.ar\/web\/wp-json\/wp\/v2\/users\/2"}],"replies":[{"embeddable":true,"href":"https:\/\/quasarcomunicacion.com.ar\/web\/wp-json\/wp\/v2\/comments?post=838"}],"version-history":[{"count":0,"href":"https:\/\/quasarcomunicacion.com.ar\/web\/wp-json\/wp\/v2\/posts\/838\/revisions"}],"wp:attachment":[{"href":"https:\/\/quasarcomunicacion.com.ar\/web\/wp-json\/wp\/v2\/media?parent=838"}],"wp:term":[{"taxonomy":"category","embeddable":true,"href":"https:\/\/quasarcomunicacion.com.ar\/web\/wp-json\/wp\/v2\/categories?post=838"},{"taxonomy":"post_tag","embeddable":true,"href":"https:\/\/quasarcomunicacion.com.ar\/web\/wp-json\/wp\/v2\/tags?post=838"}],"curies":[{"name":"wp","href":"https:\/\/api.w.org\/{rel}","templated":true}]}}