{"id":8315,"date":"2018-04-30T16:48:37","date_gmt":"2018-04-30T19:48:37","guid":{"rendered":"https:\/\/quasarcomunicacion.com.ar\/web\/?p=8315"},"modified":"2018-04-30T16:48:37","modified_gmt":"2018-04-30T19:48:37","slug":"taller-practico-de-feng-shui-en-decomobi-pilar","status":"publish","type":"post","link":"https:\/\/quasarcomunicacion.com.ar\/web\/taller-practico-de-feng-shui-en-decomobi-pilar\/","title":{"rendered":"Taller Pr\u00e1ctico de Feng Shui en Decomobi Pilar"},"content":{"rendered":"<p style=\"text-align: left;\" align=\"center\"><span style=\"font-family: Verdana; font-size: small;\">Durante la tarde del viernes 4 de mayo de 13:30 a 17:30 horas se llevar\u00e1 a cabo el <\/span><b style=\"font-family: Verdana; font-size: small;\">\u201cTaller Te\u00f3rico Pr\u00e1ctico de Feng Shui\u201d<\/b><span style=\"font-family: Verdana; font-size: small;\">, organizado por <\/span><b style=\"font-family: Verdana; font-size: small;\">Decomobi Escuela de Decoraci\u00f3n.<\/b><span style=\"font-family: Verdana; font-size: small;\"> El mismo tendr\u00e1 lugar en la sede Pilar Centro, ubicada en Mayor Victor Vergani 632 Dpto 3, Pilar, Provincia de Buenos Aires. El costo del taller es de $ 600 por persona.<!--more--><\/span><\/p>\n<p><a href=\"https:\/\/quasarcomunicacion.com.ar\/web\/wp-content\/uploads\/2018\/04\/fenshui.gif\"><img class=\"aligncenter\" alt=\"fenshui\" src=\"https:\/\/quasarcomunicacion.com.ar\/web\/wp-content\/uploads\/2018\/04\/fenshui.gif\" \/><\/a><\/p>\n<p><span style=\"font-family: Verdana; font-size: small;\">Para reserva de vacante: <a href=\"https:\/\/goo.gl\/forms\/lpek5uUuUL1sztSa2\"> https:\/\/goo.gl\/forms\/lpek5uUuUL1sztSa2<\/a> o escribiendo a <a href=\"mailto:decomobisucursalpilar@gmail.com\"> decomobisucursalpilar@gmail.com<\/a> o v\u00eda Whatsapp al 011 15 5704 5288. Seguilos en facebook e Instagram como Decomobi Pilar Escobar Campana <\/span><\/p>\n<p><span style=\"font-family: Verdana; font-size: small;\">El taller estar\u00e1 a cargo de Astrid Palacios, Decoradora y Dise\u00f1adora de espacios, Analista en Feng Shui de la Br\u00fajula y Reprogramadora del H\u00e1bitat. Durante las 4 horas se hablar\u00e1 de la armonizaci\u00f3n del hogar, los aromas y la armon\u00eda, la limpieza energ\u00e9tica, el rinc\u00f3n personal y las piedras y la armonizaci\u00f3n.<\/span><\/p>\n<p><span style=\"font-family: Verdana; font-size: small;\">El Feng Shui es un arte milenario seg\u00fan el cual la posici\u00f3n y orientaci\u00f3n de los espacios ilustra y determina en gran medida c\u00f3mo nos desenvolvemos en las distintas \u00e1reas de nuestra vida cotidiana. Comprende una serie de reglas b\u00e1sicas y mediciones para disponer objetos, construcciones y ambientes, tanto particulares como laborales o sociales en general, a fin de mejorar nuestro bienestar a partir de la armonizaci\u00f3n de los ambientes.<\/span><\/p>\n<p><span style=\"font-family: Verdana; font-size: small;\">\u201cEn este seminario, a trav\u00e9s del Feng Shui, vamos a compartir una serie de consejos para comenzar a armonizar el hogar. Buscar nuestro bienestar es una tarea cotidiana que tambi\u00e9n incumbe a ocuparnos de los espacios que habitamos\u201d, explica Palacios.<\/span><\/p>\n<p><span style=\"font-family: Verdana; font-size: small;\">Tener un hogar saludable es fundamental para que los miembros de la familia puedan desarrollar sus potenciales y convivir en armon\u00eda. Es polarizar nuestras energ\u00edas en favor de las oportunidades que nos permitan estar cada vez mejor. <\/span><\/p>\n<p><b><span style=\"font-family: Verdana; font-size: small;\">Datos de contacto:<\/span><\/b><\/p>\n<p><a href=\"http:\/\/www.decomobi.com.ar\/\"> <span style=\"font-family: Verdana; font-size: small;\">www.decomobi.com.ar<\/span><\/a><\/p>\n<p><span style=\"font-family: Verdana; font-size: small;\"> <a href=\"https:\/\/www.facebook.com\/decomobisucursalpilar\/\"> https:\/\/www.facebook.com\/decomobisucursalpilar\/<\/a> <\/span><\/p>\n<p><span style=\"font-family: Verdana; font-size: small;\"> <a href=\"https:\/\/www.instagram.com\/decomobipilarescobarcampana\/\"> https:\/\/www.instagram.com\/decomobipilarescobarcampana\/<\/a> <\/span><\/p>\n<p><span style=\"font-family: Verdana; font-size: small;\">Whatsapp al 011 15 5704 5288\u00a0 <\/span><\/p>\n<p><span style=\"font-family: Verdana; font-size: small;\"> <a href=\"mailto:decomobisucursalpilar@gmail.com\"> decomobisucursalpilar@gmail.com<\/a> <\/span><\/p>\n<p align=\"right\"><span style=\"font-size: small;\"><b><i><span style=\"font-family: Arial;\">Por otras im\u00e1genes, audios o entrevistas no dude en contactarse<\/span><\/i><\/b><\/span><\/p>\n<p align=\"center\"><span style=\"font-size: small;\"><b><i> Contactos de Prensa<\/i><\/b><\/span><\/p>\n<div align=\"left\">\n<table width=\"100%\" border=\"1\" cellpadding=\"2\" align=\"left\">\n<tbody>\n<tr>\n<td align=\"center\" width=\"50%\">\n<p align=\"left\"><strong> <span style=\"color: #ff0000; font-family: Arial; font-size: small;\">Mariela Porrini<\/span><\/strong><span style=\"font-size: medium;\"><strong><span style=\"color: #808080; font-family: Arial; font-size: small;\"> &#8211; Asistente de Cuentas<\/span><\/strong><\/span><\/p>\n<p><span style=\"font-size: xx-small;\"><span style=\"color: #ff0000;\"> Directo<\/span><b>: <\/b> 0230<\/span><span style=\"font-size: xx-small;\">-4664772<br \/>\n<\/span><span style=\"color: #ff0000; font-size: xx-small;\"> Skype:<\/span><span style=\"font-size: xx-small;\"> quasarcomunicacion<br \/>\n<\/span><span style=\"color: #ff0000; font-size: xx-small;\"> Twitter:<\/span><span style=\"font-size: xx-small;\"> @quasarpilar<br \/>\n<\/span><span style=\"color: #ff0000; font-size: xx-small;\"> Gr<\/span><span style=\"color: #ff0000; font-size: xx-small;\">upo y p\u00e1gina en Facebook: <\/span> <span style=\"color: #808080; font-size: xx-small;\">www.facebook.com\/<\/span><a href=\"mailto:mfipata@gmail.com\"><span style=\"font-size: xx-small;\">Quasar<\/span><\/a><span style=\"font-size: xx-small;\">Comunicacion<br \/>\n<\/span><span style=\"color: #ff0000; font-size: xx-small;\"> Web:<\/span><b><\/b> <a href=\"http:\/\/www.quasarcomunicacion.com.ar\/\"> <span style=\"font-size: xx-small;\">www.quasarcomunicacion.com.ar<\/span><\/a><\/p>\n<p align=\"left\"><span style=\"font-size: xx-small;\"> <span style=\"color: #ff0000;\">Mail<\/span><b>:<\/b><\/span><span style=\"font-size: xx-small;\"> <a href=\"mailto:fernanda@quasarcomunicacion.com.ar\"> quasar@quasarcomunicacion.com.ar<\/a><\/span><\/p>\n<\/td>\n<td align=\"center\" width=\"50%\">\n<p align=\"right\"><span style=\"font-size: medium;\"><strong> <span style=\"color: #808080; font-family: Arial; font-size: small;\"> Lic. Mar\u00eda Fernanda Ipata &#8211; Directora<br \/>\n<\/span> <\/strong><\/span> <span style=\"font-size: xx-small;\"><span style=\"color: #ff0000;\"><br \/>\nDirecto<\/span><b>: <\/b> 0230<\/span><span style=\"font-size: xx-small;\">-4664772<\/span><span style=\"font-size: xx-small;\"><br \/>\n<\/span><span style=\"font-size: xx-small;\"> <span style=\"color: #ff0000;\">M\u00f3vil:<\/span><b> <\/b> 0230<\/span><span style=\"font-size: xx-small;\">-15-4584535<br \/>\n<\/span><span style=\"color: #ff0000; font-size: xx-small;\"> Skype:<\/span><span style=\"font-size: xx-small;\"> quasarcomunicacion<br \/>\n<\/span><span style=\"color: #ff0000; font-size: xx-small;\"> Twitter:<\/span><span style=\"font-size: xx-small;\"> @quasarpilar<br \/>\n<\/span><span style=\"color: #ff0000; font-size: xx-small;\"> Gr<\/span><span style=\"color: #ff0000; font-size: xx-small;\">upo y p\u00e1gina en Facebook: <\/span> <span style=\"color: #808080; font-size: xx-small;\">www.facebook.com\/<\/span><a href=\"mailto:mfipata@gmail.com\"><span style=\"font-size: xx-small;\">Quasar<\/span><\/a><span style=\"font-size: xx-small;\">Comunicacion<br \/>\n<\/span><span style=\"font-size: xx-small;\"> <span style=\"color: #ff0000;\">LinkedIn<\/span><b>:\u00a0 <\/b><\/span> <span style=\"font-size: xx-small;\"><b> <a href=\"http:\/\/www.linkedin.com\/in\/mfipata\"> http:\/\/www.linkedin.com\/in\/mfipata<\/a><\/b><\/span><span style=\"font-size: xx-small;\"><br \/>\n<\/span><span style=\"color: #ff0000; font-size: xx-small;\"> Web:<\/span><b><\/b> <a href=\"http:\/\/www.quasarcomunicacion.com.ar\/\"> <span style=\"font-size: xx-small;\">www.quasarcomunicacion.com.ar<\/span><\/a><span style=\"font-size: xx-small;\"><br \/>\n<\/span><span style=\"font-size: xx-small;\"> <span style=\"color: #ff0000;\"> Mail<\/span><b>:<\/b><\/span><span style=\"font-size: xx-small;\"><a href=\"mailto:fernanda@quasarcomunicacion.com.ar\"> fernanda@quasarcomunicacion.com.ar<\/a><\/span><\/p>\n<\/td>\n<\/tr>\n<\/tbody>\n<\/table>\n<\/div>\n","protected":false},"excerpt":{"rendered":"<p>Durante la tarde del viernes 4 de mayo de 13:30 a 17:30 horas se llevar\u00e1 a cabo el \u201cTaller Te\u00f3rico [&hellip;]<\/p>\n","protected":false},"author":2,"featured_media":8312,"comment_status":"open","ping_status":"open","sticky":false,"template":"","format":"standard","meta":[],"categories":[2],"tags":[],"_links":{"self":[{"href":"https:\/\/quasarcomunicacion.com.ar\/web\/wp-json\/wp\/v2\/posts\/8315"}],"collection":[{"href":"https:\/\/quasarcomunicacion.com.ar\/web\/wp-json\/wp\/v2\/posts"}],"about":[{"href":"https:\/\/quasarcomunicacion.com.ar\/web\/wp-json\/wp\/v2\/types\/post"}],"author":[{"embeddable":true,"href":"https:\/\/quasarcomunicacion.com.ar\/web\/wp-json\/wp\/v2\/users\/2"}],"replies":[{"embeddable":true,"href":"https:\/\/quasarcomunicacion.com.ar\/web\/wp-json\/wp\/v2\/comments?post=8315"}],"version-history":[{"count":0,"href":"https:\/\/quasarcomunicacion.com.ar\/web\/wp-json\/wp\/v2\/posts\/8315\/revisions"}],"wp:featuredmedia":[{"embeddable":true,"href":"https:\/\/quasarcomunicacion.com.ar\/web\/wp-json\/wp\/v2\/media\/8312"}],"wp:attachment":[{"href":"https:\/\/quasarcomunicacion.com.ar\/web\/wp-json\/wp\/v2\/media?parent=8315"}],"wp:term":[{"taxonomy":"category","embeddable":true,"href":"https:\/\/quasarcomunicacion.com.ar\/web\/wp-json\/wp\/v2\/categories?post=8315"},{"taxonomy":"post_tag","embeddable":true,"href":"https:\/\/quasarcomunicacion.com.ar\/web\/wp-json\/wp\/v2\/tags?post=8315"}],"curies":[{"name":"wp","href":"https:\/\/api.w.org\/{rel}","templated":true}]}}