{"id":8279,"date":"2018-04-09T12:58:59","date_gmt":"2018-04-09T15:58:59","guid":{"rendered":"https:\/\/quasarcomunicacion.com.ar\/web\/?p=8279"},"modified":"2018-04-09T12:58:59","modified_gmt":"2018-04-09T15:58:59","slug":"convertite-en-coach-profesional","status":"publish","type":"post","link":"https:\/\/quasarcomunicacion.com.ar\/web\/convertite-en-coach-profesional\/","title":{"rendered":"Convertite en Coach Profesional"},"content":{"rendered":"<p style=\"text-align: left;\" align=\"center\"><span style=\"font-family: Verdana; font-size: small;\">\u00a0<\/span>La carrera de coaching ontol\u00f3gico de OMEN es un\u00a0 programa orientado tanto a personas que deseen ejercer como coaches como a aquellas personas interesadas en realizar cambios extraordinarios en su vida personal, carrera o negocio. <span style=\"font-family: Verdana; font-size: small;\"> El pr\u00f3ximo s\u00e1bado 28 de abril, en Villa del Parque, <b>Omen Coaching y Liderazgo<\/b> inicia la <b>Carrera de Coaching Ontol\u00f3gico <\/b>dirigida por\u00a0Mariel Mejuto, profesional con larga trayectoria en capacitaci\u00f3n y procesos de coaching en multinacionales en LATAM. Consultas al 11 3689 7940 o escribiendo a\u00a0<\/span><span style=\"font-family: Verdana; font-size: small;\"><a href=\"mailto:hola@mejutoconsultores.com.ar\">hola@mejutoconsultores.com.ar<\/a>. M\u00e1s info en <a href=\"http:\/\/www.mejutoconsultores.com.ar\/omencoaching\"> www.mejutoconsultores.com.ar\/omencoaching<!--more--><\/a><\/span><\/p>\n<p>Es un proceso \u00a0te\u00f3rico vivencial en el los alumnos descubrir\u00e1n y potenciar\u00e1n sus propios recursos internos y estar\u00e1n preparados para tener mayor efectividad en la carrera, negocio o profesi\u00f3n y en las relaciones personales. En el tercer cuatrimestre se realizar\u00e1n pr\u00e1cticas como coach que ser\u00e1n supervisadas y los alumnos presentar\u00e1n su proyecto laboral.<\/p>\n<p>\u00abEl coaching es una filosof\u00eda o estilo de vida y puedes aplicarlo \u00a0a todos los \u00e1mbitos y tambi\u00e9n ejercer como coach profesional ayudando a cada persona a encontrar su mejor versi\u00f3n ; a equipos y ejecutivos en empresas y organizaciones\u00bb, anticipa Mejuto, con amplia experiencia en el sector.<\/p>\n<p align=\"left\">\u00a0<a href=\"https:\/\/quasarcomunicacion.com.ar\/web\/wp-content\/uploads\/2018\/04\/omen.gif\"><img class=\"aligncenter\" alt=\"omen\" src=\"https:\/\/quasarcomunicacion.com.ar\/web\/wp-content\/uploads\/2018\/04\/omen.gif\" \/><\/a><\/p>\n<p align=\"left\">\u00a0<span style=\"font-family: Verdana; font-size: small;\">El coaching es un proceso de despertar y hacernos conscientes de nuestros recursos, de tomar las riendas de nuestras vidas y sorprendernos de lo que somos capaces de lograr. Una de las herramientas del coaching son las preguntas. Las preguntas poderosas son llaves que abren puertas. Los grandes cambios en la historia comenzaron con una pregunta desafiante.<\/span><\/p>\n<p><span style=\"font-family: Verdana; font-size: small;\">\u00abUnos d\u00edas despu\u00e9s de haber trabajado y cumplido un largo sue\u00f1o, encontr\u00e9 en la puerta de mi casa la pluma de un p\u00e1jaro. Los antiguos cre\u00edan que cuando ten\u00edas que tomar una decisi\u00f3n importante, tu t\u00f3tem o tu gu\u00eda te mandar\u00eda una se\u00f1al si esa decisi\u00f3n era la correcta. Tom\u00e9 la pluma como un Omen (presagio ) de que era el momento de fundar la <b>Escuela de Coaching y Liderazgo<\/b>\u00ab, relata Mariel Mejuto.\u00a0 <\/span><\/p>\n<p align=\"left\"><b><\/b><span style=\"font-family: Verdana; font-size: small;\"><b>Omen Coaching y Liderazgo<\/b> crea un ambiente distendido, ameno y contenido donde los alumnos podr\u00e1n aprender c\u00f3modamente y descubrir y desplegar su potencial. Tambi\u00e9n aprender\u00e1n a dise\u00f1ar y redise\u00f1ar sus metas y objetivos.<\/span><\/p>\n<p align=\"left\"><span style=\"font-family: Verdana; font-size: small;\">\u00abTe acompa\u00f1amos a construir y transitar ese puente que te lleva a tus sue\u00f1os y te preparamos para que luego puedas ayudar a otros\u00bb, completa Mejuto.<\/span><\/p>\n<p align=\"left\"><span style=\"font-family: Verdana; font-size: small;\">Durante la formaci\u00f3n se implementa un proceso de mentoring que permitir\u00e1 expandir las posibilidades, incorporar habilidades comunicativas, empoderar a los alumnos para que se conviertan en un coach profesional comprometido,\u00a0 potenciar su liderazgo<\/p>\n<p>La formaci\u00f3n est\u00e1 dirigida a toda persona que desee crecer personal y profesionalmente, tener v\u00ednculos de calidad, alcanzar las metas que se propone, definir qu\u00e9 quiere lograr y ejercer como coach. <\/span><\/p>\n<p align=\"left\"><span style=\"font-family: Verdana; font-size: small;\">Como requisitos de admisi\u00f3n se destacan ser mayor de 21 a\u00f1os, tener el secundario completo, pasar una entrevista de admisi\u00f3n. Y para certificar como coach al final del proceso se debe cumplir con un 80% de asistencia, realizaci\u00f3n de sesiones de coaching supervisadas, aprobar los trabajos pr\u00e1cticos y aprobar los ex\u00e1menes. <\/span><\/p>\n<p align=\"left\"><span style=\"font-family: Verdana; font-size: small;\">La formaci\u00f3n se cursa un s\u00e1bado por mes de 9.30 a 17.30hs (nueve s\u00e1bados el primer a\u00f1o). Inicia en Abril y finaliza el 1 de diciembre. Duraci\u00f3n: tres cuatrimestres (un a\u00f1o y medio).<\/span><\/p>\n<p align=\"left\"><span style=\"font-family: Verdana; font-size: small;\">Durante la cursada se armar\u00e1n minigrupos de estudio y seguimiento y un coach tutor acompa\u00f1ar\u00e1 a los alumnos en el proceso y proyecto final. Tambi\u00e9n habr\u00e1 pr\u00e1cticas intensivas de conversaciones de coaching y mentor\u00edas individuales y grupales<\/span><\/p>\n<p align=\"left\"><span style=\"font-family: Verdana; font-size: small;\">\u00a0<\/span><span style=\"font-size: small;\"><b><i><span style=\"font-family: Arial;\">Por otras im\u00e1genes, audios o entrevistas no dude en contactarse<\/span><\/i><\/b><\/span><\/p>\n<p align=\"center\"><span style=\"font-size: small;\"><b><i> Contactos de Prensa<\/i><\/b><\/span><\/p>\n<div align=\"left\">\n<table width=\"100%\" border=\"1\" cellpadding=\"2\" align=\"left\">\n<tbody>\n<tr>\n<td align=\"center\" width=\"50%\">\n<p align=\"left\"><span style=\"font-size: medium;\"><strong><span style=\"color: #808080; font-family: Arial; font-size: small;\"> Candela Villanueva &#8211; Asistente de Cuentas<\/p>\n<p><\/span> <\/strong><\/span> <span style=\"font-size: xx-small;\"><span style=\"color: #ff0000;\"> Directo<\/span><b>: <\/b> 0230<\/span><span style=\"font-size: xx-small;\">-4664772<br \/>\n<\/span><span style=\"color: #ff0000; font-size: xx-small;\"> Skype:<\/span><span style=\"font-size: xx-small;\"> quasarcomunicacion<br \/>\n<\/span><span style=\"color: #ff0000; font-size: xx-small;\"> Twitter:<\/span><span style=\"font-size: xx-small;\"> @quasarpilar<br \/>\n<\/span><span style=\"color: #ff0000; font-size: xx-small;\"> Gr<\/span><span style=\"color: #ff0000; font-size: xx-small;\">upo y p\u00e1gina en Facebook: <\/span> <span style=\"color: #808080; font-size: xx-small;\">www.facebook.com\/<\/span><a href=\"mailto:mfipata@gmail.com\"><span style=\"font-size: xx-small;\">Quasar<\/span><\/a><span style=\"font-size: xx-small;\">Comunicacion<br \/>\n<\/span><span style=\"color: #ff0000; font-size: xx-small;\"> Web:<\/span><b><\/b> <a href=\"http:\/\/www.quasarcomunicacion.com.ar\/\"> <span style=\"font-size: xx-small;\">www.quasarcomunicacion.com.ar<\/span><\/a><\/p>\n<p align=\"left\"><span style=\"font-size: xx-small;\"> <span style=\"color: #ff0000;\">Mail<\/span><b>:<\/b><\/span><span style=\"font-size: xx-small;\"> <a href=\"mailto:fernanda@quasarcomunicacion.com.ar\"> candela<\/a><a href=\"mailto:fernanda@quasarcomunicacion.com.ar\">@quasarcomunicacion.com.ar<\/a><\/span><\/p>\n<\/td>\n<td align=\"center\" width=\"50%\">\n<p align=\"right\"><span style=\"font-size: medium;\"><strong> <span style=\"color: #808080; font-family: Arial; font-size: small;\"> Lic. Mar\u00eda Fernanda Ipata &#8211; Directora<br \/>\n<\/span> <\/strong><\/span> <span style=\"font-size: xx-small;\"><span style=\"color: #ff0000;\"><br \/>\nDirecto<\/span><b>: <\/b> 0230<\/span><span style=\"font-size: xx-small;\">-4664772<\/span><span style=\"font-size: xx-small;\"><br \/>\n<\/span><span style=\"font-size: xx-small;\"> <span style=\"color: #ff0000;\">M\u00f3vil:<\/span><b> <\/b> 0230<\/span><span style=\"font-size: xx-small;\">-15-4584535<br \/>\n<\/span><span style=\"color: #ff0000; font-size: xx-small;\"> Skype:<\/span><span style=\"font-size: xx-small;\"> quasarcomunicacion<br \/>\n<\/span><span style=\"color: #ff0000; font-size: xx-small;\"> Twitter:<\/span><span style=\"font-size: xx-small;\"> @quasarpilar<br \/>\n<\/span><span style=\"color: #ff0000; font-size: xx-small;\"> Gr<\/span><span style=\"color: #ff0000; font-size: xx-small;\">upo y p\u00e1gina en Facebook: <\/span> <span style=\"color: #808080; font-size: xx-small;\">www.facebook.com\/<\/span><a href=\"mailto:mfipata@gmail.com\"><span style=\"font-size: xx-small;\">Quasar<\/span><\/a><span style=\"font-size: xx-small;\">Comunicacion<br \/>\n<\/span><span style=\"font-size: xx-small;\"> <span style=\"color: #ff0000;\">LinkedIn<\/span><b>:\u00a0 <\/b><\/span> <span style=\"font-size: xx-small;\"><b> <a href=\"http:\/\/www.linkedin.com\/in\/mfipata\"> http:\/\/www.linkedin.com\/in\/mfipata<\/a><\/b><\/span><br \/>\n<a href=\"https:\/\/www.linkedin.com\/company\/2267649\/\"> <span style=\"font-size: small;\">https:\/\/www.linkedin.com\/company\/2267649\/<\/span><\/a> <span style=\"font-size: xx-small;\"><br \/>\n<\/span><span style=\"color: #ff0000; font-size: xx-small;\"> Web:<\/span><b><\/b> <a href=\"http:\/\/www.quasarcomunicacion.com.ar\/\"> <span style=\"font-size: xx-small;\">www.quasarcomunicacion.com.ar<\/span><\/a><span style=\"font-size: xx-small;\"><br \/>\n<\/span><span style=\"font-size: xx-small;\"> <span style=\"color: #ff0000;\"> Mail<\/span><b>:<\/b><\/span><span style=\"font-size: xx-small;\"><a href=\"mailto:fernanda@quasarcomunicacion.com.ar\"> fernanda@quasarcomunicacion.com.ar<\/a><\/span><\/p>\n<\/td>\n<\/tr>\n<\/tbody>\n<\/table>\n<\/div>\n","protected":false},"excerpt":{"rendered":"<p>\u00a0La carrera de coaching ontol\u00f3gico de OMEN es un\u00a0 programa orientado tanto a personas que deseen ejercer como coaches como [&hellip;]<\/p>\n","protected":false},"author":2,"featured_media":8263,"comment_status":"open","ping_status":"open","sticky":false,"template":"","format":"standard","meta":[],"categories":[2],"tags":[],"_links":{"self":[{"href":"https:\/\/quasarcomunicacion.com.ar\/web\/wp-json\/wp\/v2\/posts\/8279"}],"collection":[{"href":"https:\/\/quasarcomunicacion.com.ar\/web\/wp-json\/wp\/v2\/posts"}],"about":[{"href":"https:\/\/quasarcomunicacion.com.ar\/web\/wp-json\/wp\/v2\/types\/post"}],"author":[{"embeddable":true,"href":"https:\/\/quasarcomunicacion.com.ar\/web\/wp-json\/wp\/v2\/users\/2"}],"replies":[{"embeddable":true,"href":"https:\/\/quasarcomunicacion.com.ar\/web\/wp-json\/wp\/v2\/comments?post=8279"}],"version-history":[{"count":0,"href":"https:\/\/quasarcomunicacion.com.ar\/web\/wp-json\/wp\/v2\/posts\/8279\/revisions"}],"wp:featuredmedia":[{"embeddable":true,"href":"https:\/\/quasarcomunicacion.com.ar\/web\/wp-json\/wp\/v2\/media\/8263"}],"wp:attachment":[{"href":"https:\/\/quasarcomunicacion.com.ar\/web\/wp-json\/wp\/v2\/media?parent=8279"}],"wp:term":[{"taxonomy":"category","embeddable":true,"href":"https:\/\/quasarcomunicacion.com.ar\/web\/wp-json\/wp\/v2\/categories?post=8279"},{"taxonomy":"post_tag","embeddable":true,"href":"https:\/\/quasarcomunicacion.com.ar\/web\/wp-json\/wp\/v2\/tags?post=8279"}],"curies":[{"name":"wp","href":"https:\/\/api.w.org\/{rel}","templated":true}]}}